{"id":87092,"date":"2025-11-14T13:33:11","date_gmt":"2025-11-14T13:33:11","guid":{"rendered":"https:\/\/www.europesays.com\/no\/87092\/"},"modified":"2025-11-14T13:33:11","modified_gmt":"2025-11-14T13:33:11","slug":"her-er-de-norske-stemmene-til-super-mario-galaxy-filmen","status":"publish","type":"post","link":"https:\/\/www.europesays.com\/no\/87092\/","title":{"rendered":"Her er de norske stemmene til \u00abSuper Mario Galaxy\u00bb-filmen"},"content":{"rendered":"<p>(PressFire.no): I g\u00e5r kom den f\u00f8rste traileren til \u00abSuper Mario Galaxy\u00bb-filmen, og med den ogs\u00e5 traileren med norsk tale.<\/p>\n<p>S\u00e5 godt som alle de norske stemmeskuespillerne gj\u00f8r comeback i den nye filmen, som har premiere i april neste \u00e5r.<\/p>\n<p>Christoffer Robin Omdahl og Victor Sotberg tar med andre ord igjen rollene som de bebartede r\u00f8rlegger-br\u00f8drene fra Brooklyn.<\/p>\n<p>Stinius Maurstad kommer inn med stemmen til Bowser Junior, som har en stor rolle i filmen \u2013 men det er fortsatt uavklart hvem som skal stemmelegge Rosalina p\u00e5 norsk.<\/p>\n<p>            Norske stemmer<\/p>\n<p>\n        Mario  &#8211; Christoffer Robin Omdahl<br \/>Luigi &#8211; Victor Sotberg<br \/>Peach &#8211; Gulla Nordmoen<br \/>Bowser &#8211; \u00d8yvind B. Lyse<br \/>Toad &#8211; Nahom Feshatzion<br \/>Kamek &#8211; Christoffer Staib<br \/>Lumalee &#8211; Indie Wigestrand Flinder<br \/>Bowser Jr. &#8211; Stinius Maurstad\n    <\/p>\n","protected":false},"excerpt":{"rendered":"(PressFire.no): I g\u00e5r kom den f\u00f8rste traileren til \u00abSuper Mario Galaxy\u00bb-filmen, og med den ogs\u00e5 traileren med norsk&hellip;\n","protected":false},"author":2,"featured_media":87093,"comment_status":"","ping_status":"","sticky":false,"template":"","format":"standard","meta":{"footnotes":""},"categories":[57],"tags":[30,28,29,65,63,64,66,70,69,67,68],"class_list":{"0":"post-87092","1":"post","2":"type-post","3":"status-publish","4":"format-standard","5":"has-post-thumbnail","7":"category-vitenskap-og-teknologi","8":"tag-no","9":"tag-norge","10":"tag-norway","11":"tag-science","12":"tag-science-and-technology","13":"tag-scienceandtechnology","14":"tag-technology","15":"tag-teknologi","16":"tag-vitenskap","17":"tag-vitenskap-og-teknologi","18":"tag-vitenskapteknologi"},"share_on_mastodon":{"url":"https:\/\/pubeurope.com\/@no\/115548310937557839","error":""},"_links":{"self":[{"href":"https:\/\/www.europesays.com\/no\/wp-json\/wp\/v2\/posts\/87092","targetHints":{"allow":["GET"]}}],"collection":[{"href":"https:\/\/www.europesays.com\/no\/wp-json\/wp\/v2\/posts"}],"about":[{"href":"https:\/\/www.europesays.com\/no\/wp-json\/wp\/v2\/types\/post"}],"author":[{"embeddable":true,"href":"https:\/\/www.europesays.com\/no\/wp-json\/wp\/v2\/users\/2"}],"replies":[{"embeddable":true,"href":"https:\/\/www.europesays.com\/no\/wp-json\/wp\/v2\/comments?post=87092"}],"version-history":[{"count":0,"href":"https:\/\/www.europesays.com\/no\/wp-json\/wp\/v2\/posts\/87092\/revisions"}],"wp:featuredmedia":[{"embeddable":true,"href":"https:\/\/www.europesays.com\/no\/wp-json\/wp\/v2\/media\/87093"}],"wp:attachment":[{"href":"https:\/\/www.europesays.com\/no\/wp-json\/wp\/v2\/media?parent=87092"}],"wp:term":[{"taxonomy":"category","embeddable":true,"href":"https:\/\/www.europesays.com\/no\/wp-json\/wp\/v2\/categories?post=87092"},{"taxonomy":"post_tag","embeddable":true,"href":"https:\/\/www.europesays.com\/no\/wp-json\/wp\/v2\/tags?post=87092"}],"curies":[{"name":"wp","href":"https:\/\/api.w.org\/{rel}","templated":true}]}}