{"id":87095,"date":"2025-11-14T13:37:13","date_gmt":"2025-11-14T13:37:13","guid":{"rendered":"https:\/\/www.europesays.com\/no\/87095\/"},"modified":"2025-11-14T13:37:13","modified_gmt":"2025-11-14T13:37:13","slug":"mdg-statsbudsjett-mdgs-budsjett-vil-oke-skatter-og-avgifter-med-20-milliarder","status":"publish","type":"post","link":"https:\/\/www.europesays.com\/no\/87095\/","title":{"rendered":"MDG, Statsbudsjett | MDGs budsjett: Vil \u00f8ke skatter og avgifter med 20 milliarder"},"content":{"rendered":"\n<p>\u2013 Alt ligger til rette for at vi skal f\u00e5 gjort store grep med norsk milj\u00f8politikk for alltid, sier MDGs nestleder og finanspolitiske talsperson Ingrid Liland.<\/p>\n<p>Bare timer f\u00f8r de fire samarbeidspartene skal m\u00f8te Arbeiderpartiet til forhandlinger om neste \u00e5rs statsbudsjett, la et MDG struttende av selvtillit fram sitt alternative statsbudsjett.<\/p>\n<p>    Vil du se neste video?<\/p>\n<p>    <a href=\"https:\/\/www.nettavisen.no\/nyheter\/hellstrom-slik-steker-du-biff\/v\/5-95-2715973\" class=\"recommend-poster\" data-adp-clicklabel=\"video-recommend\" data-adp-clickvalue=\"poster\" rel=\"nofollow noopener\" target=\"_blank\"><br \/>\n      <img decoding=\"async\" width=\"200\" height=\"200\" loading=\"lazy\" src=\"https:\/\/www.europesays.com\/no\/wp-content\/uploads\/2025\/11\/1763127433_845_Hellstr\u00f8m splitt.jpg\" alt=\"\" class=\"brick-c-cFOWSL\" style=\"--brick-image-ratio: 200 \/ 200;\"\/><\/p>\n<p>Hellstr\u00f8m om biffsteking: \u2013 Den st\u00f8rste feilen1:38<\/p>\n<p>    <\/a><\/p>\n<p>Ikke uventet vil milj\u00f8partiet g\u00e5r til forhandlingene med en rekke krav knyttet til norsk petroleumsindustri, blant annet et forslag om \u00e5 innf\u00f8re en produksjonsavgift p\u00e5 4,5 milliarder for alle selskaper p\u00e5 norsk sokkel.<\/p>\n<p>Videre g\u00e5r MDG til forhandlingene med fem hovedkrav krav som g\u00e5r p\u00e5 \u00e5 l\u00f8fte kollektivtransporten, planlegge utfasing av oljen, naturvern, bekjemping av fattigdom og utenforskap i Norge, og hjelp til Gaza, Sudan og Ukraina.<\/p>\n<p>   <img decoding=\"async\" width=\"8640\" height=\"5760\" fetchpriority=\"low\"  loading=\"lazy\"  src=\"https:\/\/www.europesays.com\/no\/wp-content\/uploads\/2025\/11\/cueres_scp-kopwxy_61-9kOpw3XY.jpg\" alt=\"Oslo 20251114. &#10;Partileder Arild Hermstad og nestleder Ingrid Liland legger frem MDGs alternative statsbudsjett.&#10;Foto: Ole Berg-Rusten \/ NTB\" class=\"brick-c-cFOWSL\" style=\"--brick-image-ratio: 8640 \/ 5760;\"\/><\/p>\n<p>      GR\u00d8NNER P\u00c5: Partileder Arild Hermstad og nestleder Ingrid Liland legger frem MDGs alternative statsbudsjett.<br \/>\n      Foto: Ole Berg-Rusten\n    <\/p>\n<p>If\u00f8lge budsjettet vil de totale skattene og avgiftene \u00f8ke med 20 milliarder.<\/p>\n<p>Selve presentasjonen av budsjettet skjedde med symbolsk planting av urter oppe p\u00e5 en oljet\u00f8nne og med servering av tutti-fruttikake.<\/p>\n<p>\u2013 Vi har tenkt \u00e5 naile et gr\u00f8nnere statsbudsjett, sa partileder Arild Hermstad, tydelig stolt over dokumentet han kunne legge fram.<\/p>\n<p>\u2013 Dette budsjettet er slik Norge ville sett ut dersom vi hadde all makt og innflytelse, og en oppskrift p\u00e5 hvordan vi kan sikre folk som lever i dag og de som kommer etter oss, sa Hermstad videre.<\/p>\n<p>(\u00a9NTB)<\/p>\n","protected":false},"excerpt":{"rendered":"\u2013 Alt ligger til rette for at vi skal f\u00e5 gjort store grep med norsk milj\u00f8politikk for alltid,&hellip;\n","protected":false},"author":2,"featured_media":87096,"comment_status":"","ping_status":"","sticky":false,"template":"","format":"standard","meta":{"footnotes":""},"categories":[5],"tags":[20,21,24,25,15,19,22,23,17,18,13,30,28,29,14,16,26,27],"class_list":{"0":"post-87095","1":"post","2":"type-post","3":"status-publish","4":"format-standard","5":"has-post-thumbnail","7":"category-overskrifter","8":"tag-breaking-news","9":"tag-breakingnews","10":"tag-featured-news","11":"tag-featurednews","12":"tag-headlines","13":"tag-hovedoppslag","14":"tag-latest-news","15":"tag-latestnews","16":"tag-main-news","17":"tag-mainnews","18":"tag-news","19":"tag-no","20":"tag-norge","21":"tag-norway","22":"tag-nyheter","23":"tag-overskrifter","24":"tag-top-stories","25":"tag-topstories"},"share_on_mastodon":{"url":"https:\/\/pubeurope.com\/@no\/115548326814846461","error":""},"_links":{"self":[{"href":"https:\/\/www.europesays.com\/no\/wp-json\/wp\/v2\/posts\/87095","targetHints":{"allow":["GET"]}}],"collection":[{"href":"https:\/\/www.europesays.com\/no\/wp-json\/wp\/v2\/posts"}],"about":[{"href":"https:\/\/www.europesays.com\/no\/wp-json\/wp\/v2\/types\/post"}],"author":[{"embeddable":true,"href":"https:\/\/www.europesays.com\/no\/wp-json\/wp\/v2\/users\/2"}],"replies":[{"embeddable":true,"href":"https:\/\/www.europesays.com\/no\/wp-json\/wp\/v2\/comments?post=87095"}],"version-history":[{"count":0,"href":"https:\/\/www.europesays.com\/no\/wp-json\/wp\/v2\/posts\/87095\/revisions"}],"wp:featuredmedia":[{"embeddable":true,"href":"https:\/\/www.europesays.com\/no\/wp-json\/wp\/v2\/media\/87096"}],"wp:attachment":[{"href":"https:\/\/www.europesays.com\/no\/wp-json\/wp\/v2\/media?parent=87095"}],"wp:term":[{"taxonomy":"category","embeddable":true,"href":"https:\/\/www.europesays.com\/no\/wp-json\/wp\/v2\/categories?post=87095"},{"taxonomy":"post_tag","embeddable":true,"href":"https:\/\/www.europesays.com\/no\/wp-json\/wp\/v2\/tags?post=87095"}],"curies":[{"name":"wp","href":"https:\/\/api.w.org\/{rel}","templated":true}]}}