{"id":87099,"date":"2025-11-14T13:44:09","date_gmt":"2025-11-14T13:44:09","guid":{"rendered":"https:\/\/www.europesays.com\/no\/87099\/"},"modified":"2025-11-14T13:44:09","modified_gmt":"2025-11-14T13:44:09","slug":"marius-borg-hoiby-tapte-i-retten-omstridt-bok-blir-ikke-stanset","status":"publish","type":"post","link":"https:\/\/www.europesays.com\/no\/87099\/","title":{"rendered":"Marius Borg H\u00f8iby tapte i retten \u2013 omstridt bok blir ikke stanset"},"content":{"rendered":"<p class=\"extendedContent hyperion-css-eyn926\" data-test-tag=\"lead-text\">Marius Borg H\u00f8iby og hans forsvarere gikk rettens vei for \u00e5 f\u00e5 boken \u00abHvite striper, sorte f\u00e5r\u00bb stanset, men fikk ikke medhold i Oslo tingrett.<\/p>\n<p><img decoding=\"async\" class=\"image-asset hyperion-css-u06ts1\" data-test-tag=\"image-asset\" src=\"https:\/\/www.europesays.com\/no\/wp-content\/uploads\/2025\/11\/21beeea2-c269-4557-ab96-6140170d2828\"  alt=\"Den mye omtalte H\u00f8iby-boken er skrevet av n\u00e5v\u00e6rende og tidligere Dagbladet-journalister Torgeir Krokfjord og \u00d8istein Monsen.\"  loading=\"eager\" fetchpriority=\"high\" style=\"aspect-ratio:2048 \/ 1366\"\/>Den mye omtalte H\u00f8iby-boken er skrevet av n\u00e5v\u00e6rende og tidligere Dagbladet-journalister Torgeir Krokfjord og \u00d8istein Monsen. Foto:  Thomas Fure \/ NTB<\/p>\n<p class=\"paywall hyperion-css-1j42uic\"> Det melder TV 2 og VG.<\/p>\n<p class=\"paywall hyperion-css-1j42uic\">\u2013 VI har nettopp mottatt avgj\u00f8relsen. Det er en grundig avgj\u00f8relse hvor hensynet til ytringsfriheten er utslagsgivende. Det er etter Aschehougs syn utvilsomt en riktig vurdering, sier Aschehougs advokat J\u00f8rgen Vangsnes til TV 2.<\/p>\n<p class=\"hyperion-css-1qm9e9t\">Les hele saken med abonnement<\/p>\n<p>Allerede abonnent? Logg inn<\/p>\n","protected":false},"excerpt":{"rendered":"Marius Borg H\u00f8iby og hans forsvarere gikk rettens vei for \u00e5 f\u00e5 boken \u00abHvite striper, sorte f\u00e5r\u00bb stanset,&hellip;\n","protected":false},"author":2,"featured_media":87100,"comment_status":"","ping_status":"","sticky":false,"template":"","format":"standard","meta":{"footnotes":""},"categories":[10],"tags":[20,21,24,25,15,22,23,13,30,28,29,14,16,26,27],"class_list":{"0":"post-87099","1":"post","2":"type-post","3":"status-publish","4":"format-standard","5":"has-post-thumbnail","7":"category-norge","8":"tag-breaking-news","9":"tag-breakingnews","10":"tag-featured-news","11":"tag-featurednews","12":"tag-headlines","13":"tag-latest-news","14":"tag-latestnews","15":"tag-news","16":"tag-no","17":"tag-norge","18":"tag-norway","19":"tag-nyheter","20":"tag-overskrifter","21":"tag-top-stories","22":"tag-topstories"},"share_on_mastodon":{"url":"https:\/\/pubeurope.com\/@no\/115548354422548579","error":""},"_links":{"self":[{"href":"https:\/\/www.europesays.com\/no\/wp-json\/wp\/v2\/posts\/87099","targetHints":{"allow":["GET"]}}],"collection":[{"href":"https:\/\/www.europesays.com\/no\/wp-json\/wp\/v2\/posts"}],"about":[{"href":"https:\/\/www.europesays.com\/no\/wp-json\/wp\/v2\/types\/post"}],"author":[{"embeddable":true,"href":"https:\/\/www.europesays.com\/no\/wp-json\/wp\/v2\/users\/2"}],"replies":[{"embeddable":true,"href":"https:\/\/www.europesays.com\/no\/wp-json\/wp\/v2\/comments?post=87099"}],"version-history":[{"count":0,"href":"https:\/\/www.europesays.com\/no\/wp-json\/wp\/v2\/posts\/87099\/revisions"}],"wp:featuredmedia":[{"embeddable":true,"href":"https:\/\/www.europesays.com\/no\/wp-json\/wp\/v2\/media\/87100"}],"wp:attachment":[{"href":"https:\/\/www.europesays.com\/no\/wp-json\/wp\/v2\/media?parent=87099"}],"wp:term":[{"taxonomy":"category","embeddable":true,"href":"https:\/\/www.europesays.com\/no\/wp-json\/wp\/v2\/categories?post=87099"},{"taxonomy":"post_tag","embeddable":true,"href":"https:\/\/www.europesays.com\/no\/wp-json\/wp\/v2\/tags?post=87099"}],"curies":[{"name":"wp","href":"https:\/\/api.w.org\/{rel}","templated":true}]}}