{"id":87107,"date":"2025-11-14T13:52:20","date_gmt":"2025-11-14T13:52:20","guid":{"rendered":"https:\/\/www.europesays.com\/no\/87107\/"},"modified":"2025-11-14T13:52:20","modified_gmt":"2025-11-14T13:52:20","slug":"mosjoen-nordland-naermer-seg-en-historisk-milepael-for-nordland-god-tro-pa-at-vi-far-statusen","status":"publish","type":"post","link":"https:\/\/www.europesays.com\/no\/87107\/","title":{"rendered":"Mosj\u00f8en, Nordland | N\u00e6rmer seg en historisk milep\u00e6l for Nordland: \u2013 God tro p\u00e5 at vi f\u00e5r statusen"},"content":{"rendered":"\n<p>&#8211; Dette er bare starten, og hvis vi f\u00e5r statusen er det bare \u00e5 kj\u00f8re p\u00e5 videre, sier Katrine Remmen Wiken, prosjektleder i Nordnorsk Kompetansesenter MAT (NKMAT).<\/p>\n<p>Denne uken har NKMAT v\u00e6rt vertskap for en jury fra International Institute of Gastronomy, Culture, Arts and Tourism (IGCAT). De har bes\u00f8kt Kvitnes g\u00e5rd i Vester\u00e5len, flere steder i Lofoten, Utskarpen i Mo i Rana og s\u00e5 Mosj\u00f8en.<\/p>\n<p>Reisen avsluttes i Bod\u00f8, fredag 14. november. Da skal det nemlig kunngj\u00f8res hvem som f\u00e5r status som \u00abEuropean Region of Gastronomy 2028\u00bb<\/p>\n<p>\u2013 Hvis vi vinner skal jeg feire med \u00e5 sove, for det har v\u00e6rt noen hektiske dager. S\u00e5 blir det bare \u00e5 starte jobbingen p\u00e5 neste fase, forteller Wiken.<\/p>\n<p>   <img decoding=\"async\" width=\"5935\" height=\"3884\" fetchpriority=\"low\"  loading=\"lazy\"  src=\"https:\/\/www.europesays.com\/no\/wp-content\/uploads\/2025\/11\/IMG_0787.jpg\" alt=\"\" class=\"brick-c-cFOWSL\" style=\"--brick-image-ratio: 5935 \/ 3884;\"\/><\/p>\n<p>      KURS: Det jobbes mye rekruttering til landsbuksskolen i Marka, og her f\u00e5r ungdomsskoleelever smake p\u00e5 sj\u00f8mat. Sj\u00f8matkurset er st\u00f8ttet av Norges R\u00e5fisklag og God fisk.<br \/>\n      Foto: Synne Svendsen\n    <\/p>\n<p>  \u2013 Veldig imponert<\/p>\n<p>European Region of Gastronomy (europeisk mathovedstad) er et europeisk program i regi av IGCAT. Programmet skal bidra til \u00e5 synliggj\u00f8re regional kultur og mattradisjon internasjonalt, skape utvikling i regionen og bygge regional identitet og stolthet.<\/p>\n<p>NKMAT har ledet prosjektet \u00abNordland som European Region of Gastronomy\u00bb de to siste \u00e5rene. For status\u00e5ret 2028 er det Nordland og Banat i Romania som er aktuelle som mathovedstad.<\/p>\n<p>Wiken har en god f\u00f8lelse p\u00e5 at de klarer \u00e5 lande statusen som europeisk mathovedstad.<\/p>\n<p>\u2013 Jeg har god tro p\u00e5 at vi f\u00e5r statusen. Inntrykket fra juryen er at de er veldig forn\u00f8yd. F\u00f8rsteinntrykket deres var nordlyset p\u00e5 Kvitnes g\u00e5rd, s\u00e5 det satte nok standeren for resten av reisen i Nordland.<\/p>\n<p>   <img decoding=\"async\" width=\"6000\" height=\"4000\" fetchpriority=\"low\"  loading=\"lazy\"  src=\"https:\/\/www.europesays.com\/no\/wp-content\/uploads\/2025\/11\/IMG_0791.jpg\" alt=\"\" class=\"brick-c-cFOWSL\" style=\"--brick-image-ratio: 6000 \/ 4000;\"\/><\/p>\n<p>      SUKSESS: Katrine Remmen Wiken, prosjektleder i Nordnorsk Kompetansesenter MAT, er stolt av hva de har f\u00e5tt gjennomf\u00f8rt de siste \u00e5rene.<br \/>\n      Foto: Synne Svendsen\n    <\/p>\n<p>  I Mosj\u00f8en<\/p>\n<p>\u2013 I Mosj\u00f8en har vi bygget p\u00e5 hovedfokus p\u00e5 utdanning, rekruttering og folkehelse, sier Katrine Remmen Wiken.<\/p>\n<p>Nordnorsk Kompetansesenter MAT hadde juryen p\u00e5 bes\u00f8k i Mosj\u00f8en 13. november.<\/p>\n<p>Bes\u00f8ket startet med en omvisning p\u00e5 landbruksskolen p\u00e5 Marka, hvor det ble holdt et sj\u00f8matkurs med elever fra ungdomsskolen, s\u00e5 juryen fikk se p\u00e5 elevene jobbe med fisk.<\/p>\n<p>Deretter ble det en tur i Sj\u00f8gata, hvor juryen h\u00f8rte om historien til Mosj\u00f8en, spiste lunsj p\u00e5 Huset i gato og fikk omvisning p\u00e5 Barthbryggo.<\/p>\n<p>\u2013 Siste stoppet var Kirkens Bymisjon, for de gj\u00f8r s\u00e5 mye fint med mat og har skapt en inkluderende arena som samler mennesker rundt matbordet, forteller Wiken.<\/p>\n<p>   <img decoding=\"async\" width=\"5676\" height=\"3855\" fetchpriority=\"low\"  loading=\"lazy\"  src=\"https:\/\/www.europesays.com\/no\/wp-content\/uploads\/2025\/11\/IMG_0780.jpg\" alt=\"\" class=\"brick-c-cFOWSL\" style=\"--brick-image-ratio: 5676 \/ 3855;\"\/><\/p>\n<p>      PRESENTASJON: Her f\u00e5r juryen presentasjon fra en l\u00e6rer ved Nordnorsk fagskole. Juryen hadde mange sp\u00f8rsm\u00e5l til utdanningsl\u00f8pet ved restaurant og matfag.<br \/>\n      Foto: Synne Svendsen\n    <\/p>\n<p>  \u2013 Utvikling<\/p>\n<p>\u2013 Det er en stor prosess med \u00e5 levere s\u00f8knaden. Det er ikke s\u00e5 stor konkurranse, men det er fordi det er ganske strenge krav som m\u00e5 oppfylles, understreker Wiken.<\/p>\n<p>\u2013 Hva vil det bety hvis Nordland f\u00e5r statusen som europeisk mathovedstad?<\/p>\n<p>\u2013 Det vil bety en utvikling i hele sektoren, og vil gi mye positiv oppmerksomhet. Det er et samfunnsutviklingsprosjekt, hvor maten og kulturen er motoren inn i det. Det er definitiv med p\u00e5 \u00e5 skape en stolthet over Nordland.<\/p>\n<p>Dersom Nordland f\u00e5r statusen kommer NKMAT i Mosj\u00f8en til \u00e5 jobbe mye fram mot status\u00e5ret 2028, og kan allerede opplyse om at de kommer til \u00e5 gjennomf\u00f8re en \u00abEuropean Young Chef\u00bb konkurranse.<\/p>\n<p>  <a href=\"https:\/\/www.helg.no\/5-24-1099141\" class=\"related-teaser has-image default-story-teaser article--c-eRUmMG article--c-eRUmMG-jKCPdD-design-default\" rel=\"nofollow noopener\" target=\"_blank\"><\/p>\n<p>    <img decoding=\"async\" loading=\"lazy\"  src=\"https:\/\/www.europesays.com\/no\/wp-content\/uploads\/2025\/11\/IMG_1577_1.jpeg\" alt=\"\" class=\"brick-c-cFOWSL\" style=\"\"\/><\/p>\n<p>\n            Les ogs\u00e5<\/p>\n<p>              Vant internasjonal pris i Barcelona: \u2013 God m\u00e5te \u00e5 vise hva skolen gj\u00f8r\n        <\/p>\n<p>  <\/a><\/p>\n<p>  <a href=\"https:\/\/www.helg.no\/5-24-1095798\" class=\"related-teaser has-image default-story-teaser article--c-eRUmMG article--c-eRUmMG-jKCPdD-design-default\" rel=\"nofollow noopener\" target=\"_blank\"><\/p>\n<p>    <img decoding=\"async\" loading=\"lazy\"  src=\"https:\/\/www.europesays.com\/no\/wp-content\/uploads\/2025\/11\/Bj%C3%B8rn+Larsen+og+Guro+Larsen+Brown.jpg\" alt=\"\" class=\"brick-c-cFOWSL\" style=\"\"\/><\/p>\n<p>\n            Les ogs\u00e5<\/p>\n<p>              Nordland p\u00e5 kartet med millionprosjekt i Mosj\u00f8en: &#8211; Vi har ikke bare gr\u00e5stein\n        <\/p>\n<p>  <\/a><\/p>\n<p>  <a href=\"https:\/\/www.helg.no\/5-24-959936\" class=\"related-teaser has-image default-story-teaser article--c-eRUmMG article--c-eRUmMG-jKCPdD-design-default\" rel=\"nofollow noopener\" target=\"_blank\"><\/p>\n<p>    <img decoding=\"async\" loading=\"lazy\"  src=\"https:\/\/www.europesays.com\/no\/wp-content\/uploads\/2025\/11\/IMG07662.jpg\" alt=\"\" class=\"brick-c-cFOWSL\" style=\"\"\/><\/p>\n<p>\n            Les ogs\u00e5<\/p>\n<p>              Bevilger 600.000 til stort prosjekt: \u2013 Nordnorsk mat er gull, vi behandler den som gr\u00e5stein\n        <\/p>\n<p>  <\/a><\/p>\n","protected":false},"excerpt":{"rendered":"&#8211; Dette er bare starten, og hvis vi f\u00e5r statusen er det bare \u00e5 kj\u00f8re p\u00e5 videre, sier&hellip;\n","protected":false},"author":2,"featured_media":87108,"comment_status":"","ping_status":"","sticky":false,"template":"","format":"standard","meta":{"footnotes":""},"categories":[5],"tags":[36,20,21,24,25,15,19,22,23,17,18,1068,62,13,30,687,28,29,14,16,805,1510,26,27,1203],"class_list":{"0":"post-87107","1":"post","2":"type-post","3":"status-publish","4":"format-standard","5":"has-post-thumbnail","7":"category-overskrifter","8":"tag-art","9":"tag-breaking-news","10":"tag-breakingnews","11":"tag-featured-news","12":"tag-featurednews","13":"tag-headlines","14":"tag-hovedoppslag","15":"tag-latest-news","16":"tag-latestnews","17":"tag-main-news","18":"tag-mainnews","19":"tag-mosjoen","20":"tag-naeringsliv","21":"tag-news","22":"tag-no","23":"tag-nordland","24":"tag-norge","25":"tag-norway","26":"tag-nyheter","27":"tag-overskrifter","28":"tag-skole-og-utdanning","29":"tag-story","30":"tag-top-stories","31":"tag-topstories","32":"tag-vefsn"},"share_on_mastodon":{"url":"https:\/\/pubeurope.com\/@no\/115548385710752374","error":""},"_links":{"self":[{"href":"https:\/\/www.europesays.com\/no\/wp-json\/wp\/v2\/posts\/87107","targetHints":{"allow":["GET"]}}],"collection":[{"href":"https:\/\/www.europesays.com\/no\/wp-json\/wp\/v2\/posts"}],"about":[{"href":"https:\/\/www.europesays.com\/no\/wp-json\/wp\/v2\/types\/post"}],"author":[{"embeddable":true,"href":"https:\/\/www.europesays.com\/no\/wp-json\/wp\/v2\/users\/2"}],"replies":[{"embeddable":true,"href":"https:\/\/www.europesays.com\/no\/wp-json\/wp\/v2\/comments?post=87107"}],"version-history":[{"count":0,"href":"https:\/\/www.europesays.com\/no\/wp-json\/wp\/v2\/posts\/87107\/revisions"}],"wp:featuredmedia":[{"embeddable":true,"href":"https:\/\/www.europesays.com\/no\/wp-json\/wp\/v2\/media\/87108"}],"wp:attachment":[{"href":"https:\/\/www.europesays.com\/no\/wp-json\/wp\/v2\/media?parent=87107"}],"wp:term":[{"taxonomy":"category","embeddable":true,"href":"https:\/\/www.europesays.com\/no\/wp-json\/wp\/v2\/categories?post=87107"},{"taxonomy":"post_tag","embeddable":true,"href":"https:\/\/www.europesays.com\/no\/wp-json\/wp\/v2\/tags?post=87107"}],"curies":[{"name":"wp","href":"https:\/\/api.w.org\/{rel}","templated":true}]}}