{"id":87213,"date":"2025-11-14T16:25:18","date_gmt":"2025-11-14T16:25:18","guid":{"rendered":"https:\/\/www.europesays.com\/no\/87213\/"},"modified":"2025-11-14T16:25:18","modified_gmt":"2025-11-14T16:25:18","slug":"innsendt-kultur-252-ars-musikalsk-kompetanse-har-konsert-pa-alles-kulturhus","status":"publish","type":"post","link":"https:\/\/www.europesays.com\/no\/87213\/","title":{"rendered":"Innsendt, Kultur | 252 \u00e5rs musikalsk kompetanse har konsert p\u00e5 Alles kulturhus"},"content":{"rendered":"\n<p>Eldstemann, \u2013 festlegen Rolf Erik Gilhuus, er kvartettens faste pianist. Han synger vakkert og elsker jazziga toner, b\u00e5de vokalt og melodi\u00f8st. Han er n\u00e5 78 \u00e5r gammel, men sangstemme og fingre er fortsatt unge og spenstige. Han er en crooner og trives i rampelyset med sm\u00e5 frekke historier mellom l\u00e5tene.<\/p>\n<p>Bassist og lydmann Tormod Aune har nettopp hatt jubileum og kan legge inn 75 \u00e5r i den totale alderen. Enten han trakterer kontrabass eller elbassen avleverer han lyd som er perfeksjonistisk. Slik har Tormod Aune jobbet med lyd i hele hans liv. Er ikke forn\u00f8yd f\u00f8r det er ett hundre prosent korrekt.<\/p>\n<p>Remi Fagereng, l\u00e6rer p\u00e5 musikklinja p\u00e5 Ringerike videreg\u00e5ende skole og underviser i rytme, trommer og percussion. Det er mye rytme i denne unggutten som drar ned gjennomsnittsalderen. Remi er kun 53 \u00e5r gammel, men har en musikalsk CV som mange kan dr\u00f8mme om. Lokalt p\u00e5 Ringerike kjenner vi ham som trommeslageren som st\u00f8dig holder takten til all slags musikk, p\u00e5 H\u00f8nefossrevyen, til Fosserock, til Jailhouse Rock og en masse andre oppsetninger. Han har ogs\u00e5 spilt sammen med en rekke andre norske musikere og band.<\/p>\n<p>Vokalist og sanger Benthe Lie (66 \u00e5r) har sunget sammen med Tormod og Rolf Erik siden det, igjennom tidene, flotteste vinter-OL ble arrangert p\u00e5 Lillehammer. Med andre ord, de har turnert sammen siden 1994 lokal og nasjonalt, og p\u00e5 en rekke scener \u2013 og har trollbundet publikum med melodi\u00f8se og kjente jazzl\u00e5ter, blues og viser. Benthe spiller p\u00e5 et enormt vokalt register over flere oktaver med dype toner nede i bassregisteret. Hun har sunget i Stavanger Gospel Choir som solist og korist. Hun ble oppdaget i sin tidlige ungdom av den kjente trommisen Erik Smith fra H\u00f8nefoss og siden den gang har hun beveget mange med hennes vakre r\u00f8st.<\/p>\n<p>L\u00f8rdag ettermiddag den 15. november regner vi med at det blir fort fylt opp p\u00e5 Alles kulturhus. <\/p>\n<p>Det blir \u00abL\u00f8rdagsgodt\u00bb for \u00f8reganger og rytmefoten og sp\u00f8rs om ikke g\u00e5sehudf\u00f8lelsen kommer. <\/p>\n","protected":false},"excerpt":{"rendered":"Eldstemann, \u2013 festlegen Rolf Erik Gilhuus, er kvartettens faste pianist. Han synger vakkert og elsker jazziga toner, b\u00e5de&hellip;\n","protected":false},"author":2,"featured_media":87214,"comment_status":"","ping_status":"","sticky":false,"template":"","format":"standard","meta":{"footnotes":""},"categories":[58],"tags":[11559,36,71,683,155,410,30,28,29,1510,72],"class_list":{"0":"post-87213","1":"post","2":"type-post","3":"status-publish","4":"format-standard","5":"has-post-thumbnail","7":"category-underholdning","8":"tag-alles-kulturhus","9":"tag-art","10":"tag-entertainment","11":"tag-innsendt","12":"tag-konsert","13":"tag-kultur","14":"tag-no","15":"tag-norge","16":"tag-norway","17":"tag-story","18":"tag-underholdning"},"share_on_mastodon":{"url":"https:\/\/pubeurope.com\/@no\/115548987251087006","error":""},"_links":{"self":[{"href":"https:\/\/www.europesays.com\/no\/wp-json\/wp\/v2\/posts\/87213","targetHints":{"allow":["GET"]}}],"collection":[{"href":"https:\/\/www.europesays.com\/no\/wp-json\/wp\/v2\/posts"}],"about":[{"href":"https:\/\/www.europesays.com\/no\/wp-json\/wp\/v2\/types\/post"}],"author":[{"embeddable":true,"href":"https:\/\/www.europesays.com\/no\/wp-json\/wp\/v2\/users\/2"}],"replies":[{"embeddable":true,"href":"https:\/\/www.europesays.com\/no\/wp-json\/wp\/v2\/comments?post=87213"}],"version-history":[{"count":0,"href":"https:\/\/www.europesays.com\/no\/wp-json\/wp\/v2\/posts\/87213\/revisions"}],"wp:featuredmedia":[{"embeddable":true,"href":"https:\/\/www.europesays.com\/no\/wp-json\/wp\/v2\/media\/87214"}],"wp:attachment":[{"href":"https:\/\/www.europesays.com\/no\/wp-json\/wp\/v2\/media?parent=87213"}],"wp:term":[{"taxonomy":"category","embeddable":true,"href":"https:\/\/www.europesays.com\/no\/wp-json\/wp\/v2\/categories?post=87213"},{"taxonomy":"post_tag","embeddable":true,"href":"https:\/\/www.europesays.com\/no\/wp-json\/wp\/v2\/tags?post=87213"}],"curies":[{"name":"wp","href":"https:\/\/api.w.org\/{rel}","templated":true}]}}