{"id":87215,"date":"2025-11-14T16:27:42","date_gmt":"2025-11-14T16:27:42","guid":{"rendered":"https:\/\/www.europesays.com\/no\/87215\/"},"modified":"2025-11-14T16:27:42","modified_gmt":"2025-11-14T16:27:42","slug":"luster-okonomi-og-naeringsliv-coop-nordvest-klare-for-ny-butikketablering-i-gaupne-me-hapar-kommunen-far-pa-plass-sentrumsplanen-raskt","status":"publish","type":"post","link":"https:\/\/www.europesays.com\/no\/87215\/","title":{"rendered":"Luster, \u00d8konomi og n\u00e6ringsliv | Coop Nordvest klare for ny butikketablering i Gaupne: \u2013 Me h\u00e5par kommunen f\u00e5r p\u00e5 plass sentrumsplanen raskt"},"content":{"rendered":"\n<p>Coop Nordvest opplyser at avtalen legg grunnlaget for ein st\u00f8rre omstrukturering av handelen i sentrum.<\/p>\n<p>Selskapet skriv i ei pressemelding fredag at planane er avhengige av at Luster kommune vedtek ny sentrumsplan.<\/p>\n<p>\u2013 Me er n\u00f8gde med \u00e5 ha kome til semje med Fuhr Bygg AS. Dette er ein viktig milep\u00e6l for oss, og me er klare til \u00e5 setja i gang s\u00e5 snart kommunen har gjort sitt vedtak, seier Lars Ove Breivik, eigedomsdirekt\u00f8r i Coop Nordvest. <\/p>\n<p>Planane inneber at eksisterande Byggmix Gaupne skal rivast, og at det blir bygd ein heilt ny Extra-butikk. N\u00e5r Extra st\u00e5r ferdig, vil drifta flyttast dit f\u00f8r dagens Prix-butikk blir riven. <\/p>\n<p>P\u00e5 den m\u00e5ten blir butikkdrifta oppretthalden gjennom heile byggjeperioden.<\/p>\n<p>\u2013 Me har jobba lenge med \u00e5 finna gode l\u00f8ysingar som b\u00e5de tek vare p\u00e5 sentrumsutviklinga og gir eit betre tilbod til kundane v\u00e5re. No er me klare til \u00e5 setja i gang. Me h\u00e5par kommunen f\u00e5r p\u00e5 plass sentrumsplanen raskt, slik at me kan bidra til \u00e5 gje Gaupne sentrum det l\u00f8ftet det fortener, seier Breivik.<\/p>\n<p>\u2013 Coop Nordvest ser fram til \u00e5 realisera prosjektet i samarbeid med lokale akt\u00f8rar, og me meiner etableringa av Extra vil vera eit tydeleg vegskilje for Gaupne sentrum \u2013 b\u00e5de for handel og lokal utvikling, seier administrerande direkt\u00f8r i Coop Nordvest, Arild S\u00f8rlien. <\/p>\n","protected":false},"excerpt":{"rendered":"Coop Nordvest opplyser at avtalen legg grunnlaget for ein st\u00f8rre omstrukturering av handelen i sentrum. Selskapet skriv i&hellip;\n","protected":false},"author":2,"featured_media":87216,"comment_status":"","ping_status":"","sticky":false,"template":"","format":"standard","meta":{"footnotes":""},"categories":[56],"tags":[36,60,1749,61,3523,110,62,30,28,29,216,1510],"class_list":{"0":"post-87215","1":"post","2":"type-post","3":"status-publish","4":"format-standard","5":"has-post-thumbnail","7":"category-naeringsliv","8":"tag-art","9":"tag-business","10":"tag-coop","11":"tag-economy","12":"tag-handel","13":"tag-luster","14":"tag-naeringsliv","15":"tag-no","16":"tag-norge","17":"tag-norway","18":"tag-okonomi-og-naeringsliv","19":"tag-story"},"share_on_mastodon":{"url":"https:\/\/pubeurope.com\/@no\/115548995168251214","error":""},"_links":{"self":[{"href":"https:\/\/www.europesays.com\/no\/wp-json\/wp\/v2\/posts\/87215","targetHints":{"allow":["GET"]}}],"collection":[{"href":"https:\/\/www.europesays.com\/no\/wp-json\/wp\/v2\/posts"}],"about":[{"href":"https:\/\/www.europesays.com\/no\/wp-json\/wp\/v2\/types\/post"}],"author":[{"embeddable":true,"href":"https:\/\/www.europesays.com\/no\/wp-json\/wp\/v2\/users\/2"}],"replies":[{"embeddable":true,"href":"https:\/\/www.europesays.com\/no\/wp-json\/wp\/v2\/comments?post=87215"}],"version-history":[{"count":0,"href":"https:\/\/www.europesays.com\/no\/wp-json\/wp\/v2\/posts\/87215\/revisions"}],"wp:featuredmedia":[{"embeddable":true,"href":"https:\/\/www.europesays.com\/no\/wp-json\/wp\/v2\/media\/87216"}],"wp:attachment":[{"href":"https:\/\/www.europesays.com\/no\/wp-json\/wp\/v2\/media?parent=87215"}],"wp:term":[{"taxonomy":"category","embeddable":true,"href":"https:\/\/www.europesays.com\/no\/wp-json\/wp\/v2\/categories?post=87215"},{"taxonomy":"post_tag","embeddable":true,"href":"https:\/\/www.europesays.com\/no\/wp-json\/wp\/v2\/tags?post=87215"}],"curies":[{"name":"wp","href":"https:\/\/api.w.org\/{rel}","templated":true}]}}