{"id":87219,"date":"2025-11-14T16:32:45","date_gmt":"2025-11-14T16:32:45","guid":{"rendered":"https:\/\/www.europesays.com\/no\/87219\/"},"modified":"2025-11-14T16:32:45","modified_gmt":"2025-11-14T16:32:45","slug":"anna-grue-mener-at-ulike-interesser-er-viktig-for-parforholdet","status":"publish","type":"post","link":"https:\/\/www.europesays.com\/no\/87219\/","title":{"rendered":"Anna Grue mener at ulike interesser er viktig for parforholdet"},"content":{"rendered":"<p>&#8211; Vi har v\u00e6rt et par i 48 \u00e5r. Det er lenge!<\/p>\n<p>Anna Grue (68) ler hjertelig, og retter seg opp i stolen.<br \/>\nEtter litt teknisk knoting er omsider videosamtalen i gang.<\/p>\n<p>20 og 22 \u00e5r gamle var de da de traff hverandre, Anna og ektemannen Jesper. Han er<br \/>\nkunstner, og hun forfatter. Da de f\u00f8rst m\u00f8ttes, var Anna gift med en annen mann. Hun var kun 16 \u00e5r da hun gikk inn i forholdet, og fikk et barn sammen. <\/p>\n<p>F\u00f8lelser kan man ikke kontrollere, og Anna ble<br \/>\nforelsket i Jesper.<\/p>\n<p>De fikk to barn sammen, og n\u00e5 har de ogs\u00e5 fire barnebarn. De<br \/>\nbor i et hus et lite stykke fra K\u00f8benhavn. <\/p>\n<p>    <a itemprop=\"url\" href=\"https:\/\/www.kk.no\/samliv\/mann-37-dette-gjorde-at-jeg-ville-treffe-henne-igjen-og-igjen\/81360599\" rel=\"nofollow noopener\" target=\"_blank\"><\/p>\n<p>      <img loading=\"lazy\" decoding=\"async\" src=\"https:\/\/www.europesays.com\/no\/wp-content\/uploads\/2025\/11\/1763137951_701_82732522.webp\" width=\"980\" height=\"441\" title=\"Fire menn forteller: Derfor falt jeg for akkurat henne\" alt=\"\" class=\"lazyload\" style=\"--aspect-ratio-image: 2.22; \"\/><\/p>\n<p>        Fire menn forteller: Derfor falt jeg for akkurat henne<\/p>\n<p>    <\/a><\/p>\n<p>Behov for alenetid<\/p>\n<p>Man h\u00f8rer ofte at \u00abdet er viktig \u00e5 ha felles interesser\u00bb n\u00e5r<br \/>\ndu skal finne en partner. Om det s\u00e5 er musikk, trening, interesse for<br \/>\nmatlaging, b\u00f8ker eller kunst. Et eller annet.<\/p>\n<p>Kan det egentlig fungere om man har lite til felles?<\/p>\n<p>Anna forteller at hun liker \u00e5 gj\u00f8re hagearbeid. V\u00e6re med<br \/>\nhunden. G\u00e5 p\u00e5 standup med datteren. Lese en type b\u00f8ker Jesper ikke liker \u00e5<br \/>\nlese. Han samler p\u00e5 keramikk fra loppemarked, fordyper seg i kunst og holder p\u00e5 med sine ting. <\/p>\n<p class=\"font-weight-bold m-font-weight-bold\" data-lab-font_weight=\"font-weight-bold\">&#8211; Vi involverer oss ikke mye i hverandres interesser, og<br \/>\nbegge har behov for alenetid. For meg er det veldig viktig at jeg ikke f\u00f8ler<br \/>\nmeg bundet til partneren min. Jeg er veldig glad jeg ikke er gift med en mann<br \/>\nsom g\u00e5r i h\u00e6lene p\u00e5 meg hele tiden og sp\u00f8r meg om ting \u2013 det hadde jeg ikke<br \/>\norket, ler Anna.<\/p>\n<p>Hun understreker at de har noen felles interesser ogs\u00e5:<br \/>\nBegge har store boksamlinger, de liker \u00e5 g\u00e5 p\u00e5 museum og teater, har interesse<br \/>\nfor musikk, design og gode tv-serier. Men at de ogs\u00e5 setter pris p\u00e5, og ser viktigheten av, \u00e5 ha interesser<br \/>\np\u00e5 hver sin kant.<\/p>\n<p>          <img loading=\"lazy\" decoding=\"async\" src=\"https:\/\/www.europesays.com\/no\/wp-content\/uploads\/2025\/11\/83836741.webp\" width=\"686\" height=\"947\" title=\"ALENETID: For Anna Grue, er det sv\u00e6rt viktig med alenetid. Foto: Stine Heilmann\" alt=\"\" class=\"\" style=\"--aspect-ratio-image: 0.72; \"\/><\/p>\n<p>\n          ALENETID: For Anna Grue, er det sv\u00e6rt viktig med alenetid. Foto: Stine Heilmann\n      <\/p>\n<p>For mange par er det en selvf\u00f8lge \u00e5 reise p\u00e5 ferier sammen som par.<br \/>\nSelv om Anna og Jesper ofte reiser p\u00e5 turer sammen, kan de fint dra p\u00e5 ferie<br \/>\nhver for seg ogs\u00e5.<\/p>\n<p>&#8211; Det er ikke alltid vi vil det samme. Jeg vet at mange<br \/>\nundrer seg over dette, sier Anna.<\/p>\n<p>    <a itemprop=\"url\" href=\"https:\/\/www.kk.no\/samliv\/det-er-trist-a-mote-par-som-har-vaert-sa-lykkelige-og-sa-har-de-gatt-i-denne-fella\/83818671\" rel=\"nofollow noopener\" target=\"_blank\"><\/p>\n<p>      <img loading=\"lazy\" decoding=\"async\" src=\"https:\/\/www.europesays.com\/no\/wp-content\/uploads\/2025\/11\/1763137955_541_83823206.webp\" width=\"980\" height=\"441\" title=\"- Det er trist \u00e5 m\u00f8te par som har v\u00e6rt s\u00e5 lykkelige, og s\u00e5 har de g\u00e5tt i denne fella\" alt=\"\" class=\"lazyload\" style=\"--aspect-ratio-image: 2.22; \"\/><\/p>\n<p>        &#8211; Det er trist \u00e5 m\u00f8te par som har v\u00e6rt s\u00e5 lykkelige, og s\u00e5 har de g\u00e5tt i denne fella<\/p>\n<p>    <\/a><\/p>\n<p>Sosiale p\u00e5 hver sin kant<\/p>\n<p>Anna og Jesper har mange felles venner, men de har ogs\u00e5<br \/>\nvenner p\u00e5 hver sin kant. Om Jesper skal p\u00e5 en kunstutstilling og m\u00f8te sine<br \/>\nvenner, blir ikke Anna med.<\/p>\n<p>&#8211; Det synes jeg bare er s\u00e5 kjedelig. De er sikkert veldig<br \/>\ns\u00f8te, men jeg har ikke noe interesse av \u00e5 snakke med dem en hel kveld. Jesper<br \/>\ner heller ikke med n\u00e5r jeg er p\u00e5 ting i regi av forlaget, eller n\u00e5r jeg er med venninner.<br \/>\nVi ler og snakker h\u00f8yt, og det er ikke noe selskap Jesper synes det er g\u00f8y \u00e5<br \/>\nv\u00e6re i. <\/p>\n<p>Dette har aldri v\u00e6rt et problem i forholdet.<\/p>\n<p class=\"font-weight-bold m-font-weight-bold\" data-lab-font_weight=\"font-weight-bold\">&#8211; Jeg mener det er en tillitserkl\u00e6ring at vi har venner p\u00e5<br \/>\nhver v\u00e5r kant, og ikke legger oss borti hvem den andre er med.<\/p>\n<p>Men sp\u00f8rsm\u00e5lene har ofte kommet. Mange lurer p\u00e5 hvorfor<br \/>\nAnna ikke har med Jesper p\u00e5 ting &#8211; og motsatt.\u00a0<\/p>\n<p>&#8211; De fleste har vent seg til det n\u00e5. Jesper sier bare at jeg<br \/>\nheller vil v\u00e6re med hunden, gj\u00f8re noe hagearbeid eller lese en bok. Jeg tror<br \/>\nmange kjenner p\u00e5 at de egentlig ikke vil v\u00e6re med p\u00e5 alt partneren gj\u00f8r, men at<br \/>\nde f\u00f8ler at de m\u00e5 fordi det forventes. Det er n\u00e6rmest tabu \u00e5 v\u00e6re \u00e6rlig om det.\n<\/p>\n<p>    <a itemprop=\"url\" href=\"https:\/\/www.kk.no\/samliv\/hver-gang-jeg-nadde-tre-ars-merket-i-forhold-dukket-den-vonde-magefolelsen-opp\/83795151\" rel=\"nofollow noopener\" target=\"_blank\"><\/p>\n<p>      <img loading=\"lazy\" decoding=\"async\" src=\"https:\/\/www.europesays.com\/no\/wp-content\/uploads\/2025\/11\/83802466.webp\" width=\"980\" height=\"441\" title=\"- Hver gang jeg n\u00e5dde tre \u00e5rs-merket i forhold, dukket den vonde magef\u00f8lelsen opp\" alt=\"\" class=\"lazyload\" style=\"--aspect-ratio-image: 2.22; \"\/><\/p>\n<p>        &#8211; Hver gang jeg n\u00e5dde tre \u00e5rs-merket i forhold, dukket den vonde magef\u00f8lelsen opp  <\/p>\n<p>    <\/a><\/p>\n<p>Jobber i hver sin ende av huset<\/p>\n<p>Anna og Jesper jobber hjemmefra. I 20 \u00e5r har de jobbet i<br \/>\nsamme hus, men de spiser aldri frokost sammen. Ikke s\u00e5 mye som en felles kaffekopp<br \/>\neller te i l\u00f8pet av arbeidsdagen. De sitter i hver sin ende av huset, og holder<br \/>\np\u00e5 med sitt.<\/p>\n<p>&#8211; Om vi skulle v\u00e6rt i samme rom, ville det forstyrret<br \/>\narbeidet. Jeg kan ikke snakke med noen i arbeidstiden, for da kommer jeg helt<br \/>\nut av flyten \u2013 og Jesper har det p\u00e5 samme m\u00e5te. Han spiller h\u00f8y musikk, og det<br \/>\nkan jeg ikke v\u00e6re i n\u00e6rheten av, sier Anna.<\/p>\n<p>Etter arbeidstid, m\u00f8tes de. Da kan de snakke i timevis.<\/p>\n<p>&#8211; Vi tilbringer ikke noe tid f\u00f8r p\u00e5 ettermiddagen, s\u00e5 da har<br \/>\nvi masse \u00e5 snakke om. Vi synes hverandre er enormt interessante. <\/p>\n<p>    <a itemprop=\"url\" href=\"https:\/\/www.kk.no\/samliv\/i-disse-tilfellene-tenker-jeg-man-bor-holde-kjeft-om-utroskap-til-partneren\/83738367\" rel=\"nofollow noopener\" target=\"_blank\"><\/p>\n<p>      <img loading=\"lazy\" decoding=\"async\" src=\"https:\/\/www.europesays.com\/no\/wp-content\/uploads\/2025\/11\/1763137958_968_83746019.webp\" width=\"980\" height=\"441\" title=\"- I disse tilfellene tenker jeg man b\u00f8r holde kjeft om utroskap til partneren\" alt=\"\" class=\"lazyload\" style=\"--aspect-ratio-image: 2.22; \"\/><\/p>\n<p>        &#8211; I disse tilfellene tenker jeg man b\u00f8r holde kjeft om utroskap til partneren<\/p>\n<p>    <\/a><\/p>\n<p>Grunnmuren er lik<\/p>\n<p>Mye av grunnen til at Anna og Jespers ekteskap fungerer s\u00e5<br \/>\nbra, er fordi de alltid har hatt de samme \u00f8nskene for fremtiden. Hvor de skulle<br \/>\nbo, at de skulle f\u00e5 barn, hund\u2026 alle de store avgj\u00f8relsene i livet.<\/p>\n<p>&#8211; S\u00e5 lenge vi er enige om disse tingene, gj\u00f8r det ikke noe<br \/>\nat vi ikke har mange felles interesser. Om jeg var n\u00f8dt til \u00e5 v\u00e6re med Jesper<br \/>\np\u00e5 alt han finner interessant, som jeg ikke \u00f8nsker, ville jeg f\u00f8lt meg kvalt.<\/p>\n<p>Anna tror det bare er sunt \u00e5 interessere seg i ulike ting.<\/p>\n<p class=\"font-weight-bold m-font-weight-bold\" data-lab-font_weight=\"font-weight-bold\">&#8211; Jeg tror at de som har separate interesser har det bedre.<br \/>\nJeg kunne ikke holdt ut om noen presset meg eller blandet seg inn i hvordan jeg<br \/>\nbruker tiden min. Jeg liker \u00e5 bestemme over hverdagen min selv.<\/p>\n<p>    <a itemprop=\"url\" href=\"https:\/\/www.kk.no\/samliv\/foler-du-at-du-er-i-ferd-med-a-bli-forlatt-dette-er-tegnene-pa-at-han-lener-seg-ut-av-forholdet\/83736782\" rel=\"nofollow noopener\" target=\"_blank\"><\/p>\n<p>      <img loading=\"lazy\" decoding=\"async\" src=\"https:\/\/www.europesays.com\/no\/wp-content\/uploads\/2025\/11\/80367417.webp\" width=\"980\" height=\"441\" title=\"F\u00f8ler du at du er i ferd med \u00e5 bli forlatt? - Dette er tegnene p\u00e5 at han lener seg ut av forholdet\" alt=\"\" class=\"lazyload\" style=\"--aspect-ratio-image: 2.22; \"\/><\/p>\n<p>        F\u00f8ler du at du er i ferd med \u00e5 bli forlatt? &#8211; Dette er tegnene p\u00e5 at han lener seg ut av forholdet <\/p>\n<p>    <\/a><\/p>\n<p>Behov for \u00e5 bo alene<\/p>\n<p>Ulike m\u00e5ter \u00e5 leve i et parforhold p\u00e5 har blitt tydeligere<br \/>\nde siste \u00e5rene. Som for eksempel de som velger \u00e5 bo hver for seg \u2013 selv om de<br \/>\ner i et forhold. Anna synes ikke det er rart i det hele tatt. Behovet dukker<br \/>\nopp hos henne fra tid til annen.<\/p>\n<p>&#8211; N\u00e5r jeg trenger \u00e5 konsentrere meg om \u00e5 skrive en bok, vil<br \/>\njeg helst bo alene, s\u00e5 da bor jeg som regel p\u00e5 hytta. Det er det eneste som gir<br \/>\nmeg riktig fokus. Og samme med Jesper: Om han skal lage en stor utstilling, vil<br \/>\nhan helst v\u00e6re alene.<\/p>\n<p>Disse periodene kan vare i alt fra noen uker til et par<br \/>\nm\u00e5neder. Da ser de hverandre kun innimellom.<\/p>\n<p class=\"font-weight-bold m-font-weight-bold\" data-lab-font_weight=\"font-weight-bold\">&#8211; Mange har nok tenkt at vi er i ferd med \u00e5 bli skilt eller<br \/>\ner uvenner, men det er vi jo overhodet ikke. Det er en m\u00e5te \u00e5 respektere<br \/>\nhverandre p\u00e5. Jeg tror faktisk kun det er bra for forholdet, smiler hun.<\/p>\n<p>          <img loading=\"lazy\" decoding=\"async\" src=\"https:\/\/www.europesays.com\/no\/wp-content\/uploads\/2025\/11\/83836746.webp\" width=\"686\" height=\"659\" title=\"P\u00c5 HYTTA: Anna og Jesper p\u00e5 hytta. Foto: Privat\" alt=\"\" class=\"\" style=\"--aspect-ratio-image: 1.04; \"\/><\/p>\n<p>\n          P\u00c5 HYTTA: Anna og Jesper p\u00e5 hytta. Foto: Privat\n      <\/p>\n<p>    <a itemprop=\"url\" href=\"https:\/\/www.kk.no\/samliv\/psykologen-avslorer-en-av-de-vanligste-arsakene-til-brudd-men-den-som-gar-lyver-ofte-om-det\/83568136\" rel=\"nofollow noopener\" target=\"_blank\"><\/p>\n<p>      <img loading=\"lazy\" decoding=\"async\" src=\"https:\/\/www.europesays.com\/no\/wp-content\/uploads\/2025\/11\/83600846.webp\" width=\"980\" height=\"441\" title=\"Psykologen avsl\u00f8rer en av de vanligste \u00e5rsakene til brudd. Men den som g\u00e5r, lyver ofte om det\" alt=\"\" class=\"lazyload\" style=\"--aspect-ratio-image: 2.22; \"\/><\/p>\n<p>        Psykologen avsl\u00f8rer en av de vanligste \u00e5rsakene til brudd. Men den som g\u00e5r, lyver ofte om det<\/p>\n<p>    <\/a><\/p>\n<p>Aldri v\u00e6rt i tvil<\/p>\n<p>Til tross for at Anna og Jesper lever litt ulike liv, har<br \/>\nAnna aldri v\u00e6rt i tvil om at Jesper er den rette personen for henne.<\/p>\n<p>&#8211; Jeg er veldig trygg p\u00e5 oss to. <\/p>\n<p class=\"italic m-italic\" data-lab-italic=\"italic\">&#8211; Hva setter du mest pris p\u00e5 ved Jesper?<\/p>\n<p>&#8211; Han er morsom og interessant. Jeg kjeder meg aldri n\u00e5r jeg<br \/>\ner med han. Jesper synes det h\u00f8res merkelig ut, da han selv sier at han er<br \/>\nverdens nest kjedeligste mann. Men det er virkelig underholdende \u00e5 v\u00e6re gift<br \/>\nmed han, og vi blir fortsatt overrasket over hverandre stadig vekk. <\/p>\n<p>For Anna er humor helt essensielt i et ekteskap. <\/p>\n<p>&#8211; N\u00e5 er barna v\u00e5re voksne, og de deler den samme humoren som<br \/>\noss. Vi har det virkelig s\u00e5 g\u00f8y sammen. Noen ganger tenker jeg over hvor mye vi<br \/>\nhadde mistet om vi gikk fra hverandre. At vi har det s\u00e5 g\u00f8y sammen som familie,<br \/>\nkrever at alle er der.<\/p>\n","protected":false},"excerpt":{"rendered":"&#8211; Vi har v\u00e6rt et par i 48 \u00e5r. Det er lenge! Anna Grue (68) ler hjertelig, og&hellip;\n","protected":false},"author":2,"featured_media":87220,"comment_status":"","ping_status":"","sticky":false,"template":"","format":"standard","meta":{"footnotes":""},"categories":[58],"tags":[71,30,28,29,462,218,5431,72],"class_list":{"0":"post-87219","1":"post","2":"type-post","3":"status-publish","4":"format-standard","5":"has-post-thumbnail","7":"category-underholdning","8":"tag-entertainment","9":"tag-no","10":"tag-norge","11":"tag-norway","12":"tag-parforhold","13":"tag-pluss","14":"tag-samliv","15":"tag-underholdning"},"share_on_mastodon":{"url":"https:\/\/pubeurope.com\/@no\/115549015039793896","error":""},"_links":{"self":[{"href":"https:\/\/www.europesays.com\/no\/wp-json\/wp\/v2\/posts\/87219","targetHints":{"allow":["GET"]}}],"collection":[{"href":"https:\/\/www.europesays.com\/no\/wp-json\/wp\/v2\/posts"}],"about":[{"href":"https:\/\/www.europesays.com\/no\/wp-json\/wp\/v2\/types\/post"}],"author":[{"embeddable":true,"href":"https:\/\/www.europesays.com\/no\/wp-json\/wp\/v2\/users\/2"}],"replies":[{"embeddable":true,"href":"https:\/\/www.europesays.com\/no\/wp-json\/wp\/v2\/comments?post=87219"}],"version-history":[{"count":0,"href":"https:\/\/www.europesays.com\/no\/wp-json\/wp\/v2\/posts\/87219\/revisions"}],"wp:featuredmedia":[{"embeddable":true,"href":"https:\/\/www.europesays.com\/no\/wp-json\/wp\/v2\/media\/87220"}],"wp:attachment":[{"href":"https:\/\/www.europesays.com\/no\/wp-json\/wp\/v2\/media?parent=87219"}],"wp:term":[{"taxonomy":"category","embeddable":true,"href":"https:\/\/www.europesays.com\/no\/wp-json\/wp\/v2\/categories?post=87219"},{"taxonomy":"post_tag","embeddable":true,"href":"https:\/\/www.europesays.com\/no\/wp-json\/wp\/v2\/tags?post=87219"}],"curies":[{"name":"wp","href":"https:\/\/api.w.org\/{rel}","templated":true}]}}