{"id":87225,"date":"2025-11-14T16:39:14","date_gmt":"2025-11-14T16:39:14","guid":{"rendered":"https:\/\/www.europesays.com\/no\/87225\/"},"modified":"2025-11-14T16:39:14","modified_gmt":"2025-11-14T16:39:14","slug":"david-coverdale-fra-whitesnake-pensjonerer-seg","status":"publish","type":"post","link":"https:\/\/www.europesays.com\/no\/87225\/","title":{"rendered":"David Coverdale fra Whitesnake pensjonerer seg"},"content":{"rendered":"<p class=\"kicker \" style=\"\">David Coverdale:\u00a0<\/p>\n<p>  Whitesnake-vokalisten forteller fansen at det er \u00abtid for \u00e5 henge opp plat\u00e5skoene\u00bb, i en trist ny melding.\u00a0<\/p>\n<p>\n    SLUTT: Etter femti \u00e5r i rampelyset har rockelegenden David Coverdale \u00ablagt plat\u00e5skoene p\u00e5 hylla\u00bb. Foto: Lnp \/ REX \/ NTB\n  <\/p>\n<p> Whitesnake-sjefen David Coverdale (74) legger fra seg de ikoniske plat\u00e5skoene etter mer enn et halvt \u00e5rhundre som frontfigur, hitmaker og hardrock-ikon i bandet.<\/p>\n<p>    <a itemprop=\"url\" href=\"https:\/\/www.dagbladet.no\/kjendis\/dukket-opp-lenge-siden\/83849132\" rel=\"nofollow noopener\" target=\"_blank\"><\/p>\n<p>      <img loading=\"lazy\" decoding=\"async\" src=\"https:\/\/www.europesays.com\/no\/wp-content\/uploads\/2025\/11\/83849182.webp\" width=\"980\" height=\"441\" title=\"Dukket opp: - Lenge siden\" alt=\"\" class=\"lazyload\" style=\"--aspect-ratio-image: 2.22; \"\/><\/p>\n<p>        Dukket opp: &#8211; Lenge siden<\/p>\n<p>    <\/a><\/p>\n<p class=\"font-weight-bold m-font-weight-bold\" data-lab-font_weight=\"font-weight-bold\">Coverdale gikk torsdag ut via Whitesnakes\u00a0<a href=\"https:\/\/www.instagram.com\/reel\/DRAdeklEkfe\/?utm_source=ig_web_copy_link&amp;igsh=MzRlODBiNWFlZA==\" rel=\"nofollow noopener\" target=\"_blank\">Instagram<\/a> for \u00e5 fortelle at han gir seg i bandet.<\/p>\n<p>&#8211; Mine damer og herrer, gutter og jenter, br\u00f8dre og s\u00f8stre i \u00absnake\u00bb. Jeg har en\u00a0spesiell kunngj\u00f8ring til dere, sier Coverdale innledningsvis, f\u00f8r han kommer med den triste beskjeden.\u00a0<\/p>\n<p>          <img loading=\"lazy\" decoding=\"async\" src=\"https:\/\/www.europesays.com\/no\/wp-content\/uploads\/2025\/11\/83851557.webp\" width=\"686\" height=\"735\" title=\"L\u00d8VEMANKE: Coverdale sp\u00f8kte med at han har \u00abtatt h\u00e5nd om l\u00f8vemanken\u00bb i videoen der han annonserer at han skal pensjonere seg. Bildet er fra en konsert i London i 1981. Foto: Andre Csillag\/REX\/NTB\" alt=\"\" class=\"\" style=\"--aspect-ratio-image: 0.93; \"\/><\/p>\n<p>\n          L\u00d8VEMANKE: Coverdale sp\u00f8kte med at han har \u00abtatt h\u00e5nd om l\u00f8vemanken\u00bb i videoen der han annonserer at han skal pensjonere seg. Bildet er fra en konsert i London i 1981. Foto: Andre Csillag\/REX\/NTB\n      <\/p>\n<p class=\"font-weight-bold m-font-weight-bold\" data-lab-font_weight=\"font-weight-bold\">&#8211; Etter mer enn 50 \u00e5r med en utrolig reise sammen med dere, med Deep Purple, med Whitesnake, Jimmy Page (81), har det de siste \u00e5ra blitt veldig tydelig for meg at det er p\u00e5 tide \u00e5 henge opp mine rock&#8217;n&#8217;roll plat\u00e5sko og mine supertrange jeans.<\/p>\n<p>    <a itemprop=\"url\" href=\"https:\/\/www.dagbladet.no\/kjendis\/tilbake-i-norge\/83846506\" rel=\"nofollow noopener\" target=\"_blank\"><\/p>\n<p>      <img loading=\"lazy\" decoding=\"async\" src=\"https:\/\/www.europesays.com\/no\/wp-content\/uploads\/2025\/11\/1763138352_960_83847568.webp\" width=\"980\" height=\"441\" title=\"Tilbake i Norge\" alt=\"\" class=\"lazyload\" style=\"--aspect-ratio-image: 2.22; \"\/><\/p>\n<p>        Tilbake i Norge<\/p>\n<p>    <\/a><\/p>\n<p>&#8211; Og som dere kan se, har vi tatt h\u00e5nd om l\u00f8vemanken. Men det er p\u00e5 tide for meg \u00e5 gi meg. Jeg elsker dere inderlig, fortsatte han og sa ogs\u00e5 at det n\u00e5 er tid for \u00e5 nyte pensjonen.<\/p>\n<p>          <img loading=\"lazy\" decoding=\"async\" src=\"https:\/\/www.europesays.com\/no\/wp-content\/uploads\/2025\/11\/83851536.webp\" width=\"686\" height=\"762\" title=\"DEEP PURPLE: Ian Paice, Ritchie Blackmore, Glenn Hughes, David Coverdale og John Lord i Deep Purple. Bildet er tatt i 1973. Foto: Ian Dickson\/REX\/NTB\" alt=\"\" class=\"\" style=\"--aspect-ratio-image: 0.90; \"\/><\/p>\n<p>\n          DEEP PURPLE: Ian Paice, Ritchie Blackmore, Glenn Hughes, David Coverdale og John Lord i Deep Purple. Bildet er tatt i 1973. Foto: Ian Dickson\/REX\/NTB\n      <\/p>\n<p>Rockeveteranen tok over mikrofonen i Deep Purple etter Ian Gillan (80).\u00a0<\/p>\n<p>Med bandet spilte han inn tre album, \u00abBurn\u00bb, \u00abStormbringer\u00bb og \u00abCome Taste the Band\u00bb. I 2016 ble han innlemmet i Rock &amp; Roll Hall of Fame som Deep Purple-medlem.<\/p>\n<p>        NY FORR\u00c6DER: Kan denne detaljen avsl\u00f8re hvem komiker Rasmus Wold velger? Video: \u00abForr\u00e6der\u00bb\/ TV 2\/ R\u00f8d L\u00f8per<\/p>\n<p>Etter to soloalbum startet han Whitesnake i 1978.\u00a0<\/p>\n<p>De tidlige platene ga solide plasseringer p\u00e5 de britiske hitlistene, men det store gjennombruddet kom med \u00abReady an\u2019 Willing\u00bb i 1980, drevet fram av singelen \u00abFool for Your Loving\u00bb.\u00a0<\/p>\n<p><script async src=\"\/\/www.instagram.com\/embed.js\"><\/script><\/p>\n","protected":false},"excerpt":{"rendered":"David Coverdale:\u00a0 Whitesnake-vokalisten forteller fansen at det er \u00abtid for \u00e5 henge opp plat\u00e5skoene\u00bb, i en trist ny&hellip;\n","protected":false},"author":2,"featured_media":87226,"comment_status":"","ping_status":"","sticky":false,"template":"","format":"standard","meta":{"footnotes":""},"categories":[58],"tags":[11563,71,479,30,28,29,4440,72,11562],"class_list":{"0":"post-87225","1":"post","2":"type-post","3":"status-publish","4":"format-standard","5":"has-post-thumbnail","7":"category-underholdning","8":"tag-deep-purple","9":"tag-entertainment","10":"tag-kjendis","11":"tag-no","12":"tag-norge","13":"tag-norway","14":"tag-pensjon","15":"tag-underholdning","16":"tag-whitesnake"},"share_on_mastodon":{"url":"https:\/\/pubeurope.com\/@no\/115549042480284219","error":""},"_links":{"self":[{"href":"https:\/\/www.europesays.com\/no\/wp-json\/wp\/v2\/posts\/87225","targetHints":{"allow":["GET"]}}],"collection":[{"href":"https:\/\/www.europesays.com\/no\/wp-json\/wp\/v2\/posts"}],"about":[{"href":"https:\/\/www.europesays.com\/no\/wp-json\/wp\/v2\/types\/post"}],"author":[{"embeddable":true,"href":"https:\/\/www.europesays.com\/no\/wp-json\/wp\/v2\/users\/2"}],"replies":[{"embeddable":true,"href":"https:\/\/www.europesays.com\/no\/wp-json\/wp\/v2\/comments?post=87225"}],"version-history":[{"count":0,"href":"https:\/\/www.europesays.com\/no\/wp-json\/wp\/v2\/posts\/87225\/revisions"}],"wp:featuredmedia":[{"embeddable":true,"href":"https:\/\/www.europesays.com\/no\/wp-json\/wp\/v2\/media\/87226"}],"wp:attachment":[{"href":"https:\/\/www.europesays.com\/no\/wp-json\/wp\/v2\/media?parent=87225"}],"wp:term":[{"taxonomy":"category","embeddable":true,"href":"https:\/\/www.europesays.com\/no\/wp-json\/wp\/v2\/categories?post=87225"},{"taxonomy":"post_tag","embeddable":true,"href":"https:\/\/www.europesays.com\/no\/wp-json\/wp\/v2\/tags?post=87225"}],"curies":[{"name":"wp","href":"https:\/\/api.w.org\/{rel}","templated":true}]}}