{"id":87255,"date":"2025-11-14T17:51:13","date_gmt":"2025-11-14T17:51:13","guid":{"rendered":"https:\/\/www.europesays.com\/no\/87255\/"},"modified":"2025-11-14T17:51:13","modified_gmt":"2025-11-14T17:51:13","slug":"han-fotfolger-erling-braut-haaland-og-isabel-haugseng-johansen","status":"publish","type":"post","link":"https:\/\/www.europesays.com\/no\/87255\/","title":{"rendered":"Han fotf\u00f8lger Erling Braut Haaland og Isabel Haugseng Johansen"},"content":{"rendered":"\n<p class=\"_lead_o9xde_2 _lead_xtcu6_50 layout-component text-serif-m layout-normal text-serif-l layout-component layout-wide layout-padded _wide_17hqh_1 layout-padded\">Ukjent hjelper p\u00e5 VIP-tribunen under Norge-kampen.<\/p>\n<p><img alt=\"\" class=\"_image_qp4xg_65 layout-component layout-wide\" data-fullscreen- data-track-element-type=\"Article image fullscreen\" data-track-name=\"ImageFullscreen\" fetchpriority=\"high\" decoding=\"sync\" loading=\"eager\" height=\"2385\" itemprop=\"image\"  src=\"https:\/\/www.europesays.com\/no\/wp-content\/uploads\/2025\/11\/5a0d8e9a-68d8-4597-8080-19266e03f405\"  style=\"object-position:0% 0%\" width=\"2979\"\/><\/p>\n<ul aria-hidden=\"true\" class=\"_images_18f0k_111\">\n<li><a class=\"_link_18f0k_116\" href=\"https:\/\/www.vg.no\/forfatter\/eivind-haugen\" style=\"z-index:2\" title=\"Eivind Haugen\" rel=\"nofollow noopener\" target=\"_blank\"><img alt=\"Bilde av Eivind Haugen\" class=\"_image_18f0k_93\" fetchpriority=\"low\" loading=\"lazy\" decoding=\"async\" itemprop=\"image\"  src=\"https:\/\/www.europesays.com\/no\/wp-content\/uploads\/2025\/11\/3717658a-da67-4bc2-828e-7a903600c913\"  width=\"480\"\/><\/a><\/li>\n<li><a class=\"_link_18f0k_116\" href=\"https:\/\/www.vg.no\/forfatter\/tore-kristiansen\" style=\"z-index:1\" title=\"Tore Kristiansen (foto)\" rel=\"nofollow noopener\" target=\"_blank\"><img alt=\"Bilde av Tore Kristiansen (foto)\" class=\"_image_18f0k_93\" fetchpriority=\"low\" loading=\"lazy\" decoding=\"async\" itemprop=\"image\"  src=\"https:\/\/www.europesays.com\/no\/wp-content\/uploads\/2025\/11\/50d5db32-ae64-429b-a359-75ec7fd398fe\"  width=\"480\"\/><\/a><\/li>\n<\/ul>\n<p> Oppdatert fredag 14. november kl. 18:23    <\/p>\n<ul class=\"_list_o9xde_3 _list_64s2r_85 _unordered_o9xde_106 text-sans-m\">\n<li class=\"_item_o9xde_30\">Sammen med resten av \u00abTeam Haaland\u00bb fulgte Alex Cuschieri med p\u00e5 Norge-kampen fra VIP-tribunen torsdag kveld.<\/li>\n<li class=\"_item_o9xde_30\">Cuschieri er en del av Manchester Citys medieteam og hjelper ogs\u00e5 Erling Braut Haaland med hans nye YouTube-kanal.<\/li>\n<li class=\"_item_o9xde_30\">Norge slo Estland 4\u20131 og er n\u00e6rmest klare for VM.<\/li>\n<\/ul>\n<p>Vis mer <\/p>\n<p class=\"_paragraph_o9xde_4 _paragraph_xtcu6_10 layout-component text-serif-m layout-normal text-serif-m layout-padded\">Sammen med \u00abTeam Haaland\u00bb fulgte han skjebnekampen mot Estland p\u00e5 Ullevaal torsdag kveld. <\/p>\n<p class=\"_paragraph_o9xde_4 _paragraph_xtcu6_10 layout-component text-serif-m layout-normal text-serif-m layout-padded\">Der satt pappa Alfie Haaland, \u00abfinansr\u00e5dgiver\u00bb Egil \u00d8stenstad, agent Rafaela Pimenta og kj\u00e6reste Isabel Haugseng Johansen \u2013 for \u00e5 nevne noen.<\/p>\n<p class=\"_paragraph_o9xde_4 _paragraph_xtcu6_10 layout-component text-serif-m layout-normal text-serif-m layout-padded\">P\u00e5 VIP-tribunen satt ogs\u00e5 en mann med et kamera.<\/p>\n<p class=\"_paragraph_o9xde_4 _paragraph_xtcu6_10 layout-component text-serif-m layout-normal text-serif-m layout-padded\">Han heter Alex Cuschieri og er en del av Manchester Citys medieteam. Han f\u00f8lger lagets stjerner p\u00e5 n\u00e6rt hold og er involvert <a href=\"https:\/\/www.vg.no\/sport\/i\/RzP4W2\/erling-braut-haaland-paa-youtube-derfor-gjoer-han-det\" data-track-element-type=\"Link\" data-track-id=\"link:RzP4W2\" class=\"_link_o9xde_39\" rel=\"nofollow noopener\" target=\"_blank\">i Erling Braut Haalands nye YouTube-kanal<\/a>.<\/p>\n<p class=\"_paragraph_o9xde_4 _paragraph_xtcu6_10 layout-component text-serif-m layout-normal text-serif-m layout-padded\">Etter lanseringen av Haalands kanal delte Cuschieri dette p\u00e5 Instagram:<\/p>\n<p><img alt=\"\" class=\"_image_qp4xg_65 layout-component layout-normal\" data-fullscreen- data-track-element-type=\"Article image fullscreen\" data-track-name=\"ImageFullscreen\" decoding=\"async\" loading=\"lazy\" height=\"1135\" itemprop=\"image\"  src=\"https:\/\/www.europesays.com\/no\/wp-content\/uploads\/2025\/11\/329ca833-7d2a-46aa-9616-d3f610a871b1\"  style=\"object-position:0% 0%\" width=\"1591\"\/><\/p>\n<p class=\"_paragraph_o9xde_4 _paragraph_xtcu6_10 layout-component text-serif-m layout-normal text-serif-m layout-padded\">Cushieri er en av tre personer i det som kalles \u00ab1st Team Content Unit\u00bb hos Manchester City. <\/p>\n<p class=\"_paragraph_o9xde_4 _paragraph_xtcu6_10 layout-component text-serif-m layout-normal text-serif-m layout-padded\">Teamet har base i samme bygning som f\u00f8rstelaget trener, og har tilgang til garderobe, treningsfeltet og gymmen.<\/p>\n<p class=\"_paragraph_o9xde_4 _paragraph_xtcu6_10 layout-component text-serif-m layout-normal text-serif-m layout-padded\">\u2013 Vi er der for gode \u00f8yeblikk, d\u00e5rlige \u00f8yeblikk, enten vi holder et kamera eller ikke. Vi er bare en av kollegaene som alle spillerne og staben ser som en del av deres daglige rutine, har Cuschieri sagt til <a href=\"https:\/\/www.mancity.com\/features\/together-the-making-of\/\" class=\"_link_o9xde_39\" rel=\"nofollow noopener\" target=\"_blank\">Manchester Citys egne nettsider.<\/a><\/p>\n<p><img alt=\"Foto: Tore Kristiansen \/ VG\" class=\"_image_qp4xg_65 layout-component layout-normal\" data-fullscreen- data-track-element-type=\"Article image fullscreen\" data-track-name=\"ImageFullscreen\" decoding=\"async\" loading=\"lazy\" height=\"2496\" itemprop=\"image\"  src=\"https:\/\/www.europesays.com\/no\/wp-content\/uploads\/2025\/11\/699b7848-7214-47ed-8234-82ff334d916a\"  style=\"object-position:0% 0%\" width=\"3744\"\/>Foto: Tore Kristiansen \/ VG<\/p>\n<p class=\"_paragraph_o9xde_4 _paragraph_xtcu6_10 layout-component text-serif-m layout-normal text-serif-m layout-padded\">Teamet har bygget opp et s\u00e5 n\u00e6rt forhold til spillerne at manager Pep Guardiola til og med lar dem filme inne i garderoben og under lagsamtaler.<\/p>\n<p class=\"_paragraph_o9xde_4 _paragraph_xtcu6_10 layout-component text-serif-m layout-normal text-serif-m layout-padded\">Cuschieri og kollegaene John De Caux og Harriet Jones var med \u00e5 produsere Netflix-serien \u00abTogether: Treble Winners\u00bb som dokumenterer Citys historiske treble-sesong. Serien gikk rett inn p\u00e5 Netflix&#8217; topp 10-liste i 35 land.<\/p>\n<p class=\"_paragraph_o9xde_4 _paragraph_xtcu6_10 layout-component text-serif-m layout-normal text-serif-m layout-padded\">\u2013 Spillerne er like komfortable rundt kameraet som de er med trenerne og st\u00f8tteapparatet som jobber for \u00e5 forbedre spillet deres, skriver Manchester City i promoen.<\/p>\n<p><img alt=\"Cuschieri ser p\u00e5 Isabel Haugseng Johansen som fortviler etter en misbrukt Norge-sjanse i f\u00f8rste omgang.  Foto: Tore Kristiansen \/ VG\" class=\"_image_qp4xg_65 layout-component layout-normal\" data-fullscreen- data-track-element-type=\"Article image fullscreen\" data-track-name=\"ImageFullscreen\" decoding=\"async\" loading=\"lazy\" height=\"2496\" itemprop=\"image\"  src=\"https:\/\/www.europesays.com\/no\/wp-content\/uploads\/2025\/11\/9f6f8cfe-c00f-4ff9-ab1a-4b58d1646c62\"  style=\"object-position:0% 0%\" width=\"3744\"\/>Cuschieri ser p\u00e5 Isabel Haugseng Johansen som fortviler etter en misbrukt Norge-sjanse i f\u00f8rste omgang.  Foto: Tore Kristiansen \/ VG<img alt=\"Cuschieri i aksjon p\u00e5 tribunen underveis i kampen i g\u00e5r.  Foto: Tore Kristiansen \/ VG\" class=\"_image_qp4xg_65 layout-component layout-normal\" data-fullscreen- data-track-element-type=\"Article image fullscreen\" data-track-name=\"ImageFullscreen\" decoding=\"async\" loading=\"lazy\" height=\"2496\" itemprop=\"image\"  src=\"https:\/\/www.europesays.com\/no\/wp-content\/uploads\/2025\/11\/cece358d-5148-4858-8a17-913bf3785f01\"  style=\"object-position:0% 0%\" width=\"3744\"\/>Cuschieri i aksjon p\u00e5 tribunen underveis i kampen i g\u00e5r.  Foto: Tore Kristiansen \/ VG<\/p>\n<p class=\"_paragraph_o9xde_4 _paragraph_xtcu6_10 layout-component text-serif-m layout-normal text-serif-m layout-padded\">If\u00f8lge en sak <a href=\"https:\/\/www.digitalcameraworld.com\/features\/man-city-camera-kit-bag-has-some-surprises\" class=\"_link_o9xde_39\" rel=\"nofollow noopener\" target=\"_blank\">Digital Camera World<\/a> bruker teamet avansert utstyr som DJI Ronin-droner, 4D-kameraer og Lumix-kameraer for \u00e5 fange \u00f8yeblikkene.<\/p>\n<p class=\"_paragraph_o9xde_4 _paragraph_xtcu6_10 layout-component text-serif-m layout-normal text-serif-m layout-padded\"><strong class=\"_strong_o9xde_25\">Men noe av det viktigste i jobben, er \u00e5 ikke forstyrre spillerne. <\/strong><\/p>\n<p class=\"_paragraph_o9xde_4 _paragraph_xtcu6_10 layout-component text-serif-m layout-normal text-serif-m layout-padded\">\u2013 P\u00e5 dette niv\u00e5et er 0,1 prosent forstyrrelse for mye, sier John De Caux, som leder teamet.<\/p>\n<p class=\"_paragraph_o9xde_4 _paragraph_xtcu6_10 layout-component text-serif-m layout-normal text-serif-m layout-padded\">Manchester City har n\u00e5 85 personer i sitt medieteam, if\u00f8lge <a href=\"https:\/\/inews.co.uk\/news\/media\/manchester-city-influencers-media-football-battleground-3016954\" class=\"_link_o9xde_39\" rel=\"nofollow noopener\" target=\"_blank\">avisen The i Paper<\/a>. Det er st\u00f8rre enn mange nyhetsredaksjoner, skriver avisen.<\/p>\n<p class=\"_paragraph_o9xde_4 _paragraph_xtcu6_10 layout-component text-serif-m layout-normal text-serif-m layout-padded\">VG har fors\u00f8kt \u00e5 f\u00e5 en kommentar fra Cuschieri og Manchester City, men de har ikke besvart v\u00e5re henvendelser.<\/p>\n<p class=\"_paragraph_o9xde_4 _paragraph_xtcu6_10 layout-component text-serif-m layout-normal text-serif-m layout-padded\">Norge slo Estland 4\u20131 og er s\u00e5 og si klare for VM. Etter kampen sa Isabel Haugsen Johansen til VG at det blir en rolig feiring: <\/p>\n<p class=\"_paragraph_o9xde_4 _paragraph_xtcu6_10 layout-component text-serif-m layout-normal text-serif-m layout-padded\">Dagen etter kampen delte Haaland dette bildet av sin mor \u2013 eller \u00abSjefen\u00bb som han omtaler henne som \u2013 Gry Marita Braut og bror Astor Haaland:<\/p>\n<p class=\"_root_1xq52_1\" lang=\"en\" dir=\"auto\">The boss, me &amp; my brother<\/p>\n","protected":false},"excerpt":{"rendered":"Ukjent hjelper p\u00e5 VIP-tribunen under Norge-kampen. Oppdatert fredag 14. november kl. 18:23 Sammen med resten av \u00abTeam Haaland\u00bb&hellip;\n","protected":false},"author":2,"featured_media":87256,"comment_status":"","ping_status":"","sticky":false,"template":"","format":"standard","meta":{"footnotes":""},"categories":[59],"tags":[810,92,3163,6091,671,30,28,29,83,82,46],"class_list":{"0":"post-87255","1":"post","2":"type-post","3":"status-publish","4":"format-standard","5":"has-post-thumbnail","7":"category-sport","8":"tag-erling-braut-haaland","9":"tag-fotball","10":"tag-herrelandslaget-fotball","11":"tag-isabel-haugseng-johansen","12":"tag-manchester-city","13":"tag-no","14":"tag-norge","15":"tag-norway","16":"tag-sport","17":"tag-sports","18":"tag-vgai"},"share_on_mastodon":{"url":"https:\/\/pubeurope.com\/@no\/115549325657491092","error":""},"_links":{"self":[{"href":"https:\/\/www.europesays.com\/no\/wp-json\/wp\/v2\/posts\/87255","targetHints":{"allow":["GET"]}}],"collection":[{"href":"https:\/\/www.europesays.com\/no\/wp-json\/wp\/v2\/posts"}],"about":[{"href":"https:\/\/www.europesays.com\/no\/wp-json\/wp\/v2\/types\/post"}],"author":[{"embeddable":true,"href":"https:\/\/www.europesays.com\/no\/wp-json\/wp\/v2\/users\/2"}],"replies":[{"embeddable":true,"href":"https:\/\/www.europesays.com\/no\/wp-json\/wp\/v2\/comments?post=87255"}],"version-history":[{"count":0,"href":"https:\/\/www.europesays.com\/no\/wp-json\/wp\/v2\/posts\/87255\/revisions"}],"wp:featuredmedia":[{"embeddable":true,"href":"https:\/\/www.europesays.com\/no\/wp-json\/wp\/v2\/media\/87256"}],"wp:attachment":[{"href":"https:\/\/www.europesays.com\/no\/wp-json\/wp\/v2\/media?parent=87255"}],"wp:term":[{"taxonomy":"category","embeddable":true,"href":"https:\/\/www.europesays.com\/no\/wp-json\/wp\/v2\/categories?post=87255"},{"taxonomy":"post_tag","embeddable":true,"href":"https:\/\/www.europesays.com\/no\/wp-json\/wp\/v2\/tags?post=87255"}],"curies":[{"name":"wp","href":"https:\/\/api.w.org\/{rel}","templated":true}]}}