{"id":87327,"date":"2025-11-14T19:07:10","date_gmt":"2025-11-14T19:07:10","guid":{"rendered":"https:\/\/www.europesays.com\/no\/87327\/"},"modified":"2025-11-14T19:07:10","modified_gmt":"2025-11-14T19:07:10","slug":"vil-etterforske-epstein-kobling-dagbladet","status":"publish","type":"post","link":"https:\/\/www.europesays.com\/no\/87327\/","title":{"rendered":"Vil etterforske Epstein-kobling &#8211; Dagbladet"},"content":{"rendered":"<ol>\n<li><a href=\"https:\/\/news.google.com\/rss\/articles\/CBMifkFVX3lxTE56SVlXTXc5a3JzRVNoZEM1NXBjejVXZFdXb2dYYnUySVFDT21SS1BrZEpjUmltQjktQzBzMXRTOEJHZXV3YzRwZkFiNFY5TkdiT3hlSXhUM25EMzJiWldWd1V5X2E4Tndaa241RVBlRVRudDNkWDNqT0RiVEdUQQ?oc=5\" target=\"_blank\" rel=\"nofollow noopener\">Vil etterforske Epstein-kobling<\/a>&nbsp;&nbsp;Dagbladet<\/li>\n<li><a href=\"https:\/\/news.google.com\/rss\/articles\/CBMimgFBVV95cUxOeXRHcmFkZ3NSZTdFS3AtSWxVNmFIcWdjbUV6OVBPY0l4Ry05ZUxoNUlOWDlHU3lGNjVZUFlGNHVvYlh4WlM0dm1zUkIzZ3BGOHZveXlKX2pHN1VxYk5abFQ1UXFnN1lKcy1vdTlzUno0c0owQjhSZlkxcEdPV3BOSFJ2MGZTSXR0WGdGNmZUWWx1VGtKUmdrYWtB?oc=5\" target=\"_blank\" rel=\"nofollow noopener\">Thorbj\u00f8rn Jagland til pressen: \u2013\u2060 Har f\u00e5tt absurde sp\u00f8rsm\u00e5l<\/a>&nbsp;&nbsp;VG<\/li>\n<li><a href=\"https:\/\/news.google.com\/rss\/articles\/CBMipAFBVV95cUxNQnhSOWM0YWJuaC1WN0EtMzJ0U0diRmFzX1U4WmpaVThlcXNjQ3M0SVRNOEJXNW5NNHlwNDVLWXhJcVBZYnhNQ0dxYm0xUmVMeG5xTEJ0TUNwa1N0Vnd6aU5meExROXJtSDIwa29EcWFEU2hnMV9CZVEzX1dTVG5faHB4T1JpZENjTF9IY0xSR0djYzdsRmpvejFoc05PLXkwVDF6bQ?oc=5\" target=\"_blank\" rel=\"nofollow noopener\">Trump med Epstein-melding: \u2013 Han er demokratenes problem<\/a>&nbsp;&nbsp;Nettavisen<\/li>\n<li><a href=\"https:\/\/news.google.com\/rss\/articles\/CBMijAFBVV95cUxNRFNfOTEwRXlYU2tJRy1JeTBTUkYyWThDa25hRzFIc2U0X1cyOEJLblZGN2tfOVhKYy1xZG5zY0hzZ01MM2d1eEJGX1BMUnQwTVVCcDYxeUtrMkJBaWd3T0c4QV9xWFF2ZFp4eXJCUjNnQ1RrR1lIUjZCbG1JbXZJRFZJV0lVQlZSN0gxdw?oc=5\" target=\"_blank\" rel=\"nofollow noopener\">Dagens viktigste nyheter s\u00e5 langt<\/a>&nbsp;&nbsp;adressa.no<\/li>\n<li><a href=\"https:\/\/news.google.com\/rss\/articles\/CBMiuwFBVV95cUxOOVcyanVIMC1jR2V5RWMydWwzYlpuT2FqbGt6dUYzSTdkR3hHNkhNSi14VTB3aTNmZU1sUVVyRW9RSGhzWXBOSEZLamVOUDhqTWdqUndMV3E5Y2VhRTlwaDNIa2VSYnBlS1RSeXp6TExiZnBfaFRtYUdrTG53eVJxelB1ZktXQkFvT2UtYXhzY0tYQUM4ZEctZl91SkZZVnk1RVdwd2ZBZWU0Y2dJN2NHUmZXdkhnaHdTUG4w?oc=5\" target=\"_blank\" rel=\"nofollow noopener\">USAs tidligere finansminister slaktet Trump i e-post til Epstein<\/a>&nbsp;&nbsp;Finansavisen<\/li>\n<\/ol>\n","protected":false},"excerpt":{"rendered":"Vil etterforske Epstein-kobling&nbsp;&nbsp;Dagbladet Thorbj\u00f8rn Jagland til pressen: \u2013\u2060 Har f\u00e5tt absurde sp\u00f8rsm\u00e5l&nbsp;&nbsp;VG Trump med Epstein-melding: \u2013 Han er&hellip;\n","protected":false},"author":2,"featured_media":87328,"comment_status":"","ping_status":"","sticky":false,"template":"","format":"standard","meta":{"footnotes":""},"categories":[5],"tags":[20,21,24,25,15,19,22,23,17,18,13,30,28,29,14,16,26,27,412],"class_list":{"0":"post-87327","1":"post","2":"type-post","3":"status-publish","4":"format-standard","5":"has-post-thumbnail","7":"category-overskrifter","8":"tag-breaking-news","9":"tag-breakingnews","10":"tag-featured-news","11":"tag-featurednews","12":"tag-headlines","13":"tag-hovedoppslag","14":"tag-latest-news","15":"tag-latestnews","16":"tag-main-news","17":"tag-mainnews","18":"tag-news","19":"tag-no","20":"tag-norge","21":"tag-norway","22":"tag-nyheter","23":"tag-overskrifter","24":"tag-top-stories","25":"tag-topstories","26":"tag-utenriks"},"share_on_mastodon":{"url":"https:\/\/pubeurope.com\/@no\/115549624450117551","error":""},"_links":{"self":[{"href":"https:\/\/www.europesays.com\/no\/wp-json\/wp\/v2\/posts\/87327","targetHints":{"allow":["GET"]}}],"collection":[{"href":"https:\/\/www.europesays.com\/no\/wp-json\/wp\/v2\/posts"}],"about":[{"href":"https:\/\/www.europesays.com\/no\/wp-json\/wp\/v2\/types\/post"}],"author":[{"embeddable":true,"href":"https:\/\/www.europesays.com\/no\/wp-json\/wp\/v2\/users\/2"}],"replies":[{"embeddable":true,"href":"https:\/\/www.europesays.com\/no\/wp-json\/wp\/v2\/comments?post=87327"}],"version-history":[{"count":0,"href":"https:\/\/www.europesays.com\/no\/wp-json\/wp\/v2\/posts\/87327\/revisions"}],"wp:featuredmedia":[{"embeddable":true,"href":"https:\/\/www.europesays.com\/no\/wp-json\/wp\/v2\/media\/87328"}],"wp:attachment":[{"href":"https:\/\/www.europesays.com\/no\/wp-json\/wp\/v2\/media?parent=87327"}],"wp:term":[{"taxonomy":"category","embeddable":true,"href":"https:\/\/www.europesays.com\/no\/wp-json\/wp\/v2\/categories?post=87327"},{"taxonomy":"post_tag","embeddable":true,"href":"https:\/\/www.europesays.com\/no\/wp-json\/wp\/v2\/tags?post=87327"}],"curies":[{"name":"wp","href":"https:\/\/api.w.org\/{rel}","templated":true}]}}