{"id":87392,"date":"2025-11-14T20:31:28","date_gmt":"2025-11-14T20:31:28","guid":{"rendered":"https:\/\/www.europesays.com\/no\/87392\/"},"modified":"2025-11-14T20:31:28","modified_gmt":"2025-11-14T20:31:28","slug":"ny-situasjon-splitter-det-franske-damelaget","status":"publish","type":"post","link":"https:\/\/www.europesays.com\/no\/87392\/","title":{"rendered":"Ny situasjon splitter det franske damelaget"},"content":{"rendered":"\n<p class=\"_lead_o9xde_2 _lead_xtcu6_50 layout-component text-serif-m layout-normal text-serif-l layout-component layout-wide layout-padded _wide_17hqh_1 layout-padded\">Det franske damelandslaget i skiskyting var nettopp ferdig med Julia Simon-saken f\u00f8r en ny betent sak splitter laget.<\/p>\n<p><img alt=\"IKKE BARE FRYD OG GAMMEN: Jeanne Richard, Lou Jeanmonnot, Oc\u00e9ane Michelon og Julia Simon etter stafetten i Anterselva sist sesong. Foto: ANDREA SOLERO \/ EPA \/ NTB\" class=\"_image_qp4xg_65 layout-component layout-wide\" data-fullscreen- data-track-element-type=\"Article image fullscreen\" data-track-name=\"ImageFullscreen\" fetchpriority=\"high\" decoding=\"sync\" loading=\"eager\" height=\"2048\" itemprop=\"image\"  src=\"https:\/\/www.europesays.com\/no\/wp-content\/uploads\/2025\/11\/3c7817eb-d8ba-4d20-b5bf-a1049f93a879\"  style=\"object-position:0% 0%\" width=\"3072\"\/>IKKE BARE FRYD OG GAMMEN: Jeanne Richard, Lou Jeanmonnot, Oc\u00e9ane Michelon og Julia Simon etter stafetten i Anterselva sist sesong. Foto: ANDREA SOLERO \/ EPA \/ NTB<\/p>\n<ul aria-hidden=\"true\" class=\"_images_18f0k_111\">\n<li><a class=\"_link_18f0k_116\" href=\"https:\/\/www.vg.no\/forfatter\/jens-friberg\" style=\"z-index:1\" title=\"Jens Friberg\" rel=\"nofollow noopener\" target=\"_blank\"><img alt=\"Bilde av Jens Friberg\" class=\"_image_18f0k_93\" fetchpriority=\"low\" loading=\"lazy\" decoding=\"async\" itemprop=\"image\"  src=\"https:\/\/www.europesays.com\/no\/wp-content\/uploads\/2025\/11\/1763152287_46_d5a4433c-4b68-4c86-a3bf-a19d98457272\"  width=\"480\"\/><\/a><\/li>\n<\/ul>\n<p>Rapporterer fra Geilo Oppdatert fredag 14. november kl. 20:14    <\/p>\n<ul class=\"_list_o9xde_3 _list_64s2r_85 _unordered_o9xde_106 text-sans-m\">\n<li class=\"_item_o9xde_30\">Det franske kvinnelandslaget i skiskyting splittes av en ny sak mellom Jeanne Richard og Oc\u00e9ane Michelon.<\/li>\n<li class=\"_item_o9xde_30\">Richard skal ha tuklet med Michelons v\u00e5pen under en konkurranse, if\u00f8lge franske medie.<\/li>\n<li class=\"_item_o9xde_30\">Den norske skiskytteren Ingrid Landmark Tandrevold kommenterer at konflikten er utmattende og trist.<\/li>\n<\/ul>\n<p>Vis mer <\/p>\n<p class=\"_paragraph_o9xde_4 _paragraph_xtcu6_10 layout-component text-serif-m layout-normal text-serif-m layout-padded\">N\u00e5 involverer den Jeanne Richard og Oc\u00e9ane Michelon.<\/p>\n<p class=\"_paragraph_o9xde_4 _paragraph_xtcu6_10 layout-component text-serif-m layout-normal text-serif-m layout-padded\">F\u00f8rstnevnte skal if\u00f8lge franske <a href=\"https:\/\/dicodusport.fr\/blog\/biathlon-fortes-tensions-au-sein-du-groupe-feminin-cyril-burdet-sur-le-depart\/\" class=\"_link_o9xde_39\" rel=\"nofollow noopener\" target=\"_blank\">Dicodu Sport<\/a> ha tuklet med Michelons v\u00e5pen i forbindelse med en konkurranse mot slutten av forrige sesong.<\/p>\n<p class=\"_paragraph_o9xde_4 _paragraph_xtcu6_10 layout-component text-serif-m layout-normal text-serif-m layout-padded\">Dette skal ha blitt tatt p\u00e5 fersken av lagvenninne Justine Braisaz-Bouchet. <\/p>\n<p class=\"_paragraph_o9xde_4 _paragraph_xtcu6_10 layout-component text-serif-m layout-normal text-serif-m layout-padded\">I sommer har det franske damelaget if\u00f8lge <a href=\"https:\/\/www.ledauphine.com\/skichrono\/2025\/11\/07\/ambiance-tendue-au-sein-du-groupe-feminin-futur-de-cyril-burdet-incertain-quelles-traces-va-laisser-l-affaire-julia-simon\" class=\"_link_o9xde_39\" rel=\"nofollow noopener\" target=\"_blank\">Le Dauphin\u00e9<\/a> trent i to forskjellige grupper. <\/p>\n<p class=\"_paragraph_o9xde_4 _paragraph_xtcu6_10 layout-component text-serif-m layout-normal text-serif-m layout-padded\">For \u00e5 si det slik: Det er anspent i fransk kvinneskiskyting, selv etter Simon-saken har f\u00e5tt sin endelige avgj\u00f8relse.<\/p>\n<p>Dette er Simon-saken<\/p>\n<p class=\"_paragraph_o9xde_4 _paragraph_xtcu6_10 _paragraph_16v91_10 layout-component text-serif-m layout-normal text-sans-m layout-padded\">* August 2022: Som regjerende verdenscupvinner svindler\u00a0Simon\u00a0landslagsvenninnen og OL-mesteren Justine Braisaz-Bouchet mens de begge deltar p\u00e5 Blinkfestivalen i Sandnes. Det gj\u00f8r hun etter \u00e5 ha stj\u00e5let kredittkortet hennes og brukt det til \u00e5 kj\u00f8pe varer p\u00e5 nettet for mange tusen kroner.<\/p>\n<p class=\"_paragraph_o9xde_4 _paragraph_xtcu6_10 _paragraph_16v91_10 layout-component text-serif-m layout-normal text-sans-m layout-padded\">* Forsommeren 2023: Braisaz-Bouchet anmelder\u00a0Simon. Saken tas opp i disiplin\u00e6rkomiteen i Frankrikes skiforbund, som bestemmer seg for \u00e5 vente p\u00e5 politiets etterforskning.<\/p>\n<p class=\"_paragraph_o9xde_4 _paragraph_xtcu6_10 _paragraph_16v91_10 layout-component text-serif-m layout-normal text-sans-m layout-padded\">* Juli 2023: Saken sprekker i franske medier og omtales som \u00aben skandale i skiskytterverdenen\u00bb.<\/p>\n<p class=\"_paragraph_o9xde_4 _paragraph_xtcu6_10 _paragraph_16v91_10 layout-component text-serif-m layout-normal text-sans-m layout-padded\">* 24. oktober 2023:\u00a0Simon\u00a0p\u00e5gripes og tas inn til avh\u00f8r. Hun tilbakeviser anklagene og l\u00f8slates etter kort tid. Etterforskningen fortsetter.<\/p>\n<p class=\"_paragraph_o9xde_4 _paragraph_xtcu6_10 _paragraph_16v91_10 layout-component text-serif-m layout-normal text-sans-m layout-padded\">* Vinteren 2023\/24:\u00a0Simon\u00a0g\u00e5r sesongen som normalt og tar fire gull i VM (to av dem p\u00e5 lag med Braisaz-Bouchet).<\/p>\n<p class=\"_paragraph_o9xde_4 _paragraph_xtcu6_10 _paragraph_16v91_10 layout-component text-serif-m layout-normal text-sans-m layout-padded\">* 24. oktober 2025: I retten erkjenner\u00a0Simon\u00a0overraskende alle de faktiske forholdene i saken. Hun m\u00e5 svare for fem ulike tiltalepunkter. Det kommer fram at hun ogs\u00e5 svindlet en fysioterapeut p\u00e5 landslaget. Samme dag d\u00f8mmes\u00a0Simon\u00a0til tre m\u00e5neders betinget fengsel og en bot p\u00e5 15.000 euro (175.000 kroner).<\/p>\n<p class=\"_paragraph_o9xde_4 _paragraph_xtcu6_10 _paragraph_16v91_10 layout-component text-serif-m layout-normal text-sans-m layout-padded\">* Disiplin\u00e6rkomiteen i Frankrikes skiforbund meddeler at den \u00abvil m\u00f8tes s\u00e5 snart det er mulig for \u00e5 avgj\u00f8re forbundets disiplin\u00e6rtiltak\u00bb.<\/p>\n<p class=\"_paragraph_o9xde_4 _paragraph_xtcu6_10 _paragraph_16v91_10 layout-component text-serif-m layout-normal text-sans-m layout-padded\">* 6. november 2025:\u00a0Simon\u00a0ble av disiplin\u00e6rkomiteen utestengt fra trening og konkurranser i seks m\u00e5neder, men fem m\u00e5neder av straffen gj\u00f8res betinget. Hun m\u00e5 ogs\u00e5 betale 15.000 euro som skal g\u00e5 til ungdomsarbeid. Det betyr likevel at hun kan konkurrere i vinterens OL.<\/p>\n<p class=\"_paragraph_o9xde_4 _paragraph_xtcu6_10 _paragraph_16v91_10 layout-component text-serif-m layout-normal text-sans-m layout-padded\">Faktaboks: NTB<\/p>\n<p>Vis mer<\/p>\n<p class=\"_paragraph_o9xde_4 _paragraph_xtcu6_10 layout-component text-serif-m layout-normal text-serif-m layout-padded\">\u2013 Det er veldig synd at det ikke er l\u00f8st innad i laget, f\u00f8rst og fremst, men kommer ut i media. Noe s\u00e5nt hadde aldri skjedd i v\u00e5rt lag uansett. Det er \u00e9n ting. <\/p>\n<p class=\"_paragraph_o9xde_4 _paragraph_xtcu6_10 layout-component text-serif-m layout-normal text-serif-m layout-padded\">\u2013 Og s\u00e5 er det det at man ikke klarer \u00e5 l\u00f8se det, sier den norske profilen Ingrid Landmark Tandrevold.<\/p>\n<p><img decoding=\"async\" alt=\"Bilde av Ingrid Landmark Tandrevold (29)\" class=\"_image_ygndg_42\" height=\"27\" itemprop=\"image\" loading=\"lazy\"  src=\"https:\/\/www.europesays.com\/no\/wp-content\/uploads\/2025\/11\/efe46485-5a71-44b4-a4c1-67d6ccc801be\"  width=\"40\"\/><strong class=\"_name_ygndg_51 title-serif-xs\">Ingrid Landmark Tandrevold (29)<\/strong><\/p>\n<p class=\"_paragraph_o9xde_4 text-sans-m _description_ygndg_56\">Norsk skiskytter<\/p>\n<p class=\"_paragraph_o9xde_4 _paragraph_xtcu6_10 layout-component text-serif-m layout-normal text-serif-m layout-padded\">Hun presiserer at hun ser det hele utenfra \u2013 og at det er litt vanskelig \u00e5 svare p\u00e5 hva som egentlig har skjedd.<\/p>\n<p class=\"_paragraph_o9xde_4 _paragraph_xtcu6_10 layout-component text-serif-m layout-normal text-serif-m layout-padded\">\u2013 Det blir en slitasje over tid, det virker utrolig utmattende og synd. Jeg f\u00f8ler meg veldig heldig som kan reise p\u00e5 samling og konkurranse med mine aller beste venninner. Det er en veldig stor del av gleden av det vi driver med. <\/p>\n<p class=\"_paragraph_o9xde_4 _paragraph_xtcu6_10 layout-component text-serif-m layout-normal text-serif-m layout-padded\"><strong class=\"_strong_o9xde_25\">\u2013 Det er trist \u00e5 tenke p\u00e5 at man er s\u00e5 mye borte, reiser s\u00e5 mye og s\u00e5 er man ikke venner engang, sier Tandrevold.<\/strong><\/p>\n<p class=\"_paragraph_o9xde_4 _paragraph_xtcu6_10 layout-component text-serif-m layout-normal text-serif-m layout-padded\">VG m\u00f8ter henne og resten av det norske landslaget p\u00e5 Geilo. Denne helgen er det sesong\u00e5pning for skiskytterne.<\/p>\n<p class=\"_paragraph_o9xde_4 _paragraph_xtcu6_10 layout-component text-serif-m layout-normal text-serif-m layout-padded\">Den franske storavisen <a href=\"https:\/\/www.lequipe.fr\/Biathlon\/Article\/Apres-l-affaire-julia-simon-les-bleues-se-preparent-pour-les-jeux-et-veulent-se-reconcentrer-sur-le-sport-il-faudra-encore-un-peu-de-temps\/1609486\" class=\"_link_o9xde_39\" rel=\"nofollow noopener\" target=\"_blank\">L\u2019\u00c8quipe<\/a> skriver at den nye situasjonen med Richard og Michelon satte et preg p\u00e5 lagets f\u00f8rste pressetreff for sesongen.<\/p>\n<p class=\"_paragraph_o9xde_4 _paragraph_xtcu6_10 layout-component text-serif-m layout-normal text-serif-m layout-padded\">Richard skal ha f\u00e5tt klar beskjed om \u00e5 ikke svare p\u00e5 sp\u00f8rsm\u00e5l om den p\u00e5st\u00e5tte hendelsen \u2013 som landslaget for \u00f8vrig benekter at skal ha skjedd.<\/p>\n<p class=\"_paragraph_o9xde_4 _paragraph_xtcu6_10 layout-component text-serif-m layout-normal text-serif-m layout-padded\">\u2013 Det er ingenting \u00e5 si, sier landslagstrener Cyril Burdet til avisen.<\/p>\n<p class=\"_paragraph_o9xde_4 _paragraph_xtcu6_10 layout-component text-serif-m layout-normal text-serif-m layout-padded\">\u2013 Det er alt mulig som spres rundt. Jeg kommer ikke til \u00e5 kommentere, fordi jeg snakker ikke vanligvis om ting som ang\u00e5r lagets indre.<\/p>\n<p class=\"_paragraph_o9xde_4 _paragraph_xtcu6_10 layout-component text-serif-m layout-normal text-serif-m layout-padded\">Lou Jeanmonnot kommenterer overfor L\u2019\u00c8quipe at stemningen har v\u00e6rt slik i tre \u00e5r n\u00e5, med henvisning til Simon-saken.<\/p>\n<p class=\"_paragraph_o9xde_4 _paragraph_xtcu6_10 layout-component text-serif-m layout-normal text-serif-m layout-padded\">I denne tidsperioden har laget prestert p\u00e5 et sv\u00e6rt h\u00f8yt niv\u00e5. <\/p>\n<p class=\"_paragraph_o9xde_4 _paragraph_xtcu6_10 layout-component text-serif-m layout-normal text-serif-m layout-padded\">Fire av de seks beste kvinnene i verdenscupen forrige sesong var franske. I sist VM tok de franske kvinnene fem gull, tre av dem i ulike stafetter.<\/p>\n<p class=\"_paragraph_o9xde_4 _paragraph_xtcu6_10 layout-component text-serif-m layout-normal text-serif-m layout-padded\">\u2013 Det er gode venner av meg, mange av dem. Det er kjedelig \u00e5 se at et s\u00e5 bra lag har s\u00e5 mye tr\u00f8bbel. Men samtidig sykt \u00e5 se p\u00e5 hvordan de leverer med den byrden over seg. Jeg er sykt glad vi ikke har det s\u00e5nn, sier Juni Arnekleiv.<\/p>\n<p class=\"_paragraph_o9xde_4 _paragraph_xtcu6_10 layout-component text-serif-m layout-normal text-serif-m layout-padded\"><strong class=\"_strong_o9xde_25\">PS<\/strong>! Braisaiz-Bouchet svarte utfyllende p\u00e5 kredittkortsvindelen denne uken. Hun sier at hun virkelig respekterer Simon som ut\u00f8ver. \u2013 S\u00e5 lenge jeg ogs\u00e5 blir respektert og kan gj\u00f8re min jobb, s\u00e5 lenge min sportslige karriere ikke hindres, er det ikke noe problem.<\/p>\n","protected":false},"excerpt":{"rendered":"Det franske damelandslaget i skiskyting var nettopp ferdig med Julia Simon-saken f\u00f8r en ny betent sak splitter laget.&hellip;\n","protected":false},"author":2,"featured_media":87393,"comment_status":"","ping_status":"","sticky":false,"template":"","format":"standard","meta":{"footnotes":"","_share_on_mastodon":"0"},"categories":[5],"tags":[20,21,24,25,15,19,11575,9742,677,22,23,17,18,13,30,28,29,14,16,769,26,27],"class_list":["post-87392","post","type-post","status-publish","format-standard","has-post-thumbnail","category-overskrifter","tag-breaking-news","tag-breakingnews","tag-featured-news","tag-featurednews","tag-headlines","tag-hovedoppslag","tag-ingrid-landmark-tandrevold","tag-julia-simon","tag-juni-arnekleiv","tag-latest-news","tag-latestnews","tag-main-news","tag-mainnews","tag-news","tag-no","tag-norge","tag-norway","tag-nyheter","tag-overskrifter","tag-skiskyting","tag-top-stories","tag-topstories"],"share_on_mastodon":{"url":"https:\/\/pubeurope.com\/@no\/115549954852161310","error":""},"_links":{"self":[{"href":"https:\/\/www.europesays.com\/no\/wp-json\/wp\/v2\/posts\/87392","targetHints":{"allow":["GET"]}}],"collection":[{"href":"https:\/\/www.europesays.com\/no\/wp-json\/wp\/v2\/posts"}],"about":[{"href":"https:\/\/www.europesays.com\/no\/wp-json\/wp\/v2\/types\/post"}],"author":[{"embeddable":true,"href":"https:\/\/www.europesays.com\/no\/wp-json\/wp\/v2\/users\/2"}],"replies":[{"embeddable":true,"href":"https:\/\/www.europesays.com\/no\/wp-json\/wp\/v2\/comments?post=87392"}],"version-history":[{"count":0,"href":"https:\/\/www.europesays.com\/no\/wp-json\/wp\/v2\/posts\/87392\/revisions"}],"wp:featuredmedia":[{"embeddable":true,"href":"https:\/\/www.europesays.com\/no\/wp-json\/wp\/v2\/media\/87393"}],"wp:attachment":[{"href":"https:\/\/www.europesays.com\/no\/wp-json\/wp\/v2\/media?parent=87392"}],"wp:term":[{"taxonomy":"category","embeddable":true,"href":"https:\/\/www.europesays.com\/no\/wp-json\/wp\/v2\/categories?post=87392"},{"taxonomy":"post_tag","embeddable":true,"href":"https:\/\/www.europesays.com\/no\/wp-json\/wp\/v2\/tags?post=87392"}],"curies":[{"name":"wp","href":"https:\/\/api.w.org\/{rel}","templated":true}]}}