{"id":87460,"date":"2025-11-14T21:43:08","date_gmt":"2025-11-14T21:43:08","guid":{"rendered":"https:\/\/www.europesays.com\/no\/87460\/"},"modified":"2025-11-14T21:43:08","modified_gmt":"2025-11-14T21:43:08","slug":"de-rodgronnes-budsjettkrav-til-ap-koster-mer-enn-130-milliarder-kroner","status":"publish","type":"post","link":"https:\/\/www.europesays.com\/no\/87460\/","title":{"rendered":"De r\u00f8dgr\u00f8nnes budsjett\u00adkrav til Ap koster mer enn 130 milli\u00adarder kroner"},"content":{"rendered":"<p>De fem partiene samlet seg fredag til et oppstartsm\u00f8te for forhandlingene om neste \u00e5rs statsbudsjett. L\u00f8rdag m\u00f8tes de p\u00e5 nytt til det som ventes \u00e5 bli krevende forhandlinger.<\/p>\n<p> St\u00f8rst prislapp har kravene fra R\u00f8dt, som if\u00f8lge <a href=\"https:\/\/www.aftenposten.no\/norge\/politikk\/i\/eMlL5Q\/regjeringen-moeter-krav-paa-130-milliarder-kroner-i-budsjettforhandlingene\" rel=\"noopener nofollow\" target=\"_blank\">Aftenposten <\/a> har en totalkostnad p\u00e5 rundt 51 milliarder kroner. Det inkluderer tannhelserefom, \u00f8kt minstepensjon og \u00f8kt minstesats for uf\u00f8retrygd og arbeidsavklaringspenger.<\/p>\n<p>Nest dyrest er satsingene fra MDG, som lander p\u00e5 rundt 34 milliarder kroner. 10 milliarder er satt av til \u00e5 bedre kollektivtransporten og gj\u00f8re den billigere, mens omstilling til gr\u00f8nt n\u00e6ringsliv if\u00f8lge Aftenposten har pris p\u00e5 rundt 23 milliarder.<\/p>\n<p>SVs satsinger er nesten like dyre og ender p\u00e5 30 milliarder. De \u00f8nsker seg blant annet gratis SFO for flere barn, samt \u00e5 \u00f8ke bemanningen i SFO og barnehagene.<\/p>\n<p>Senterpartiets krav lander p\u00e5 rundt 16 milliarder kroner. Et av hovedkravene er \u00e5 styrke kommune\u00f8konomien med til sammen 6,5 milliarder kroner, og partiet \u00f8nsker ogs\u00e5 \u00e5 styrke sykehusbudsjettene med 1,2 milliarder.<\/p>\n<p>P\u00e5 toppen av dette kommer Arbeiderpartiets s\u00e5kalte tabbekvote. Prislappen der er p\u00e5 1,3 milliarder. De skal betale for gratis ferger og sletting av studiel\u00e5n i distriktene, slik de lovte i valgkampen.<\/p>\n<p>Fristen for \u00e5 lande budsjettet er 30. november. Finansdebatten i Stortinget g\u00e5r 5. desember.<\/p>\n","protected":false},"excerpt":{"rendered":"De fem partiene samlet seg fredag til et oppstartsm\u00f8te for forhandlingene om neste \u00e5rs statsbudsjett. L\u00f8rdag m\u00f8tes de&hellip;\n","protected":false},"author":2,"featured_media":87461,"comment_status":"","ping_status":"","sticky":false,"template":"","format":"standard","meta":{"footnotes":""},"categories":[10],"tags":[1513,20,21,24,25,15,22,23,324,13,30,28,29,14,16,3166,390,820,2107,333,26,27],"class_list":{"0":"post-87460","1":"post","2":"type-post","3":"status-publish","4":"format-standard","5":"has-post-thumbnail","7":"category-norge","8":"tag-arbeiderpartiet-ap","9":"tag-breaking-news","10":"tag-breakingnews","11":"tag-featured-news","12":"tag-featurednews","13":"tag-headlines","14":"tag-latest-news","15":"tag-latestnews","16":"tag-miljopartiet-de-gronne-mdg","17":"tag-news","18":"tag-no","19":"tag-norge","20":"tag-norway","21":"tag-nyheter","22":"tag-overskrifter","23":"tag-regjeringen","24":"tag-rodt-r","25":"tag-senterpartiet-sp","26":"tag-sosialistisk-venstreparti-sv","27":"tag-stortinget","28":"tag-top-stories","29":"tag-topstories"},"share_on_mastodon":{"url":"https:\/\/pubeurope.com\/@no\/115550237803061331","error":""},"_links":{"self":[{"href":"https:\/\/www.europesays.com\/no\/wp-json\/wp\/v2\/posts\/87460","targetHints":{"allow":["GET"]}}],"collection":[{"href":"https:\/\/www.europesays.com\/no\/wp-json\/wp\/v2\/posts"}],"about":[{"href":"https:\/\/www.europesays.com\/no\/wp-json\/wp\/v2\/types\/post"}],"author":[{"embeddable":true,"href":"https:\/\/www.europesays.com\/no\/wp-json\/wp\/v2\/users\/2"}],"replies":[{"embeddable":true,"href":"https:\/\/www.europesays.com\/no\/wp-json\/wp\/v2\/comments?post=87460"}],"version-history":[{"count":0,"href":"https:\/\/www.europesays.com\/no\/wp-json\/wp\/v2\/posts\/87460\/revisions"}],"wp:featuredmedia":[{"embeddable":true,"href":"https:\/\/www.europesays.com\/no\/wp-json\/wp\/v2\/media\/87461"}],"wp:attachment":[{"href":"https:\/\/www.europesays.com\/no\/wp-json\/wp\/v2\/media?parent=87460"}],"wp:term":[{"taxonomy":"category","embeddable":true,"href":"https:\/\/www.europesays.com\/no\/wp-json\/wp\/v2\/categories?post=87460"},{"taxonomy":"post_tag","embeddable":true,"href":"https:\/\/www.europesays.com\/no\/wp-json\/wp\/v2\/tags?post=87460"}],"curies":[{"name":"wp","href":"https:\/\/api.w.org\/{rel}","templated":true}]}}