{"id":87513,"date":"2025-11-14T23:07:10","date_gmt":"2025-11-14T23:07:10","guid":{"rendered":"https:\/\/www.europesays.com\/no\/87513\/"},"modified":"2025-11-14T23:07:10","modified_gmt":"2025-11-14T23:07:10","slug":"korrupsjonsskandale-rammer-zelenskyjs-innerste-krets","status":"publish","type":"post","link":"https:\/\/www.europesays.com\/no\/87513\/","title":{"rendered":"Korrupsjonsskandale rammer Zelenskyjs innerste krets"},"content":{"rendered":"\n<p class=\"_lead_o9xde_2 _lead_xtcu6_50 layout-component text-serif-m layout-normal text-serif-l layout-component layout-wide layout-padded _wide_17hqh_1 layout-padded\">N\u00e5 trekkes ogs\u00e5 Ukrainas president Volodymyr Zelenskyj inn i skandalen som ryster det krigsherjede landet. <\/p>\n<p><img alt=\"Ved en av ransakelsene har antikorrupsjonsbyr\u00e5ene gjort beslag av   en st\u00f8rre bunke kontanter. Foto: NABU \/ SAPO\" class=\"_image_qp4xg_65 layout-component layout-wide\" data-fullscreen- data-track-element-type=\"Article image fullscreen\" data-track-name=\"ImageFullscreen\" fetchpriority=\"high\" decoding=\"sync\" loading=\"eager\" height=\"1072\" itemprop=\"image\"  src=\"https:\/\/www.europesays.com\/no\/wp-content\/uploads\/2025\/11\/1763161628_732_af8f48dc-9bd9-4513-bab9-237c4b32ab8d\"  style=\"object-position:0% 0%\" width=\"1280\"\/>Ved en av ransakelsene har antikorrupsjonsbyr\u00e5ene gjort beslag av   en st\u00f8rre bunke kontanter. Foto: NABU \/ SAPO<\/p>\n<ul aria-hidden=\"true\" class=\"_images_18f0k_111\">\n<li><a class=\"_link_18f0k_116\" href=\"https:\/\/www.vg.no\/forfatter\/kyrre-lien\" style=\"z-index:1\" title=\"Kyrre Lien\" rel=\"nofollow noopener\" target=\"_blank\"><img alt=\"Bilde av Kyrre Lien\" class=\"_image_18f0k_93\" fetchpriority=\"low\" loading=\"lazy\" decoding=\"async\" itemprop=\"image\"  src=\"https:\/\/www.europesays.com\/no\/wp-content\/uploads\/2025\/11\/1763161629_716_4bd4fafe-13b9-4b5b-a584-2321d2512207\"  width=\"480\"\/><\/a><\/li>\n<\/ul>\n<p> Oppdatert fredag 14. november kl. 23:39     <\/p>\n<p class=\"_paragraph_o9xde_4 _paragraph_xtcu6_10 layout-component text-serif-m layout-normal text-serif-m layout-padded\">De siste ukene har <a href=\"https:\/\/www.vg.no\/nyheter\/i\/25M0Ba\/ukrainas-antikorrupsjonsbyraa-avsloerer-omfattende-korrupsjonsskandale\" data-track-element-type=\"Link\" data-track-id=\"link:25M0Ba\" class=\"_link_o9xde_39\" rel=\"nofollow noopener\" target=\"_blank\">stadig mer informasjon<\/a> blitt sluppet fra Ukrainas antikorrupsjonsbyr\u00e5 NABUNABUUkrainas nasjonale antikorrupsjonsbyr\u00e5, som etterforsker korrupsjonssaker i Ukraina., og flere og flere ukrainske politikere trekkes inn i skandalen.<\/p>\n<p class=\"_paragraph_o9xde_4 _paragraph_xtcu6_10 layout-component text-serif-m layout-normal text-serif-m layout-padded\">N\u00e5 rammes ogs\u00e5 Zelenskyjs innerste krets. <\/p>\n<p class=\"_paragraph_o9xde_4 _paragraph_xtcu6_10 layout-component text-serif-m layout-normal text-serif-m layout-padded\">Etterforskningen har avsl\u00f8rt at en kriminell organisasjon skal ha stj\u00e5let og hvitvaskethvitvasketProsessen med \u00e5 gj\u00f8re ulovlig tjente penger tilsynelatende lovlige ved \u00e5 skjule deres opprinnelse. 100 millioner dollar fra landets offentlig eide atomkraftselskap, melder <a href=\"https:\/\/www.nytimes.com\/2025\/11\/14\/world\/europe\/zelensky-corruption-investigation.html\" class=\"_link_o9xde_39\" rel=\"nofollow noopener\" target=\"_blank\">The New York Times<\/a>.<\/p>\n<p class=\"_paragraph_o9xde_4 _paragraph_xtcu6_10 layout-component text-serif-m layout-normal text-serif-m layout-padded\">Penger som blant annet skulle g\u00e5 til \u00e5 bygge forsvarsverk rundt ukrainske energiselskaper, skal ha havnet i lommen p\u00e5 korrupte tjenestemenn.<\/p>\n<p class=\"_paragraph_o9xde_4 _paragraph_xtcu6_10 layout-component text-serif-m layout-normal text-serif-m layout-padded\">Dette skjer samtidig som voldsomme russiske angrep mot ukrainsk energisektor. <\/p>\n<p class=\"_paragraph_o9xde_4 _paragraph_xtcu6_10 layout-component text-serif-m layout-normal text-serif-m layout-padded\">Store deler av Ukraina sliter n\u00e5 tidvis med str\u00f8mtilgang, med mobilnett som g\u00e5r ned, vann som slutter \u00e5 komme til kranen og et samfunn som stopper opp.<\/p>\n<p> Ogs\u00e5 i 2022 var str\u00f8mbrudd et stort problem, som f\u00f8lge av russiske angrep.   <\/p>\n<p class=\"_paragraph_o9xde_4 _paragraph_xtcu6_10 layout-component text-serif-m layout-normal text-serif-m layout-padded\">I sentrum av skandalen st\u00e5r Timur Mindich, en forretningspartner og en tidligere alliert av president Zelenskyj. Mindich er en av eierne av presidenten Zelenskyj sitt tidligere TV-studio. <\/p>\n<p class=\"_paragraph_o9xde_4 _paragraph_xtcu6_10 layout-component text-serif-m layout-normal text-serif-m layout-padded\">Mindich skal ha ledet gruppen som skal ha tatt bestikkelser p\u00e5 10\u201315 prosent fra firmaer de hyret inn, if\u00f8lge Ukrainas antikorrupsjonsbyr\u00e5.<\/p>\n<p class=\"_paragraph_o9xde_4 _paragraph_xtcu6_10 layout-component text-serif-m layout-normal text-serif-m layout-padded\">\u2013 Dette kan ligge an til \u00e5 bli en av de mest alvorlige korrupsjonssakene vi har sett i Ukraina, hvis det viser seg at dette stemmer. <\/p>\n<p class=\"_paragraph_o9xde_4 _paragraph_xtcu6_10 layout-component text-serif-m layout-normal text-serif-m layout-padded\">Det sier Guro Slettemark, generalsekret\u00e6r i Transparency International Norge, en organisasjon som har som form\u00e5l \u00e5 motarbeide korrupsjon og bestikkelser verden over. <\/p>\n<p class=\"_paragraph_o9xde_4 _paragraph_xtcu6_10 layout-component text-serif-m layout-normal text-serif-m layout-padded\">\u2013 Dette handler om personer i maktens indre, sier hun. <\/p>\n<p><img decoding=\"async\" alt=\"Bilde av Guro Slettemark\" class=\"_image_ygndg_42\" height=\"27\" itemprop=\"image\" loading=\"lazy\"  src=\"https:\/\/www.europesays.com\/no\/wp-content\/uploads\/2025\/11\/4b746888-3dee-47fc-95c3-4e4fd826f7b7\"  width=\"40\"\/><strong class=\"_name_ygndg_51 title-serif-xs\">Guro Slettemark<\/strong><\/p>\n<p class=\"_paragraph_o9xde_4 text-sans-m _description_ygndg_56\">Generalsekret\u00e6r i Transparency International Norge<\/p>\n<p class=\"_paragraph_o9xde_4 _paragraph_xtcu6_10 layout-component text-serif-m layout-normal text-serif-m layout-padded\">Torsdag innf\u00f8rte Zelenskyj sanksjoner mot Mindich, som f\u00f8lge av korrupsjonsskandalen.<\/p>\n<p class=\"_paragraph_o9xde_4 _paragraph_xtcu6_10 layout-component text-serif-m layout-normal text-serif-m layout-padded\">Mindich skal selv ha r\u00f8mt fra Ukraina i morgentimene mandag f\u00f8r politiet skulle ransake hjemmet hans.<\/p>\n<p class=\"_paragraph_o9xde_4 _paragraph_xtcu6_10 layout-component text-serif-m layout-normal text-serif-m layout-padded\">Ogs\u00e5 to regjeringsministre har trukket seg etter at Zelenskyj ba dem g\u00e5 av. <\/p>\n<p class=\"_paragraph_o9xde_4 _paragraph_xtcu6_10 layout-component text-serif-m layout-normal text-serif-m layout-padded\">\u2013 Ukrainske myndigheter har v\u00e6rt opptatt og uttrykt \u00abfor \u00e5 vinne krigen, m\u00e5 ogs\u00e5 krigen mot korrupsjon vinnes\u00bb, sier Slettemark. <\/p>\n<p class=\"_paragraph_o9xde_4 _paragraph_xtcu6_10 layout-component text-serif-m layout-normal text-serif-m layout-padded\">Hun peker p\u00e5 at det at saken kommer frem i offentligheten, ogs\u00e5 kan v\u00e6re et positivt tegn p\u00e5 at antikorrupsjonssystemet faktisk fungerer.<\/p>\n<p class=\"_paragraph_o9xde_4 _paragraph_xtcu6_10 layout-component text-serif-m layout-normal text-serif-m layout-padded\">\u2013 Det er alvorlig og kan medf\u00f8re en destabilisering i landet, spesielt n\u00e5r det er en mulig korrupsjonssak i maktens indre, s\u00e5 tett p\u00e5 presidenten.<\/p>\n<p class=\"_paragraph_o9xde_4 _paragraph_xtcu6_10 layout-component text-serif-m layout-normal text-serif-m layout-padded\">Det at Zelenskyj trekkes inn, gj\u00f8r saken st\u00f8rre, sier hun. Samtidig kan det ogs\u00e5 sl\u00e5 positivt ut for ham. <\/p>\n<p class=\"_paragraph_o9xde_4 _paragraph_xtcu6_10 layout-component text-serif-m layout-normal text-serif-m layout-padded\">\u2013 Men det avhenger av hvordan presidenten h\u00e5ndterer dette videre.<\/p>\n<p><img alt=\"Zelenskyj da VG m\u00f8tte ham i presidentpalasset i Kyiv i 2023.   Foto: Kyrre Lien \/ VG\" class=\"_image_qp4xg_65 layout-component layout-normal\" data-fullscreen- data-track-element-type=\"Article image fullscreen\" data-track-name=\"ImageFullscreen\" decoding=\"async\" loading=\"lazy\" height=\"5042\" itemprop=\"image\"  src=\"https:\/\/www.europesays.com\/no\/wp-content\/uploads\/2025\/11\/63f54241-a863-4d86-bf75-11aa6998f1b7\"  style=\"object-position:0% 0%\" width=\"7560\"\/>Zelenskyj da VG m\u00f8tte ham i presidentpalasset i Kyiv i 2023.   Foto: Kyrre Lien \/ VG<\/p>\n<p class=\"_paragraph_o9xde_4 _paragraph_xtcu6_10 layout-component text-serif-m layout-normal text-serif-m layout-padded\">For skandalen er s\u00e6rlig betent for Zelenskyj. Han gikk til valg i 2019 med store l\u00f8fter om \u00e5 bekjempe korrupsjon i landet som i lenge har slitt med at politikere, eliten og mennesker med stor innflytelse har beriket seg selv.<\/p>\n<p class=\"_paragraph_o9xde_4 _paragraph_xtcu6_10 layout-component text-serif-m layout-normal text-serif-m layout-padded\">I sommer fors\u00f8kte Zelenskyj \u00e5 begrense antikorrupsjonsbyr\u00e5ets uavhengighet mens de etterforsket saken om korrupsjon.<\/p>\n<p class=\"_paragraph_o9xde_4 _paragraph_xtcu6_10 layout-component text-serif-m layout-normal text-serif-m layout-padded\">Antikorrupsjonsbyr\u00e5et mente at de ble fors\u00f8kt lagt ned.<\/p>\n<p class=\"_paragraph_o9xde_4 _paragraph_xtcu6_10 layout-component text-serif-m layout-normal text-serif-m layout-padded\">Men etter omfattende demonstrasjoner fra det ukrainske sivilsamfunnet og betydelig internasjonalt press ble vedtaket reversert. N\u00e5 kommer deres arbeid ut i lyset. <\/p>\n","protected":false},"excerpt":{"rendered":"N\u00e5 trekkes ogs\u00e5 Ukrainas president Volodymyr Zelenskyj inn i skandalen som ryster det krigsherjede landet. Ved en av&hellip;\n","protected":false},"author":2,"featured_media":84495,"comment_status":"","ping_status":"","sticky":false,"template":"","format":"standard","meta":{"footnotes":""},"categories":[12],"tags":[20,21,24,25,15,2109,179,22,23,13,30,28,29,14,16,26,27,42,46,43,44,45],"class_list":{"0":"post-87513","1":"post","2":"type-post","3":"status-publish","4":"format-standard","5":"has-post-thumbnail","7":"category-verden","8":"tag-breaking-news","9":"tag-breakingnews","10":"tag-featured-news","11":"tag-featurednews","12":"tag-headlines","13":"tag-korrupsjon","14":"tag-krigen-i-ukraina","15":"tag-latest-news","16":"tag-latestnews","17":"tag-news","18":"tag-no","19":"tag-norge","20":"tag-norway","21":"tag-nyheter","22":"tag-overskrifter","23":"tag-top-stories","24":"tag-topstories","25":"tag-verden","26":"tag-vgai","27":"tag-world","28":"tag-world-news","29":"tag-worldnews"},"share_on_mastodon":{"url":"","error":""},"_links":{"self":[{"href":"https:\/\/www.europesays.com\/no\/wp-json\/wp\/v2\/posts\/87513","targetHints":{"allow":["GET"]}}],"collection":[{"href":"https:\/\/www.europesays.com\/no\/wp-json\/wp\/v2\/posts"}],"about":[{"href":"https:\/\/www.europesays.com\/no\/wp-json\/wp\/v2\/types\/post"}],"author":[{"embeddable":true,"href":"https:\/\/www.europesays.com\/no\/wp-json\/wp\/v2\/users\/2"}],"replies":[{"embeddable":true,"href":"https:\/\/www.europesays.com\/no\/wp-json\/wp\/v2\/comments?post=87513"}],"version-history":[{"count":0,"href":"https:\/\/www.europesays.com\/no\/wp-json\/wp\/v2\/posts\/87513\/revisions"}],"wp:featuredmedia":[{"embeddable":true,"href":"https:\/\/www.europesays.com\/no\/wp-json\/wp\/v2\/media\/84495"}],"wp:attachment":[{"href":"https:\/\/www.europesays.com\/no\/wp-json\/wp\/v2\/media?parent=87513"}],"wp:term":[{"taxonomy":"category","embeddable":true,"href":"https:\/\/www.europesays.com\/no\/wp-json\/wp\/v2\/categories?post=87513"},{"taxonomy":"post_tag","embeddable":true,"href":"https:\/\/www.europesays.com\/no\/wp-json\/wp\/v2\/tags?post=87513"}],"curies":[{"name":"wp","href":"https:\/\/api.w.org\/{rel}","templated":true}]}}