{"id":87520,"date":"2025-11-14T23:15:09","date_gmt":"2025-11-14T23:15:09","guid":{"rendered":"https:\/\/www.europesays.com\/no\/87520\/"},"modified":"2025-11-14T23:15:09","modified_gmt":"2025-11-14T23:15:09","slug":"fisker-omkom-i-ulykke-i-steigen","status":"publish","type":"post","link":"https:\/\/www.europesays.com\/no\/87520\/","title":{"rendered":"Fisker omkom i ulykke i Steigen"},"content":{"rendered":"\n<p class=\"_lead_o9xde_2 _lead_xtcu6_50 layout-component text-serif-m layout-normal text-serif-l layout-component layout-wide layout-padded _wide_17hqh_1 layout-padded\">En mann omkom i det som fremst\u00e5r som en arbeidsulykke fredag ettermiddag.<\/p>\n<ul aria-hidden=\"true\" class=\"_images_18f0k_111\">\n<li><a class=\"_link_18f0k_116\" href=\"https:\/\/www.vg.no\/forfatter\/kari-aarstad-aase\" style=\"z-index:1\" title=\"Kari Aarstad Aase\" rel=\"nofollow noopener\" target=\"_blank\"><img alt=\"Bilde av Kari Aarstad Aase\" class=\"_image_18f0k_93\" fetchpriority=\"low\" loading=\"lazy\" decoding=\"async\" itemprop=\"image\"  src=\"https:\/\/www.europesays.com\/no\/wp-content\/uploads\/2025\/11\/1763162109_326_0dbde33e-6d8e-4680-8e4f-e2a64281e2b8\"  width=\"480\"\/><\/a><\/li>\n<\/ul>\n<p> Oppdatert fredag 14. november kl. 23:44     <\/p>\n<p class=\"_paragraph_o9xde_4 _paragraph_xtcu6_10 layout-component text-serif-m layout-normal text-serif-m layout-padded\">Politiet rykket ca. kl. 1730 i ettermiddag ut til <a href=\"https:\/\/www.vg.no\/tag\/steigen?utm_source=vg-article&amp;utm_medium=auto-tagger&amp;utm_campaign=GyvWmm\" class=\"_link_o9xde_39\" rel=\"nofollow noopener\" target=\"_blank\">Steigen<\/a> etter melding om at en eldre mann var funnet d\u00f8d om bord i en sjark. <\/p>\n<p class=\"_paragraph_o9xde_4 _paragraph_xtcu6_10 layout-component text-serif-m layout-normal text-serif-m layout-padded\">Mannen bedrev fiske og hadde v\u00e6rt alene p\u00e5 havet. <\/p>\n<p class=\"_paragraph_o9xde_4 _paragraph_xtcu6_10 layout-component text-serif-m layout-normal text-serif-m layout-padded\">\u2013 Han ble funnet av bekjente som hadde blitt bekymret da han ikke kom tilbake til avtalt tid. Politiet har gjort innledende unders\u00f8kelser om bord i b\u00e5ten. D\u00f8dsfallet fremst\u00e5r som en arbeidsulykke, opplyser operasjonsleder Tommy Bech ved Nordland politidistrikt. <\/p>\n","protected":false},"excerpt":{"rendered":"En mann omkom i det som fremst\u00e5r som en arbeidsulykke fredag ettermiddag. Oppdatert fredag 14. november kl. 23:44&hellip;\n","protected":false},"author":2,"featured_media":87521,"comment_status":"","ping_status":"","sticky":false,"template":"","format":"standard","meta":{"footnotes":""},"categories":[10],"tags":[20,21,24,25,2120,15,22,23,13,30,3657,28,29,14,16,11595,26,27],"class_list":{"0":"post-87520","1":"post","2":"type-post","3":"status-publish","4":"format-standard","5":"has-post-thumbnail","7":"category-norge","8":"tag-breaking-news","9":"tag-breakingnews","10":"tag-featured-news","11":"tag-featurednews","12":"tag-fisker","13":"tag-headlines","14":"tag-latest-news","15":"tag-latestnews","16":"tag-news","17":"tag-no","18":"tag-nordland-politidistrikt","19":"tag-norge","20":"tag-norway","21":"tag-nyheter","22":"tag-overskrifter","23":"tag-steigen","24":"tag-top-stories","25":"tag-topstories"},"share_on_mastodon":{"url":"https:\/\/pubeurope.com\/@no\/115550599642358261","error":""},"_links":{"self":[{"href":"https:\/\/www.europesays.com\/no\/wp-json\/wp\/v2\/posts\/87520","targetHints":{"allow":["GET"]}}],"collection":[{"href":"https:\/\/www.europesays.com\/no\/wp-json\/wp\/v2\/posts"}],"about":[{"href":"https:\/\/www.europesays.com\/no\/wp-json\/wp\/v2\/types\/post"}],"author":[{"embeddable":true,"href":"https:\/\/www.europesays.com\/no\/wp-json\/wp\/v2\/users\/2"}],"replies":[{"embeddable":true,"href":"https:\/\/www.europesays.com\/no\/wp-json\/wp\/v2\/comments?post=87520"}],"version-history":[{"count":0,"href":"https:\/\/www.europesays.com\/no\/wp-json\/wp\/v2\/posts\/87520\/revisions"}],"wp:featuredmedia":[{"embeddable":true,"href":"https:\/\/www.europesays.com\/no\/wp-json\/wp\/v2\/media\/87521"}],"wp:attachment":[{"href":"https:\/\/www.europesays.com\/no\/wp-json\/wp\/v2\/media?parent=87520"}],"wp:term":[{"taxonomy":"category","embeddable":true,"href":"https:\/\/www.europesays.com\/no\/wp-json\/wp\/v2\/categories?post=87520"},{"taxonomy":"post_tag","embeddable":true,"href":"https:\/\/www.europesays.com\/no\/wp-json\/wp\/v2\/tags?post=87520"}],"curies":[{"name":"wp","href":"https:\/\/api.w.org\/{rel}","templated":true}]}}