{"id":87561,"date":"2025-11-15T01:39:11","date_gmt":"2025-11-15T01:39:11","guid":{"rendered":"https:\/\/www.europesays.com\/no\/87561\/"},"modified":"2025-11-15T01:39:11","modified_gmt":"2025-11-15T01:39:11","slug":"italias-forbereder-seg-pa-playoff","status":"publish","type":"post","link":"https:\/\/www.europesays.com\/no\/87561\/","title":{"rendered":"Italias forbereder seg p\u00e5 playoff"},"content":{"rendered":"\n<p class=\"_lead_o9xde_2 _lead_xtcu6_50 layout-component text-serif-m layout-normal text-serif-l layout-component layout-wide layout-padded _wide_17hqh_1 layout-padded\">Norge gjester Milano, men i Italia g\u00e5r praten ogs\u00e5 om Sverige. <\/p>\n<p><img alt=\" Foto: DANIEL MIHAILESCU \/ AFP \/ NTB\" class=\"_image_qp4xg_65 layout-component layout-wide\" data-fullscreen- data-track-element-type=\"Article image fullscreen\" data-track-name=\"ImageFullscreen\" fetchpriority=\"high\" decoding=\"sync\" loading=\"eager\" height=\"4002\" itemprop=\"image\"  src=\"https:\/\/www.europesays.com\/no\/wp-content\/uploads\/2025\/11\/6bf1ff08-25e5-474b-b811-2cc7eb66f0c9\"  style=\"object-position:0% 0%\" width=\"6003\"\/> Foto: DANIEL MIHAILESCU \/ AFP \/ NTB<\/p>\n<ul aria-hidden=\"true\" class=\"_images_18f0k_111\">\n<li><a class=\"_link_18f0k_116\" href=\"https:\/\/www.vg.no\/forfatter\/sindre-oegar\" style=\"z-index:1\" title=\"Sindre \u00d8gar\" rel=\"nofollow noopener\" target=\"_blank\"><img alt=\"Bilde av Sindre \u00d8gar\" class=\"_image_18f0k_93\" fetchpriority=\"low\" loading=\"lazy\" decoding=\"async\" itemprop=\"image\"  src=\"https:\/\/www.europesays.com\/no\/wp-content\/uploads\/2025\/11\/1763170750_498_104d6818-f429-4f77-a08f-a7022fcc3fa3\"  width=\"480\"\/><\/a><\/li>\n<\/ul>\n<p> Oppdatert l\u00f8rdag 15. november kl. 02:08     <\/p>\n<p class=\"_paragraph_o9xde_4 _paragraph_xtcu6_10 layout-component text-serif-m layout-normal text-serif-m layout-padded\">Italia st\u00e5r foran sin tredje strake playoff i VM-kvalifiseringer \u2013 og de to forrige endte i ren skam, skriver <a href=\"https:\/\/www.gazzetta.it\/Calcio\/Nazionale\/14-11-2025\/playoff-mondiali-2026-italia-testa-di-serie-fasce-possibili-avversarie-sedi-e-scenari.shtml?refresh_ce\" class=\"_link_o9xde_39\" rel=\"nofollow noopener\" target=\"_blank\">La Gazzetta dello Sport<\/a>.<\/p>\n<p class=\"_paragraph_o9xde_4 _paragraph_xtcu6_10 layout-component text-serif-m layout-normal text-serif-m layout-padded\">Avisen skriver at kvelden i Oslokvelden i OsloNorge slo Italia 3-0 p\u00e5 Ullevaal 6. juni i \u00e5r tok fra Italia sjansen til \u00e5 sikre en VM-billett p\u00e5 hjemmebane i Milano p\u00e5 s\u00f8ndag.<\/p>\n<p class=\"_paragraph_o9xde_4 _paragraph_xtcu6_10 layout-component text-serif-m layout-normal text-serif-m layout-padded\">Dermed er italienerne i gang med en \u00f8velse nordmenn kjenner altfor godt:<\/p>\n<p class=\"_paragraph_o9xde_4 _paragraph_xtcu6_10 layout-component text-serif-m layout-normal text-serif-m layout-padded\"><strong class=\"_strong_o9xde_25\">\u00c5 finne ut hvordan landet kan snike seg til VM via bakveien.<\/strong><\/p>\n<p class=\"_paragraph_o9xde_4 _paragraph_xtcu6_10 layout-component text-serif-m layout-normal text-serif-m layout-padded\">Det betyr at ord som playoffplayoffen ekstra runde i en turnering der lag som ikke kvalifiserte seg direkte, f\u00e5r en ny sjanse til \u00e5 kvalifisere seg., seedingspottseedingspottEn metode for \u00e5 rangere og plassere lag i forskjellige niv\u00e5er basert p\u00e5 deres prestasjoner, for \u00e5 sikre en balansert trekning., rankingrankingEn liste som rangerer lag eller spillere basert p\u00e5 deres prestasjoner og resultater over tid og Nations LeagueNations LeagueEn internasjonal fotballturnering for europeiske landslag, organisert av UEFA, som gir lag en ekstra mulighet til \u00e5 kvalifisere seg til st\u00f8rre mesterskap som VM igjen m\u00e5 fram \u2013 n\u00f8dvendige onder for \u00e5 forklare systemet.<\/p>\n<p class=\"_paragraph_o9xde_4 _paragraph_xtcu6_10 layout-component text-serif-m layout-normal text-serif-m layout-padded\">Europa har <strong class=\"_strong_o9xde_25\">16 plasser<\/strong> i VM.<\/p>\n<ul class=\"_list_o9xde_3 _list_xtcu6_9 _unordered_o9xde_106 layout-component text-serif-m layout-normal text-serif-m layout-padded\">\n<li class=\"_item_o9xde_30\"><strong class=\"_strong_o9xde_25\">12 plasser<\/strong> g\u00e5r rett til gruppevinnerne.<\/li>\n<li class=\"_item_o9xde_30\"><strong class=\"_strong_o9xde_25\">4 plasser<\/strong> deles ut via playoff.<\/li>\n<\/ul>\n<p class=\"_paragraph_o9xde_4 _paragraph_xtcu6_10 layout-component text-serif-m layout-normal text-serif-m layout-padded\">For \u00e5 fylle de siste fire VM-billettene deltar <strong class=\"_strong_o9xde_25\">16 lag<\/strong> i playoff:<\/p>\n<ul class=\"_list_o9xde_3 _list_xtcu6_9 _unordered_o9xde_106 layout-component text-serif-m layout-normal text-serif-m layout-padded\">\n<li class=\"_item_o9xde_30\"><strong class=\"_strong_o9xde_25\">12 gruppetoere.<\/strong><\/li>\n<li class=\"_item_o9xde_30\"><strong class=\"_strong_o9xde_25\">4 Nations League-gruppevinnere<\/strong><strong class=\"_strong_o9xde_25\">4 Nations League-gruppevinnere<\/strong>De fire best rangerte gruppevinnerne som ikke blir gruppetoer eller kvalifiserer seg direkte..<\/li>\n<\/ul>\n<p class=\"_paragraph_o9xde_4 _paragraph_xtcu6_10 layout-component text-serif-m layout-normal text-serif-m layout-padded\">De 16 lagene som deltar, deles inn i <strong class=\"_strong_o9xde_25\">fire seedingsniv\u00e5er.<\/strong><\/p>\n<ul class=\"_list_o9xde_3 _list_xtcu6_9 _unordered_o9xde_106 layout-component text-serif-m layout-normal text-serif-m layout-padded\">\n<li class=\"_item_o9xde_30\"><strong class=\"_strong_o9xde_25\">Gruppetoerne<\/strong> havner i niv\u00e5 1, 2 og 3 \u2013 alt etter FIFA-ranking.<\/li>\n<li class=\"_item_o9xde_30\"><strong class=\"_strong_o9xde_25\">Nations League-lagene<\/strong> plasseres i niv\u00e5 4.<\/li>\n<\/ul>\n<p class=\"_paragraph_o9xde_4 _paragraph_xtcu6_10 layout-component text-serif-m layout-normal text-serif-m layout-padded\">Italia er garantertgarantertDet er FIFA-rankingen som avgj\u00f8r, og der ligger italienerne trygt. en plass i f\u00f8rste seedingspott.<\/p>\n<p class=\"_paragraph_o9xde_4 _paragraph_xtcu6_10 layout-component text-serif-m layout-normal text-serif-m layout-padded\">I trekningentrekningenLagene plasseres i fire seedingsniv\u00e5er f\u00f8r trekningen. Ett lag fra hvert niv\u00e5 havner i samme playoff-vei. 20. november blir lagene fordelt i fire playoff-veier med fire lag i hver, og hver vei avgj\u00f8res med \u00e9n semifinale og \u00e9n finale \u2013 der vinnerne tar de siste fire VM-plassene.<\/p>\n<p class=\"_paragraph_o9xde_4 _paragraph_xtcu6_10 layout-component text-serif-m layout-normal text-serif-m layout-padded\">Derfor f\u00f8lger Italia ekstra n\u00f8ye med p\u00e5 <strong class=\"_strong_o9xde_25\">fjerde pott<\/strong> \u2013 det er nemlig her semifinalemotstanderen kommer fra.<\/p>\n<p class=\"_paragraph_o9xde_4 _paragraph_xtcu6_10 layout-component text-serif-m layout-normal text-serif-m layout-padded\">Og semifinalen spilles <strong class=\"_strong_o9xde_25\">p\u00e5 italiensk jord<\/strong>.<\/p>\n<p class=\"_paragraph_o9xde_4 _paragraph_xtcu6_10 layout-component text-serif-m layout-normal text-serif-m layout-padded\">If\u00f8lge Gazzetta dello Sport er det \u00e9n nasjon italienerne frykter mer enn alle andre:<\/p>\n<p class=\"_paragraph_o9xde_4 _paragraph_xtcu6_10 layout-component text-serif-m layout-normal text-serif-m layout-padded\">\u2013 Sverige er marerittet. Den klart t\u00f8ffeste motstanderen.<\/p>\n<p class=\"_paragraph_o9xde_4 _paragraph_xtcu6_10 layout-component text-serif-m layout-normal text-serif-m layout-padded\">Sverige har hatt en katastrofal VM-kvalifisering og ligger helt sist i sin gruppe. Fredag ble det klartFredag ble det klartDet ble klart da Tyskland sikret seg 1. eller 2. plassen i sin VM-gruppe at v\u00e5re naboer vil f\u00e5 sjansen til \u00e5 n\u00e5 VM via playoff \u2013 som gruppevinner i Nations League. <\/p>\n<p class=\"_paragraph_o9xde_4 _paragraph_xtcu6_10 layout-component text-serif-m layout-normal text-serif-m layout-padded\">Nord-Makedonia, Romania og Nord-Irland er de tre andre nasjonene som per n\u00e5 ligger an til \u00e5 havne i seedingsniv\u00e5 fire.<\/p>\n<p><img alt=\"Tap mot Sverige i playoff i 2017.  Foto: Luca Bruno \/ AP \/ NTB\" class=\"_image_qp4xg_65 layout-component layout-normal\" data-fullscreen- data-track-element-type=\"Article image fullscreen\" data-track-name=\"ImageFullscreen\" decoding=\"async\" loading=\"lazy\" height=\"2686\" itemprop=\"image\"  src=\"https:\/\/www.europesays.com\/no\/wp-content\/uploads\/2025\/11\/487843e9-654d-40fb-9fd0-e5a015fc3af0\"  style=\"object-position:0% 0%\" width=\"3052\"\/>Tap mot Sverige i playoff i 2017.  Foto: Luca Bruno \/ AP \/ NTB<\/p>\n<p class=\"_paragraph_o9xde_4 _paragraph_xtcu6_10 layout-component text-serif-m layout-normal text-serif-m layout-padded\">For Italia vekker playoff-snakk vonde minner. De har nemlig <strong class=\"_strong_o9xde_25\">tapt begge<\/strong> sine to siste VM-playoffer \u2013 uten \u00e5 score et eneste m\u00e5l.<\/p>\n<ul class=\"_list_o9xde_3 _list_xtcu6_9 _unordered_o9xde_106 layout-component text-serif-m layout-normal text-serif-m layout-padded\">\n<li class=\"_item_o9xde_30\"><strong class=\"_strong_o9xde_25\">VM 2018:<\/strong> R\u00f8yk i playoff-finalen mot Sverige (0\u20131 sammenlagt).<\/li>\n<li class=\"_item_o9xde_30\"><strong class=\"_strong_o9xde_25\">VM 2022:<\/strong> Sjokkexit i semifinalen mot Nord-Makedonia (0\u20131).<\/li>\n<\/ul>\n<p><img alt=\"Tap mot Nord-Makedonia i 2022.  Foto: Antonio Calanni \/ AP \/ NTB\" class=\"_image_qp4xg_65 layout-component layout-normal\" data-fullscreen- data-track-element-type=\"Article image fullscreen\" data-track-name=\"ImageFullscreen\" decoding=\"async\" loading=\"lazy\" height=\"2032\" itemprop=\"image\"  src=\"https:\/\/www.europesays.com\/no\/wp-content\/uploads\/2025\/11\/c615c95c-eb48-47a1-8d1b-514f5ad3f7fe\"  style=\"object-position:0% 0%\" width=\"3054\"\/>Tap mot Nord-Makedonia i 2022.  Foto: Antonio Calanni \/ AP \/ NTB<\/p>\n<p class=\"_paragraph_o9xde_4 _paragraph_xtcu6_10 layout-component text-serif-m layout-normal text-serif-m layout-padded\"><a href=\"https:\/\/vglive.vg.no\/turnering\/vm-kvalifisering-europa\/16\/tabell\" class=\"_link_o9xde_39\" rel=\"nofollow noopener\" target=\"_blank\">Her<\/a> kan du se hvordan det ligger an i VM-kvalifiseringen.<\/p>\n","protected":false},"excerpt":{"rendered":"Norge gjester Milano, men i Italia g\u00e5r praten ogs\u00e5 om Sverige. Foto: DANIEL MIHAILESCU \/ AFP \/ NTB&hellip;\n","protected":false},"author":2,"featured_media":87562,"comment_status":"","ping_status":"","sticky":false,"template":"","format":"standard","meta":{"footnotes":""},"categories":[59],"tags":[92,8634,3163,1157,30,28,29,83,82],"class_list":{"0":"post-87561","1":"post","2":"type-post","3":"status-publish","4":"format-standard","5":"has-post-thumbnail","7":"category-sport","8":"tag-fotball","9":"tag-fotball-vm-2026","10":"tag-herrelandslaget-fotball","11":"tag-italias-herrelandslag-fotball","12":"tag-no","13":"tag-norge","14":"tag-norway","15":"tag-sport","16":"tag-sports"},"share_on_mastodon":{"url":"https:\/\/pubeurope.com\/@no\/115551165884222393","error":""},"_links":{"self":[{"href":"https:\/\/www.europesays.com\/no\/wp-json\/wp\/v2\/posts\/87561","targetHints":{"allow":["GET"]}}],"collection":[{"href":"https:\/\/www.europesays.com\/no\/wp-json\/wp\/v2\/posts"}],"about":[{"href":"https:\/\/www.europesays.com\/no\/wp-json\/wp\/v2\/types\/post"}],"author":[{"embeddable":true,"href":"https:\/\/www.europesays.com\/no\/wp-json\/wp\/v2\/users\/2"}],"replies":[{"embeddable":true,"href":"https:\/\/www.europesays.com\/no\/wp-json\/wp\/v2\/comments?post=87561"}],"version-history":[{"count":0,"href":"https:\/\/www.europesays.com\/no\/wp-json\/wp\/v2\/posts\/87561\/revisions"}],"wp:featuredmedia":[{"embeddable":true,"href":"https:\/\/www.europesays.com\/no\/wp-json\/wp\/v2\/media\/87562"}],"wp:attachment":[{"href":"https:\/\/www.europesays.com\/no\/wp-json\/wp\/v2\/media?parent=87561"}],"wp:term":[{"taxonomy":"category","embeddable":true,"href":"https:\/\/www.europesays.com\/no\/wp-json\/wp\/v2\/categories?post=87561"},{"taxonomy":"post_tag","embeddable":true,"href":"https:\/\/www.europesays.com\/no\/wp-json\/wp\/v2\/tags?post=87561"}],"curies":[{"name":"wp","href":"https:\/\/api.w.org\/{rel}","templated":true}]}}