{"id":87631,"date":"2025-11-15T06:06:13","date_gmt":"2025-11-15T06:06:13","guid":{"rendered":"https:\/\/www.europesays.com\/no\/87631\/"},"modified":"2025-11-15T06:06:13","modified_gmt":"2025-11-15T06:06:13","slug":"bovaer-telemark-bondelag-forstar-at-bovaer-pause-er-pa-sin-plass","status":"publish","type":"post","link":"https:\/\/www.europesays.com\/no\/87631\/","title":{"rendered":"Bovaer, Telemark bondelag | \u2013 Forst\u00e5r at Bovaer-pause er p\u00e5 sin plass"},"content":{"rendered":"\n<p>Det opplyser Trude Flatland, fylkesleder i Telemark Bondelag.<\/p>\n<p>Nyheten kom onsdag p\u00e5 bakgrunn av at det kjemiske stoffet Bovaer ble innf\u00f8rt i Danmark i oktober, og flere hundre kyr skal deretter ha d\u00f8dd eller blitt syke. Stoffet skal s\u00f8rge for at kua danner mindre metan n\u00e5r den ford\u00f8yer maten.<\/p>\n<p>N\u00f8dvendig<\/p>\n<p>Flatland uttrykker ogs\u00e5:<\/p>\n<p>\u2013 N\u00e5r det er registrert negative hendelser, s\u00e5 er det n\u00f8dvendig \u00e5 ta en fot i bakken \u2013 og unders\u00f8ke n\u00e6rmere om det kan ha sammenheng med bruk av Bovaer.<\/p>\n<p>\u2013 For Telemark Bondelag er det sv\u00e6rt viktig at usikkerhet knyttet til metanreduserende f\u00f4rvarer n\u00e5 blir avklart. Norsk landbruk skal produsere mat p\u00e5 en klimavennlig m\u00e5te, basert p\u00e5 forskning og fakta.<\/p>\n<p>\u2013 Vi har fortsatt en klimaavtale vi skal levere p\u00e5, en klimaplan og en regjering\/storting som setter rammer for oss basert p\u00e5 blant annet framdriften i klimaarbeidet.<\/p>\n<p>Hun vil i tillegg si:<\/p>\n<p>\u2013 Styret i Telemark Bondelag har hatt, og har et stort engasjement knyttet til bruken av Bovaer i norske melkekubesetninger. Styret har lyttet med stor oppmerksomhet til innspill fra v\u00e5re medlemmer og tatt innspillene videre.<\/p>\n","protected":false},"excerpt":{"rendered":"Det opplyser Trude Flatland, fylkesleder i Telemark Bondelag. Nyheten kom onsdag p\u00e5 bakgrunn av at det kjemiske stoffet&hellip;\n","protected":false},"author":2,"featured_media":87632,"comment_status":"","ping_status":"","sticky":false,"template":"","format":"standard","meta":{"footnotes":""},"categories":[10],"tags":[36,11357,20,21,24,25,15,11618,11378,11617,755,22,23,13,30,28,29,14,16,1510,11616,26,27],"class_list":{"0":"post-87631","1":"post","2":"type-post","3":"status-publish","4":"format-standard","5":"has-post-thumbnail","7":"category-norge","8":"tag-art","9":"tag-bovaer","10":"tag-breaking-news","11":"tag-breakingnews","12":"tag-featured-news","13":"tag-featurednews","14":"tag-headlines","15":"tag-klimatiltak","16":"tag-ku","17":"tag-kyr","18":"tag-landbruk","19":"tag-latest-news","20":"tag-latestnews","21":"tag-news","22":"tag-no","23":"tag-norge","24":"tag-norway","25":"tag-nyheter","26":"tag-overskrifter","27":"tag-story","28":"tag-telemark-bondelag","29":"tag-top-stories","30":"tag-topstories"},"share_on_mastodon":{"url":"https:\/\/pubeurope.com\/@no\/115552215564767456","error":""},"_links":{"self":[{"href":"https:\/\/www.europesays.com\/no\/wp-json\/wp\/v2\/posts\/87631","targetHints":{"allow":["GET"]}}],"collection":[{"href":"https:\/\/www.europesays.com\/no\/wp-json\/wp\/v2\/posts"}],"about":[{"href":"https:\/\/www.europesays.com\/no\/wp-json\/wp\/v2\/types\/post"}],"author":[{"embeddable":true,"href":"https:\/\/www.europesays.com\/no\/wp-json\/wp\/v2\/users\/2"}],"replies":[{"embeddable":true,"href":"https:\/\/www.europesays.com\/no\/wp-json\/wp\/v2\/comments?post=87631"}],"version-history":[{"count":0,"href":"https:\/\/www.europesays.com\/no\/wp-json\/wp\/v2\/posts\/87631\/revisions"}],"wp:featuredmedia":[{"embeddable":true,"href":"https:\/\/www.europesays.com\/no\/wp-json\/wp\/v2\/media\/87632"}],"wp:attachment":[{"href":"https:\/\/www.europesays.com\/no\/wp-json\/wp\/v2\/media?parent=87631"}],"wp:term":[{"taxonomy":"category","embeddable":true,"href":"https:\/\/www.europesays.com\/no\/wp-json\/wp\/v2\/categories?post=87631"},{"taxonomy":"post_tag","embeddable":true,"href":"https:\/\/www.europesays.com\/no\/wp-json\/wp\/v2\/tags?post=87631"}],"curies":[{"name":"wp","href":"https:\/\/api.w.org\/{rel}","templated":true}]}}