{"id":87687,"date":"2025-11-15T07:26:29","date_gmt":"2025-11-15T07:26:29","guid":{"rendered":"https:\/\/www.europesays.com\/no\/87687\/"},"modified":"2025-11-15T07:26:29","modified_gmt":"2025-11-15T07:26:29","slug":"det-er-har-vaert-helt-eventyrlig","status":"publish","type":"post","link":"https:\/\/www.europesays.com\/no\/87687\/","title":{"rendered":"&#8211; Det er har v\u00e6rt helt eventyrlig"},"content":{"rendered":"<p>    Kort fortalt<\/p>\n<p lang=\"nb-NO\">Tine-fabrikken p\u00e5 Frya opplever en enorm \u00f8kning i produksjon av cottage cheese, med 32 tonn produsert daglig for \u00e5 m\u00f8te ettersp\u00f8rselen.<\/p>\n<p lang=\"nb-NO\">Ettersp\u00f8rselen har eksplodert de siste to \u00e5rene, og fabrikken har m\u00e5ttet utvide b\u00e5de bemanning og utstyr.<\/p>\n<p lang=\"nb-NO\">Proteintrenden har gjort cottage cheese popul\u00e6rt blant nordmenn, og anleggssjef Svanborg er spent p\u00e5 om veksten vil fortsette.<\/p>\n<p lang=\"nb-NO\">Frya-fabrikken planlegger \u00e5 produsere over 10 000 tonn neste \u00e5r, og ser ogs\u00e5 \u00f8kt interesse for andre proteinrike meieriprodukter.<\/p>\n<p class=\"italic ai-disclaimer\" data-lab-italic=\"italic\">Sammendraget er laget av ChatGPT og godkjent av DinSide.<\/p>\n<p>      Vis mer<br \/>\n      Vis mindre<\/p>\n<p>FRYA\/GUDBRANDSDALEN (Dagbladet): &#8211; F\u00e5r dere plass? roper produksjonsleder Bj\u00f8rn B\u00f8rde.\u00a0<\/p>\n<p>Et konstant br\u00f8l fra maskiner som durer og tusenvis av liter med melk som suser gjennom produksjonshallen, overd\u00f8ver nesten alt.\u00a0<\/p>\n<p>Produksjonslederen \u00f8ker stemmevolumet s\u00e5 godt han kan for \u00e5 bli h\u00f8rt av de rundt ti arbeiderne som bare st\u00e5r noen meter framfor ham.\u00a0<\/p>\n<p>De svartkledde teknikerne peker og signaliserer korte beskjeder til hverandre.\u00a0<\/p>\n<p>    <a itemprop=\"url\" href=\"https:\/\/dinside.dagbladet.no\/fritid\/reagerer-ubehagelig\/83832333\" rel=\"nofollow noopener\" target=\"_blank\"><\/p>\n<p>      <img loading=\"lazy\" decoding=\"async\" src=\"https:\/\/www.europesays.com\/no\/wp-content\/uploads\/2025\/11\/83832379.webp\" width=\"147\" height=\"98\" title=\"Reagerer: - Ubehagelig\" alt=\"\" class=\"lazyload\" style=\"--aspect-ratio-image: 1.50; \"\/><\/p>\n<p>        Reagerer: &#8211; Ubehagelig<\/p>\n<p>    <\/a><\/p>\n<p>Framfor dem st\u00e5r en diger st\u00e5ltank som snart skal f\u00e5 sin faste plass, p\u00e5 en av produksjonslinjene i Tine-fabrikken.\u00a0<\/p>\n<p>St\u00f8rrelsen gj\u00f8r det noe kronglete. Det er omtrent bare centimeter \u00e5 g\u00e5 p\u00e5, men arbeiderne vet hva de driver med.\u00a0<\/p>\n<p>&#8211; De tankene vi har her n\u00e5, blir for lite. Vi m\u00e5 ha st\u00f8rre buffering,\u00a0slik at vi kan produsere mer, sier produksjonslederen som forn\u00f8yd f\u00f8lger med.\u00a0<\/p>\n<p>            <img decoding=\"async\" src=\"https:\/\/www.europesays.com\/no\/wp-content\/uploads\/2025\/11\/83850945.webp\" width=\"380\" height=\"601\" title=\"\" alt=\"\" loading=\"lazy\" style=\"\"\/><\/p>\n<p>\n        Frya 20251111 Tine Meierier p\u00e5 Frya produserer Cottage Cheese. Hytteost. Drone Foto: Lars Eivind Bones \/ Dagbladet<br \/>\n        Lars Eivind Bones\n    <\/p>\n<p>        Det er ikke det eneste som har vokst her.<\/p>\n<p>            <img decoding=\"async\" src=\"https:\/\/www.europesays.com\/no\/wp-content\/uploads\/2025\/11\/83850946.webp\" width=\"380\" height=\"601\" title=\"\" alt=\"\" loading=\"lazy\" style=\"\"\/><\/p>\n<p>\n        Frya 20251111 Tine Meierier p\u00e5 Frya produserer Cottage Cheese. Hytteost. Drone Foto: Lars Eivind Bones \/ Dagbladet<br \/>\n        Lars Eivind Bones\n    <\/p>\n<p>        De siste \u00e5ra har mye blitt st\u00f8rre hos Frya-fabrikken.<\/p>\n<p>        Mellom E6 og dalsidene midt i Gudbrandsdalen, summer produksjonen som aldri f\u00f8r.<\/p>\n<p>            <img decoding=\"async\" src=\"https:\/\/www.europesays.com\/no\/wp-content\/uploads\/2025\/11\/83850975.webp\" width=\"380\" height=\"601\" title=\"\" alt=\"\" loading=\"lazy\" style=\"\"\/><\/p>\n<p>\n        Frya 20251111 Tine Meierier p\u00e5 Frya produserer Cottage Cheese. Hytteost.  Foto: Lars Eivind Bones \/ Dagbladet<br \/>\n        Lars Eivind Bones\n    <\/p>\n<p>        Det kan de s\u00e6rlig takke ett spesielt fenomen for: cottage cheese-trenden<\/p>\n<p class=\"font-weight-normal m-font-weight-normal\" data-lab-font_weight=\"font-weight-normal\">Mer om det straks. For ukas \u00absnakkis\u00bb rundt meieriselskapet har dreiet seg om at Norsk Melker\u00e5vare (NMR), som er et datterselskap av Tine, umiddelbart <a href=\"https:\/\/www.dagbladet.no\/nyheter\/stanser-bruk-umiddelbart\/83840572\" target=\"_blank\" rel=\"nofollow noopener\">stanset bruken av s\u00e5kalte Bovaer i ku-f\u00f4r, grunnet bekymringer om negative effekter i Danmark<\/a>.<\/p>\n<p class=\"font-weight-normal m-font-weight-normal\" data-lab-font_weight=\"font-weight-normal\"> Danske b\u00f8nder har hevdet at dyra deres blir syke eller produserer mindre melk p\u00e5 grunn av det metanhemmende stoffet. <\/p>\n<p class=\"font-weight-normal m-font-weight-normal\" data-lab-font_weight=\"font-weight-normal\">&#8211;\u00a0Det er ikke dokumentert at sykdom er for\u00e5rsaket av bovaer, men fagfolk kan heller ikke med sikkerhet avkrefte en sammenheng. Vi er f\u00f8re var og stanser praktisk uttesting i Norge til vi har f\u00e5tt flere svar, forklarer leder av NMR, Johnny \u00d8deg\u00e5rd, til DinSide.\u00a0<\/p>\n<p class=\"font-weight-normal m-font-weight-normal\" data-lab-font_weight=\"font-weight-normal\">Tine, som adskilt enhet, forholder seg til NMRs beslutning, if\u00f8lge pressevakt Anette Ivsett. Produksjonen g\u00e5r som normalt.\u00a0<\/p>\n<p class=\"font-weight-normal m-font-weight-normal\" data-lab-font_weight=\"font-weight-normal\">&#8211; Verdikjeden til meieriakt\u00f8rene er ikke p\u00e5virket av dette i det hele tatt, sier \u00d8deg\u00e5rd.\u00a0<\/p>\n<p>    <a itemprop=\"url\" href=\"https:\/\/www.dagbladet.no\/nyheter\/frp-topp-raser-hold-fingra-av-fisen\/83843512\" rel=\"nofollow noopener\" target=\"_blank\"><\/p>\n<p>      <img loading=\"lazy\" decoding=\"async\" src=\"https:\/\/www.europesays.com\/no\/wp-content\/uploads\/2025\/11\/1763191573_50_83844653.webp\" width=\"147\" height=\"100\" title=\"Frp-topp raser: Hold fingra av fisen\" alt=\"\" class=\"lazyload\" style=\"--aspect-ratio-image: 1.47; \"\/><\/p>\n<p>        Frp-topp raser: Hold fingra av fisen<\/p>\n<p>    <\/a><\/p>\n<p class=\"font-weight-normal m-font-weight-normal\" data-lab-font_weight=\"font-weight-normal\">Den milde, allsidige hytteosten som f\u00f8r ble forbundet med \u00abslankemat\u00bb for voksne kvinner p\u00e5 diett, har n\u00e5 f\u00e5tt et mer hverdagslig ansikt. En naturlig del av kostholdet til mange nordmenn.<\/p>\n<p>Her til lands startet produksjonen av hytteosten slik vi kjenner den i dag allerede p\u00e5 slutten av 50-tallet. Det f\u00f8rste kjente produksjonen fra Tine skjedde p\u00e5 60-tallet, men det var ikke f\u00f8r h\u00f8sten 2023 at salget virkelig sk\u00f8yt i v\u00e6ret.\u00a0<\/p>\n<p>          <img loading=\"lazy\" decoding=\"async\" src=\"https:\/\/www.europesays.com\/no\/wp-content\/uploads\/2025\/11\/83852031.webp\" width=\"686\" height=\"762\" title=\"GAMMEL MODELL: Slik s\u00e5 cottage cheese-boksen ut i 2009. Foto: Tine\" alt=\"\" class=\"\" style=\"--aspect-ratio-image: 0.90; \"\/><\/p>\n<p>\n          GAMMEL MODELL: Slik s\u00e5 cottage cheese-boksen ut i 2009. Foto: Tine\n      <\/p>\n<p>&#8211; Det er et voldsomt volum, sier produksjonsleder B\u00f8rde.\u00a0<\/p>\n<p>Stabel p\u00e5 stabel med de\u00a0karakteristiske lilla plastkoppene fyller produksjonslinja. Maskinene trykker rytmisk p\u00e5 plass lokk p\u00e5 begerne, mens en konstant flom av blinkende UV-lys str\u00e5ler gjennom.\u00a0<\/p>\n<p class=\"font-weight-normal m-font-weight-normal\" data-lab-font_weight=\"font-weight-normal\">Produksjonslederen f\u00f8lger blikket p\u00e5 den hvite, klumpete massen som skytes presist ned i boksene, f\u00f8r brettene med ferdig forseglede og fylte beger fyker oppover rulleb\u00e5ndene.\u00a0<\/p>\n<p>          <img loading=\"lazy\" decoding=\"async\" src=\"https:\/\/www.europesays.com\/no\/wp-content\/uploads\/2025\/11\/83850979.webp\" width=\"686\" height=\"405\" title=\"UTVALG: Det er variantene mager og original cottage cheese flest nordmenn vil ha. Like etter kommer med smak av vanilje, mens mango er den det g\u00e5r minst av. Etter den voksende ettersp\u00f8rselen har meieriet ogs\u00e5 begynt \u00e5 lage str\u00f8rre beger enn de originale. Foto: Lars Eivind Bones \/ Dagbladet\" alt=\"\" class=\"\" style=\"--aspect-ratio-image: 1.69; \"\/><\/p>\n<p>\n          UTVALG: Det er variantene mager og original cottage cheese flest nordmenn vil ha. Like etter kommer med smak av vanilje, mens mango er den det g\u00e5r minst av. Etter den voksende ettersp\u00f8rselen har meieriet ogs\u00e5 begynt \u00e5 lage str\u00f8rre beger enn de originale. Foto: Lars Eivind Bones \/ Dagbladet\n      <\/p>\n<p class=\"font-weight-normal m-font-weight-normal\" data-lab-font_weight=\"font-weight-normal\">Tappingen av alle de seks sortene skjer vekselsvis p\u00e5 samme linje gjennom hele d\u00f8gnet. N\u00e5 durer dagens siste runde. Boksene f\u00e5r det oransje lokket, med smaken mango.\u00a0<\/p>\n<p class=\"font-weight-normal m-font-weight-normal\" data-lab-font_weight=\"font-weight-normal\">Frya-fabrikken er den eneste av Tines 32 anlegg som lager denne varen.\u00a0<\/p>\n<p class=\"font-weight-normal m-font-weight-normal\" data-lab-font_weight=\"font-weight-normal\">&#8211; Det har hatt jevn vekst tidligere, men de siste to \u00e5rene har det virkelig eksplodert, forteller B\u00f8rde.\u00a0<\/p>\n<p>N\u00e5 tappes rundt 32 tonn om dagen. 8000 beger i timen.\u00a0<\/p>\n<p>Det m\u00e5 til for \u00e5 dekke ettersp\u00f8rselen som har vokst seg blant forbrukerne. For siden salget eksploderte for to \u00e5r siden, <a href=\"https:\/\/dinside.dagbladet.no\/fritid\/rives-bort-flere-tiltak\/82472305\" target=\"_blank\" rel=\"nofollow noopener\">har den v\u00e6rt s\u00e5 stor at meieriet flere ganger ikke har kunnet dekke interessen.<\/a><\/p>\n<p>Det \u00e5 ikke kunne levere nok av det \u00aballe\u00bb snakker om, har til tider v\u00e6rt frustrerende, if\u00f8lge produksjonslederen.<\/p>\n<p> &#8211; N\u00e5 kan det v\u00e6re krevende og hektisk i perioder, men om det hadde v\u00e6rt motsatt, hadde det jo v\u00e6rt enda mer belastende. Det er et luksusproblem, forteller B\u00f8rde. <\/p>\n<p>          <img loading=\"lazy\" decoding=\"async\" src=\"https:\/\/www.europesays.com\/no\/wp-content\/uploads\/2025\/11\/83850988.webp\" width=\"686\" height=\"392\" title=\"\u00abMAULE\u00bb: For produksjonssjef i Frya-fabrikken Bj\u00f8rn B\u00f8rde er vanilje-varianten av cottage cheese favoritten. - Den er best om du bare skal maule, sier han p\u00e5 brei gubrandalsk. Foto: Lars Eivind Bones \/ Dagbladet\" alt=\"\" class=\"\" style=\"--aspect-ratio-image: 1.75; \"\/><\/p>\n<p>\n          \u00abMAULE\u00bb: For produksjonssjef i Frya-fabrikken Bj\u00f8rn B\u00f8rde er vanilje-varianten av cottage cheese favoritten. <br \/>&#8211; Den er best om du bare skal maule, sier han p\u00e5 brei gubrandalsk. Foto: Lars Eivind Bones \/ Dagbladet\n      <\/p>\n<p class=\"font-weight-normal m-font-weight-normal\" data-lab-font_weight=\"font-weight-normal\">Derfor har de m\u00e5ttet gj\u00f8re flere tiltak for \u00e5 sikre leveringen av cottage cheese. B\u00e5de bemanning, utstyr og produksjonstid har blitt utvidet i flere etapper.\u00a0<\/p>\n<p>    Cottage cheese-trenden har bidratt til:<\/p>\n<ul>\n<li>I 2025 investerte Tine rundt 25 milloner kroner i nytt utstyr for \u00e5 utvide produksjonen p\u00e5 Frya.<\/li>\n<li>Salget av cottage cheese har \u00f8kt med 69 prosent de siste to \u00e5ra.\u00a0<\/li>\n<li>Senest i sommer \u00f8kte bemanningen med 17 nye ansatte for \u00e5 m\u00f8te ettersp\u00f8rselen for cottage cheese.\u00a0<\/li>\n<li>Produksjonen i ysteriet har g\u00e5tt fra seks til syv dager i uka.\u00a0<\/li>\n<li>Det jobbes med d\u00f8gnkontinuerlige skift. Med andre ord produseres det cottage cheese 24 timer i d\u00f8gnet, syv dager i uka.<\/li>\n<\/ul>\n<p>      Vis mer<br \/>\n      Vis mindre<\/p>\n<p class=\"font-weight-black m-font-weight-black\" data-lab-font_weight=\"font-weight-black\">Det merkes tydelig inne i produksjonshallen at ettersp\u00f8rselen har gitt flere jobber hos meieriet.\u00a0<\/p>\n<p>Rundt hvert hj\u00f8rne svirrer det arbeidere med det gjenkjennbare melkespannet p\u00e5 brystet.\u00a0<\/p>\n<p>Mellom metervis p\u00e5 metervis av r\u00f8r fylt av rennende melk, kvalitetssjekker de at det som skjer inne i beholderne, til slutt ender i det resultatet det skal v\u00e6re i begrene og kartongene.\u00a0<\/p>\n<p>Hver halvtime kontrolleres smak, lukt og vekt. Det blir et par smaksrunder av det \u00abhvite gullet\u00bb gjennom dagen for operat\u00f8rene.\u00a0<\/p>\n<p>    <a itemprop=\"url\" href=\"https:\/\/dinside.dagbladet.no\/fritid\/plikter-a-spise-potetgull-hver-dag\/83754785\" rel=\"nofollow noopener\" target=\"_blank\"><\/p>\n<p>      <img loading=\"lazy\" decoding=\"async\" src=\"https:\/\/www.europesays.com\/no\/wp-content\/uploads\/2025\/11\/83762291.webp\" width=\"980\" height=\"441\" title=\"- Plikter \u00e5 spise hver dag\" alt=\"\" class=\"lazyload\" style=\"--aspect-ratio-image: 2.22; \"\/><\/p>\n<p>        &#8211; Plikter \u00e5 spise hver dag<\/p>\n<p>    <\/a><\/p>\n<p>&#8211; Her jobber vi p\u00e5, utbryter Irma\u00a0Benetyte\u00a0inne i ysteri-delen av fabrikken.\u00a0<\/p>\n<p>Hodet hennes stikker opp\u00a0fra en av de fire store tankene. P\u00e5 innsiden flyter det som snart skal bli hytteost.\u00a0<\/p>\n<p>Benetyte er blant dem som i sommer ble ansatt som operat\u00f8r p\u00e5 cottage cheese-linja for at meieriet skal kunne mette sultne forbrukere i enda st\u00f8rre grad. <\/p>\n<p>&#8211; Vi lager myyyyye. Jeg hadde ikke trodd at det var s\u00e5pass f\u00f8r jeg begynte. Du f\u00f8ler p\u00e5 en m\u00e5te at du gj\u00f8r noe viktig, n\u00e5r s\u00e5 mange vil ha det, sier hun og smiler.\u00a0<\/p>\n<p>Hodet hennes dukker ned igjen mellom de halvvarme metallbeholderne. Operat\u00f8ren tar pr\u00f8ver for \u00e5 sjekke at temperaturen stemmer.\u00a0<\/p>\n<p>I l\u00f8pet av de 12 timene\u00a0det tar fra melka kommer inn i tankene til det er ferdig i begeret slik vi kjenner det, er det mye som skal klaffe.<\/p>\n<p>&#8211; Det g\u00e5r ikke helt av seg selv. Det er krevende h\u00e5ndverk \u00e5 vite n\u00e5r du skal skj\u00e6re osten. Det er en kritisk fase i prosessen med mange vurderinger, for om du skj\u00e6rer p\u00e5 feil tidspunkt kan du ende med en annen type ost, forklarer B\u00f8rde.\u00a0<\/p>\n<p>Produksjonslederen underdriver ikke. Det hele er en kjemisk prosess hvor b\u00e5de varme, r\u00f8ring og skj\u00e6ring sammen danner de sm\u00e5, hvite kulene vi kjenner i begeret.\u00a0<\/p>\n<p>    Slik lages cottage cheese:<\/p>\n<ul>\n<li class=\"lab-bodytext-line\">Cottage cheese er fersk ostemasse som lages av pasteurisert skummet melk.\u00a0<\/li>\n<li class=\"lab-bodytext-line\">Melka blir pumpet inn p\u00e5 ystekarene, og tilsatt l\u00f8pe og melkesyrekultur.<\/li>\n<li class=\"lab-bodytext-line\">Slik dannes en s\u00e5kalt\u00a0\u00abkoagel\u00bb ostemasse, som vil si at ostestoffet skiller seg fra mysen, og det begynner \u00e5 bli ost med den konsistensen og smaken man er ute etter.\u00a0<\/li>\n<li class=\"lab-bodytext-line\">Etterhvert skylles mysen ut, og de ostekornene blir skylt med vann.\u00a0<\/li>\n<li class=\"lab-bodytext-line\">\u00a0De sm\u00e5 ostekornene til av at de skj\u00e6res med store knivblader inne i karet, f\u00f8rst som sm\u00e5 firkanter som likner sukkerbiter.\u00a0<\/li>\n<li class=\"lab-bodytext-line\">Gjennom videre r\u00f8ring og behandling blir det til de korna som vi kjenner det i begeret.<\/li>\n<li class=\"lab-bodytext-line\">Ostekornene havner til slutt p\u00e5 en egen tank, hvor de blandes med en dressing. Langt fra den typen som vi kjenner til hamburger eller pizza, men med fl\u00f8te, melk og salt.\u00a0<\/li>\n<li class=\"lab-bodytext-line\">Mengden og typen dressing avgj\u00f8r hvor mye fett det er i det endelige produktet &#8211; og om det dermed blir en mager eller original variant.\u00a0<\/li>\n<\/ul>\n<p>      Vis mer<br \/>\n      Vis mindre<\/p>\n<p>&#8211; Det er nok ukjent for mange. Det er fort gjort \u00e5 tenke at dette bare er en ost, men rene ostekorn er ganske kjedelig \u00e5 spise. Det er greit \u00e5 f\u00e5 blandet det ut med dressing, og eventuelt smak, forteller B\u00f8rde mens han speider ut over ysteriet.\u00a0<\/p>\n<p>            <img decoding=\"async\" src=\"https:\/\/www.europesays.com\/no\/wp-content\/uploads\/2025\/11\/83851248.webp\" width=\"380\" height=\"601\" title=\"\" alt=\"\" loading=\"lazy\" style=\"\"\/><\/p>\n<p>\n        Frya 20251111 Tine Meierier p\u00e5 Frya produserer Cottage Cheese. Hytteost.  Foto: Lars Eivind Bones \/ Dagbladet<br \/>\n        Lars Eivind Bones\n    <\/p>\n<p>        For at Tine skal klare \u00e5 mette nordmenns cottage cheese-behov, m\u00e5 produksjonen i ysteriet g\u00e5 d\u00f8gnet rundt &#8211; sju dager i uka.<\/p>\n<p>            <img decoding=\"async\" src=\"https:\/\/www.europesays.com\/no\/wp-content\/uploads\/2025\/11\/83851241.webp\" width=\"380\" height=\"601\" title=\"\" alt=\"\" loading=\"lazy\" style=\"\"\/><\/p>\n<p>\n        Frya 20251111 Tine Meierier p\u00e5 Frya produserer Cottage Cheese. Hytteost.  Foto: Lars Eivind Bones \/ Dagbladet<br \/>\n        Lars Eivind Bones\n    <\/p>\n<p>        Ogs\u00e5 p\u00e5 kj\u00f8lelageret dominerer den gjenkjenbare lilla-fargen hylleveggene.<\/p>\n<p>            <img decoding=\"async\" src=\"https:\/\/www.europesays.com\/no\/wp-content\/uploads\/2025\/11\/83851249.webp\" width=\"380\" height=\"601\" title=\"\" alt=\"\" loading=\"lazy\" style=\"\"\/><\/p>\n<p>\n        Frya 20251111 Tine Meierier p\u00e5 Frya produserer Cottage Cheese. Hytteost.  Foto: Lars Eivind Bones \/ Dagbladet<br \/>\n        Lars Eivind Bones\n    <\/p>\n<p>        &#8211; Cottage cheese er stjerna her n\u00e5. Det har blitt kjempeviktig de to siste \u00e5ra, forteller anleggssjef Sigrid Svanborg.<\/p>\n<p>Anleggssjefen innr\u00f8mmer\u00a0at hun personlig ikke er den st\u00f8rste tilhengeren av hytteosten, men interessen blant nordmenn er hun godt forn\u00f8yd med.\u00a0<\/p>\n<p>Fra kontoret i fabrikken lyser det stolthet av Svanborg n\u00e5r hun forteller om utviklingen. Selv kommer hun fra g\u00e5rd, og har snart jobbet i Tine i 20 \u00e5r.<\/p>\n<p>    <a itemprop=\"url\" href=\"https:\/\/dinside.dagbladet.no\/motor\/mister-lappen-overalt\/83841479\" rel=\"nofollow noopener\" target=\"_blank\"><\/p>\n<p>      <img loading=\"lazy\" decoding=\"async\" src=\"https:\/\/www.europesays.com\/no\/wp-content\/uploads\/2025\/11\/83841500.webp\" width=\"980\" height=\"441\" title=\"Mister lappen overalt\" alt=\"\" class=\"lazyload\" style=\"--aspect-ratio-image: 2.22; \"\/><\/p>\n<p>        Mister lappen overalt <\/p>\n<p>    <\/a><\/p>\n<p>Da hun kom inn i rollen som anleggssjef p\u00e5 Frya h\u00f8sten 2023, var situasjonen en helt annen.\u00a0<\/p>\n<p>Like etter ble det vedtatt at ordreproduksjonen skulle flyttes. Melketappinga skulle kuttes.\u00a0<\/p>\n<p>&#8211; Vi ble veldig lei oss da vi fikk vite at vi kunne miste s\u00e5 mange arbeidsplasser.<\/p>\n<p>S\u00e5 skjedde det noe.\u00a0Planene ble utsatt, og bare kort tid etter ble fabrikken sendt i motsatt retning.\u00a0<\/p>\n<p>            <img decoding=\"async\" src=\"https:\/\/www.europesays.com\/no\/wp-content\/uploads\/2025\/11\/83851368.webp\" width=\"380\" height=\"601\" title=\"\" alt=\"\" loading=\"lazy\" style=\"\"\/><\/p>\n<p>\n        Frya 20251111 Tine Meierier p\u00e5 Frya produserer Cottage Cheese. Hytteost. Drone Foto: Lars Eivind Bones \/ Dagbladet<br \/>\n        Lars Eivind Bones\n    <\/p>\n<p>        Utenfor fabrikken st\u00e5r trailerne p\u00e5 rekke og rad for \u00e5 avlevere titusenvis av liter med r\u00e5melk.<\/p>\n<p>            <img decoding=\"async\" src=\"https:\/\/www.europesays.com\/no\/wp-content\/uploads\/2025\/11\/83851378.webp\" width=\"380\" height=\"601\" title=\"\" alt=\"\" loading=\"lazy\" style=\"\"\/><\/p>\n<p>\n        Frya 20251111 Tine Meierier p\u00e5 Frya produserer Cottage Cheese. Hytteost.  Foto: Lars Eivind Bones \/ Dagbladet<br \/>\n        Lars Eivind Bones\n    <\/p>\n<p>        Hver dag tappes rundt 250 000 liter inn mot produksjonshallen.<\/p>\n<p>        De sju tankene t\u00f8mmes flere ganger i uka, for \u00e5 f\u00e5 det \u00abhvite gullet\u00bb ut til linjene og seinere i glass og frokostsk\u00e5ler.<\/p>\n<p>            <img decoding=\"async\" src=\"https:\/\/www.europesays.com\/no\/wp-content\/uploads\/2025\/11\/83851380.webp\" width=\"380\" height=\"601\" title=\"\" alt=\"\" loading=\"lazy\" style=\"\"\/><\/p>\n<p>\n        Frya 20251111 Tine Meierier p\u00e5 Frya produserer Cottage Cheese. Hytteost.  Foto: Lars Eivind Bones \/ Dagbladet<br \/>\n        Lars Eivind Bones\n    <\/p>\n<p>        Slik volumet er n\u00e5, n\u00e6rmer Frya-fabrikken seg 100 millioner liter melk inn per \u00e5r, fra et stadig st\u00f8rre omr\u00e5de rundt Gudbrandsdalen<\/p>\n<p>Det takker anleggssjefen proteintrenden, som oppsto omtrent parallelt med nedbemanningstida, for.<\/p>\n<p>&#8211; S\u00e5 har det bare fortsatt \u00e5 vokse og vokse. Det var egentlig ganske overraskende til \u00e5 begynne med, og kom litt som julekvelden p\u00e5 kjerringa. Det hadde ikke blitt kj\u00f8rt noen kampanjer for \u00e5 f\u00e5 dette til \u00e5 skje, proteintrenden slo bare til p\u00e5 cottage cheese.\u00a0<\/p>\n<p>          <img loading=\"lazy\" decoding=\"async\" src=\"https:\/\/www.europesays.com\/no\/wp-content\/uploads\/2025\/11\/83851471.webp\" width=\"686\" height=\"426\" title=\"FLEKSIBEL BRUK: Det er ikke bare p\u00e5 linjene nede i produksjonshallen og lageret at cottage cheesen lyser opp. P\u00e5 kontorene er ogs\u00e5 det lilla begeret tydelig. Foto: Lars Eivind Bones \/ Dagbladet\" alt=\"\" class=\"\" style=\"--aspect-ratio-image: 1.61; \"\/><\/p>\n<p>\n          FLEKSIBEL BRUK: Det er ikke bare p\u00e5 linjene nede i produksjonshallen og lageret at cottage cheesen lyser opp. P\u00e5 kontorene er ogs\u00e5 det lilla begeret tydelig. Foto: Lars Eivind Bones \/ Dagbladet\n      <\/p>\n<p>&#8211; Det har jo v\u00e6rt helt eventyrlig, legger anleggssjefen til.\u00a0<\/p>\n<p>Det er ingen tvil om at hytteosten har v\u00e6rt mest popul\u00e6r. Men det er ogs\u00e5 andre produkter hos fabrikken, s\u00e6rlig med de syv bokstavene, som har f\u00e5tt bein \u00e5 g\u00e5 p\u00e5.\u00a0<\/p>\n<p>For norske forbrukere fyller kj\u00f8leskapene\u00a0med proteinrike meieriprodukter som aldri f\u00f8r.\u00a0<\/p>\n<p>Bare i f\u00f8rste kvartal av 2025 \u00f8kte salget av kvarg med 36 prosent, og cottage cheese med hele 40, if\u00f8lge\u00a0<a href=\"https:\/\/www.melk.no\/?gad_source=1&amp;gad_campaignid=36757062&amp;gbraid=0AAAAAD3bv3D4yxY67jxh2tpfbxUHKsUnb&amp;gclid=CjwKCAiA_dDIBhB6EiwAvzc1cMhpSMEuLq3Duw8rLVPdu_7q3s0v1FoB8MhyJKWcMvLKptNgim8N8RoCSTwQAvD_BwE\" target=\"_blank\" rel=\"nofollow noopener\">Opplysningskontoret for melk og meieriprodukter (MELK)<\/a>.\u00a0<\/p>\n<p>P\u00e5 linjene med kvarg, YT- og gresk yoghurt i fabrikken jobber maskinene minst like kjapt.<\/p>\n<p>Dagligvarekjedene har flere ganger tidligere\u00a0<a href=\"https:\/\/dinside.dagbladet.no\/fritid\/kom-som-en-kule\/83543216\" target=\"_blank\" rel=\"nofollow noopener\">meldt om utfordringer med \u00e5 holde hyllene fulle<\/a>\u00a0ogs\u00e5 n\u00e5r det gjelder nettopp disse proteinrike meieriproduktene.<\/p>\n<p>Ettersp\u00f8rselen viser seg i resultat i Frya-fabrikken. Blant annet skal den store tanken som i disse dager er p\u00e5 vei inn i fabrikken, gj\u00f8re at de unng\u00e5r slike utfordringer igjen.\u00a0<\/p>\n<p>        \u00abTiffany plate\u00bb er en av flere cottage cheese-baserte mattrender som tar av p\u00e5 Tiktok for tida. Vi tester den. Video: Tiffany Magee (Tiktok) \/ Anette Skarpaas Ramm \/ Mia Engenes Bratlie. Reporter: Emilie Fyhn.<\/p>\n<p>&#8211; Det skal bidra til enda mer protein-yoghurt til forbrukerne, sier produksjonsleder B\u00f8rde.<\/p>\n<p>    <a itemprop=\"url\" href=\"https:\/\/dinside.dagbladet.no\/okonomi\/ypper-til-priskrig\/83848204\" rel=\"nofollow noopener\" target=\"_blank\"><\/p>\n<p>      <img loading=\"lazy\" decoding=\"async\" src=\"https:\/\/www.europesays.com\/no\/wp-content\/uploads\/2025\/11\/83849036.webp\" width=\"980\" height=\"441\" title=\"Hansken er kastet\" alt=\"\" class=\"lazyload\" style=\"--aspect-ratio-image: 2.22; \"\/><\/p>\n<p>        Hansken er kastet<\/p>\n<p>    <\/a><\/p>\n<p>&#8211; Med denne megatrenden, tenker jeg at protein har blitt litt allemannseie. Det er ikke bare for de som er veldig opptatt av trening og helse, men har blitt et mer generelt fokus. Det tenker jeg kan v\u00e6re bra, forteller anleggssjef Svanborg.\u00a0<\/p>\n<p>Det har ogs\u00e5 matforsker Annechen Bugge\u00a0tidligere bekreftet til\u00a0<a href=\"https:\/\/dinside.dagbladet.no\/fritid\/lite-sans-for-det\/83654783\" target=\"_blank\" rel=\"nofollow noopener\">DinSide<\/a>.\u00a0<\/p>\n<p>&#8211; Matvanene v\u00e5re g\u00e5r i b\u00f8lger hele tida, og det er en identitetsmark\u00f8r. N\u00e5 er det proteintrenden som er p\u00e5 moten og det folk er opptatt av.\u00a0<\/p>\n<p>Med det har nettopp flere urnorske matvarer kommet fram i lyset, if\u00f8lge henne.\u00a0<\/p>\n<p>        <img loading=\"lazy\" decoding=\"async\" itemprop=\"image\" src=\"https:\/\/www.europesays.com\/no\/wp-content\/uploads\/2025\/11\/83841013.webp\" width=\"180\" height=\"180\" alt=\"Annechen Bahr Bugge\"\/><\/p>\n<p>            Annechen Bahr Bugge<br \/>\n            Annechen<br \/>\n            Bahr Bugge        <\/p>\n<p>Sosiolog og forsker ved Forbruksforskningsinstituttet SIFO og OsloMet<\/p>\n<p>&#8211; De tendensene gj\u00f8r at vi tar tilbake gamle teknikker og r\u00e5varer, og at nordisk mat som kvarg, gammalost, pultost og cottage cheese er i vinden. Det er jo litt morsomt \u00e5 se at disse gamle produktene appellerer til unge.\u00a0<\/p>\n<p>Bugge forklarer at hun ikke er en moralist n\u00e5r det gjelder \u00abproteinhysteriet\u00bb.\u00a0<\/p>\n<p>        FELLESNEVNER: Du trenger ikke lete veldig lenge for \u00e5 se hva disse produktene har til felles. Video: Embla Hjort-Larsen \/ Storyblocks<\/p>\n<p>&#8211; Om du sammenlikner med fast food, fett, sukker og sukkerholdige drikker, s\u00e5 tenker jeg ikke at det er veldig problematisk\u00a0om slike naturlige proteinrike varer appellerer til unge, og at det er en proteintrend blant dem.\u00a0<\/p>\n<p>Det samme peker ogs\u00e5 klinisk ern\u00e6ringsfysiolog, Cathrine Borchsenius, p\u00e5.\u00a0<\/p>\n<p>        <img loading=\"lazy\" decoding=\"async\" itemprop=\"image\" src=\"https:\/\/www.europesays.com\/no\/wp-content\/uploads\/2025\/11\/83841427.webp\" width=\"180\" height=\"180\" alt=\"Cathrine Borchsenius\"\/><\/p>\n<p>            Cathrine Borchsenius<br \/>\n            Cathrine<br \/>\n            Borchsenius        <\/p>\n<p>Klinisk ern\u00e6ringsfysiolog<\/p>\n<p> Hun har tidligere uttalt at trenden med proteinprodukter har\u00a0\u00abtatt litt av\u00bb, fordi mange av dem ikke er spesielt sunne i seg selv. <\/p>\n<p>Likevel er hun positiv til matvarer som er naturlig rike p\u00e5 protein.\u00a0<\/p>\n<p>    Hvor mye protein trenger du?<\/p>\n<ul>\n<li>En person trenger rundt et gram protein per kilo kroppsvekt om dagen.\u00a0<\/li>\n<li>Trener du mye kan du trenge opp mot 1,6 gram per kilo.\u00a0<\/li>\n<li>Tidligere har man trodd at et enda h\u00f8yere proteininntak kunne v\u00e6re gunstig for de som \u00f8nsker \u00e5 bygge muskler, men nyere forskning tyder p\u00e5 at det er et s\u00e5kalt\u00a0\u00abtak\u00bb p\u00e5\u00a01,6 gram per kilo kroppsvekt.<\/li>\n<li>Proteiner vil ikke brukes som byggesteiner slik vi \u00f8nsker om vi spiser mer enn dette, det vil bare bli brukt som energi.\u00a0<\/li>\n<li>Personer med proteinunderskudd er som regel eldre, sm\u00e5spiste eller syke, som ogs\u00e5 gjerne f\u00e5r i seg for lite energi.\u00a0<\/li>\n<li>Proteiner i m\u00e5ltid er viktig for en god helse fordi det blant annet metter godt og er viktige byggesteiner for \u00e5 beholde eller bygge muskelmasse.\u00a0<\/li>\n<\/ul>\n<p class=\"italic m-italic\" data-lab-italic=\"italic\">Kilde: Cathrine Borchsenius, klinisk ern\u00e6ringsfysiolog<\/p>\n<p>      Vis mer<br \/>\n      Vis mindre<\/p>\n<p>&#8211; At folk n\u00e5 for eksempel velger \u00e5 spise mer cottage cheese, er jo bare bra, sa hun til <a href=\"https:\/\/dinside.dagbladet.no\/fritid\/lite-sans-for-det\/83654783\" target=\"_blank\" rel=\"nofollow noopener\">DinSide<\/a> i oktober.\u00a0<\/p>\n<p>I 2025 ligger Frya-fabrikken\u00a0an til \u00e5 lande over 8000 tonn produsert hytteost. Neste \u00e5r h\u00e5per Svanborg p\u00e5 femsifret, med 10 000 tonn.<\/p>\n<p>&#8211; Jeg er veldig spent p\u00e5 om vi har lagt den sterkeste veksten bak oss, sier hun.\u00a0<\/p>\n<p>Arbeiderne p\u00e5 meieriet er klar over at salget ikke vil fortsette \u00e5 vokse inn i evigheten, og at det etter hvert vil flate ut.\u00a0<\/p>\n<p>          <img loading=\"lazy\" decoding=\"async\" src=\"https:\/\/www.europesays.com\/no\/wp-content\/uploads\/2025\/11\/83851469.webp\" width=\"686\" height=\"392\" title=\"MEIERIVARER: Det er ikke bare cottage cheese og de typisk proteinrike produktene som lages p\u00e5 Frya. Produksjonen av melk, s\u00f8tmelk, r\u00f8mme, poseyoghurt og fl\u00f8te er ogs\u00e5 stor. Foto: Lars Eivind Bones \/ Dagbladet\" alt=\"\" class=\"\" style=\"--aspect-ratio-image: 1.75; \"\/><\/p>\n<p>\n          MEIERIVARER: Det er ikke bare cottage cheese og de typisk proteinrike produktene som lages p\u00e5 Frya. Produksjonen av melk, s\u00f8tmelk, r\u00f8mme, poseyoghurt og fl\u00f8te er ogs\u00e5 stor. Foto: Lars Eivind Bones \/ Dagbladet\n      <\/p>\n<p>&#8211; Men n\u00e5r dette n\u00e5 har p\u00e5g\u00e5tt i to \u00e5r, s\u00e5 er det jo ikke noen d\u00f8gnflue. Jeg tror det kommer til \u00e5 stabilisere seg p\u00e5 et h\u00f8yere niv\u00e5 enn det var da det startet, konstaterer Svanborg.\u00a0<\/p>\n<p>Anleggssjefen titter ned p\u00e5 PC-skjermen og forklarer at de ligger an til gode prognoser for \u00e5 kunne dekke ettersp\u00f8rselen det neste \u00e5ret.\u00a0<\/p>\n<p>If\u00f8lge henne forventer de en sterkere vekst p\u00e5 yoghurtsortimentet enn det de tidligere har sett. Satsingsomr\u00e5dene for produksjonen p\u00e5 Frya framover, er hun derimot ordknapp om.\u00a0<\/p>\n<p>    <a itemprop=\"url\" href=\"https:\/\/dinside.dagbladet.no\/reise\/advarer-nordmenn\/83846639\" rel=\"nofollow noopener\" target=\"_blank\"><\/p>\n<p>      <img loading=\"lazy\" decoding=\"async\" src=\"https:\/\/www.europesays.com\/no\/wp-content\/uploads\/2025\/11\/1763191589_694_83849531.webp\" width=\"980\" height=\"441\" title=\"Advarer nordmenn\" alt=\"\" class=\"lazyload\" style=\"--aspect-ratio-image: 2.22; \"\/><\/p>\n<p>        Advarer nordmenn<\/p>\n<p>    <\/a><\/p>\n<p>&#8211; Vi har en plan, men det er jo hemmelig, sier hun kort.\u00a0\u00a0<\/p>\n<p>Ogs\u00e5 n\u00e5r det gjelder smaksutvidelser for \u00abstjerne-produktet\u00bb, er anleggssjefen noe hemmelighetsfull.\u00a0<\/p>\n<p>&#8211; Men jeg blir veldig overrasket om det ikke kommer, hvis jeg kan si det p\u00e5 den m\u00e5ten, legger hun til med et lurt smil.\u00a0<\/p>\n","protected":false},"excerpt":{"rendered":"Kort fortalt Tine-fabrikken p\u00e5 Frya opplever en enorm \u00f8kning i produksjon av cottage cheese, med 32 tonn produsert&hellip;\n","protected":false},"author":2,"featured_media":87688,"comment_status":"","ping_status":"","sticky":false,"template":"","format":"standard","meta":{"footnotes":""},"categories":[56],"tags":[60,11620,1332,61,728,990,62,30,28,29,6176,1347,11621],"class_list":{"0":"post-87687","1":"post","2":"type-post","3":"status-publish","4":"format-standard","5":"has-post-thumbnail","7":"category-naeringsliv","8":"tag-business","9":"tag-cottage-cheese","10":"tag-dagligvarer","11":"tag-economy","12":"tag-fritid","13":"tag-matvarer","14":"tag-naeringsliv","15":"tag-no","16":"tag-norge","17":"tag-norway","18":"tag-protein","19":"tag-tine","20":"tag-yoghurt"},"share_on_mastodon":{"url":"https:\/\/pubeurope.com\/@no\/115552530655839904","error":""},"_links":{"self":[{"href":"https:\/\/www.europesays.com\/no\/wp-json\/wp\/v2\/posts\/87687","targetHints":{"allow":["GET"]}}],"collection":[{"href":"https:\/\/www.europesays.com\/no\/wp-json\/wp\/v2\/posts"}],"about":[{"href":"https:\/\/www.europesays.com\/no\/wp-json\/wp\/v2\/types\/post"}],"author":[{"embeddable":true,"href":"https:\/\/www.europesays.com\/no\/wp-json\/wp\/v2\/users\/2"}],"replies":[{"embeddable":true,"href":"https:\/\/www.europesays.com\/no\/wp-json\/wp\/v2\/comments?post=87687"}],"version-history":[{"count":0,"href":"https:\/\/www.europesays.com\/no\/wp-json\/wp\/v2\/posts\/87687\/revisions"}],"wp:featuredmedia":[{"embeddable":true,"href":"https:\/\/www.europesays.com\/no\/wp-json\/wp\/v2\/media\/87688"}],"wp:attachment":[{"href":"https:\/\/www.europesays.com\/no\/wp-json\/wp\/v2\/media?parent=87687"}],"wp:term":[{"taxonomy":"category","embeddable":true,"href":"https:\/\/www.europesays.com\/no\/wp-json\/wp\/v2\/categories?post=87687"},{"taxonomy":"post_tag","embeddable":true,"href":"https:\/\/www.europesays.com\/no\/wp-json\/wp\/v2\/tags?post=87687"}],"curies":[{"name":"wp","href":"https:\/\/api.w.org\/{rel}","templated":true}]}}