{"id":87691,"date":"2025-11-15T07:34:17","date_gmt":"2025-11-15T07:34:17","guid":{"rendered":"https:\/\/www.europesays.com\/no\/87691\/"},"modified":"2025-11-15T07:34:17","modified_gmt":"2025-11-15T07:34:17","slug":"slik-blir-rentefremtiden-e24","status":"publish","type":"post","link":"https:\/\/www.europesays.com\/no\/87691\/","title":{"rendered":"Slik blir rentefremtiden \u2013 E24"},"content":{"rendered":"<p class=\"fullWidthDesktop hyperion-css-71ztg2\" data-test-tag=\"lead-text\">Mens noen tror rentekuttene kan dr\u00f8ye til 2027, ser andre muligheter for mange kutt i 2026.<\/p>\n<p><img decoding=\"async\" class=\"image-asset hyperion-css-138qft7\" data-test-tag=\"image-asset\" src=\"https:\/\/www.europesays.com\/no\/wp-content\/uploads\/2025\/11\/a2e5c8f4-73ee-4c8b-bfa7-501d8a799a0d\"  alt=\"NESTE \u00c5R: Det kan bli b\u00e5de sommer og h\u00f8st igjen f\u00f8r nordmenn, som her p\u00e5 Karl Johan i Oslo, f\u00e5r et nytt rentekutt. Norges Banks prognose tilsier ett kutt i 2026.\"  loading=\"eager\" fetchpriority=\"high\" style=\"aspect-ratio:1900 \/ 1267\"\/>NESTE \u00c5R: Det kan bli b\u00e5de sommer og h\u00f8st igjen f\u00f8r nordmenn, som her p\u00e5 Karl Johan i Oslo, f\u00e5r et nytt rentekutt. Norges Banks prognose tilsier ett kutt i 2026. Foto: \u00d8rn E. Borgen \/ NTBPublisert: Publisert: <\/p>\n<p>For mindre enn 3 timer siden<\/p>\n<p>Kortversjonen<\/p>\n<ul class=\"hyperion-css-pkq1ci\" data-test-tag=\"list\">\n<li class=\"hyperion-css-12h2ush\">Usikkerheten er stor om n\u00e5r Norges Bank vil kutte renten neste gang, med prognoser som varierer fra flere rentekutt i 2026 til ingen f\u00f8r 2027.<\/li>\n<li class=\"hyperion-css-12h2ush\">H\u00f8y prisveksten og l\u00f8nnsveksten er viktige faktorer for \u00f8konomene som venter f\u00e5 kutt. Det samme er troen p\u00e5 at en oppsving for norsk \u00f8konomi fortsetter.<\/li>\n<li class=\"hyperion-css-12h2ush\">\u00d8konomene som venter opp mot fire kutt i 2026 argumenterer med \u00f8kende ledighet, avtagende prisvekst, en vekst under trend og lavere oljeinvesteringer.<\/li>\n<li class=\"hyperion-css-12h2ush\">Norges Bank selv har signalisert at det blir ett rentekutt i \u00e5ret de neste tre \u00e5rene.<\/li>\n<\/ul>\n<p class=\"hyperion-css-10lbhat\">Oppsummeringen er laget av AI-verkt\u00f8yet ChatGPT og kvalitetssikret av E24s journalister<\/p>\n<p>Vis mer <\/p>\n<ul class=\"hyperion-css-pte5x0\">\n<li aria-label=\"link\" class=\"narrow-button hyperion-css-1sz7d3n\">Kopier lenke<\/li>\n<li aria-label=\"link\" class=\"wide-button hyperion-css-1sz7d3n\">Kopier lenke<\/li>\n<li aria-label=\"facebook\" class=\"narrow-button hyperion-css-1sz7d3n\">Del p\u00e5 Facebook<\/li>\n<li aria-label=\"facebook\" class=\"wide-button hyperion-css-1sz7d3n\">Del p\u00e5 Facebook<\/li>\n<li aria-label=\"email\" class=\"narrow-button hyperion-css-1sz7d3n\">Del med e-post<\/li>\n<li aria-label=\"email\" class=\"wide-button hyperion-css-1sz7d3n\">Del med e-post<\/li>\n<\/ul>\n<p class=\"hyperion-css-1lemvax\">Akkurat hvor lenge vi m\u00e5 vente, og hvor mange kutt det blir neste \u00e5r, er det fortsatt stor usikkerhet om.<\/p>\n<p class=\"hyperion-css-1lemvax\">Norges Bank <a data-test-tag=\"internal-link\" href=\"https:\/\/e24.no\/norsk-oekonomi\/i\/Rz3zGd\/norges-bank-holder-renten-uendret\" class=\"hyperion-css-1rezu2g\" rel=\"nofollow noopener\" target=\"\" aria-label=\"\u00abhar ikke hastverk\u00bb\">\u00abhar ikke hastverk\u00bb<\/a> med \u00e5 sette ned renten. <\/p>\n<p class=\"hyperion-css-1lemvax\">Et <a data-test-tag=\"internal-link\" href=\"https:\/\/e24.no\/norsk-oekonomi\/i\/wgy0WP\/overraskende-sterk-prisvekst-et-aldri-saa-lite-inflasjonssjokk\" class=\"hyperion-css-1rezu2g\" rel=\"nofollow noopener\" target=\"\" aria-label=\"\u00abaldri s\u00e5 lite inflasjonssjokk\u00bb\">\u00abaldri s\u00e5 lite inflasjonssjokk\u00bb<\/a> denne uken ga ikke noen \u00f8kt tro p\u00e5 raskere rentekutt.<\/p>\n<p><a data-test-tag=\"teaser-small:link-internal\" href=\"https:\/\/e24.no\/boers-og-finans\/i\/rPvKxl\/laer-av-ekspertene-slik-blir-du-en-bedre-investor\" class=\"imagePosition-top inline hyperion-css-6238vu\" rel=\"nofollow noopener\" target=\"\" aria-label=\"L\u00e6r av ekspertene: Slik blir du en bedre investor\"><\/p>\n<p>Les p\u00e5 E24+<\/p>\n<p>L\u00e6r av ekspertene: Slik blir du en bedre investor<\/p>\n<p><\/a><\/p>\n<p class=\"hyperion-css-1lemvax\">Det kan bli null i 2026, tror noen av de \u00e5tte \u00f8konomene E24 har snakket med. <\/p>\n<p class=\"hyperion-css-1lemvax\">Andre tror det kan bli flere kutt enn det ene Norges Bank selv har ansl\u00e5tt. P\u00e5 det meste sp\u00e5s det s\u00e5 mye som fire.<\/p>\n<p>\u2013 Ikke lett<\/p>\n<p class=\"hyperion-css-1lemvax\">Prisveksten er et viktig argument blant de som tror det blir f\u00e5 rentekutt i \u00e5rene som kommer. Selv om inflasjonen har falt fra toppen, er vi langt unna m\u00e5letm\u00e5letNorges Bank styrer rentesettingen etter et m\u00e5l om lav og stabil prisvekst p\u00e5 rundt to prosent p\u00e5 \u00e5rsbasis. I tillegg skal rentesettingen bidra til at flest mulig har jobb. om to prosent.<\/p>\n<p class=\"hyperion-css-1lemvax\">KjerneinflasjonenKjerneinflasjonenM\u00e5ler prisveksten sett bort fra energipriser, som kan svinge en del, og avgiftsendringer. Det er kjerneinflasjonen Norges Bank er mest opptatt av n\u00e5r de setter renten., som Norges Bank ser mest p\u00e5, har bitt seg fast p\u00e5 rundt 3 prosent i halvannet \u00e5r. I oktober steg den til 3,4 prosent.<\/p>\n<p class=\"hyperion-css-1lemvax\">\u2013 Nedgangen har stoppet opp. Da er det ikke lett \u00e5 sette renten ned. Norges Bank er t\u00e5lmodige med \u00e5 f\u00e5 inflasjonen ned, men har ikke all verdens t\u00e5lmodighet, sier Marius Gonsholt Hov, sjef\u00f8konom i Handelsbanken.<\/p>\n<p><img decoding=\"async\" class=\"image-asset hyperion-css-n6kkq1\" data-test-tag=\"image-asset\" src=\"https:\/\/www.europesays.com\/no\/wp-content\/uploads\/2025\/11\/135e436a-2efd-437f-a755-0605ce7decb0\"  alt=\"\"  fetchpriority=\"auto\" style=\"aspect-ratio:1900 \/ 1267\"\/>Marius Gonsholt Hov<\/p>\n<p class=\"hyperion-css-1lemvax\">Sjef\u00f8konom i Handelsbanken<\/p>\n<p class=\"hyperion-css-1lemvax\">Hov tror det blir ett kutt i 2026, og at det kommer i september.<\/p>\n<p class=\"hyperion-css-1lemvax\">L\u00f8nnsveksten blir helt avgj\u00f8rende for Norges Bank, mener sjefstrateg Erica Dalst\u00f8 i SEB. Det henger sammen med at h\u00f8y l\u00f8nnsvekst bidrar til \u00e5 holde prisveksten oppe, gjennom \u00f8kte l\u00f8nnskostnader for bedriftene som igjen gir pris\u00f8kning p\u00e5 varer og tjenester.<\/p>\n<p><img decoding=\"async\" class=\"image-asset hyperion-css-n6kkq1\" data-test-tag=\"image-asset\" src=\"https:\/\/www.europesays.com\/no\/wp-content\/uploads\/2025\/11\/479f100a-3d1f-4794-9fbe-f0a8d25343ec\"  alt=\"\"  fetchpriority=\"auto\" style=\"aspect-ratio:1900 \/ 1267\"\/>Erica Dalst\u00f8<\/p>\n<p class=\"hyperion-css-1lemvax\">\u2013 Jeg tror til dels Norges Bank \u00f8nsker \u00e5 se fasit for neste \u00e5r, fordi l\u00f8nnsveksten i fjor ble h\u00f8yere enn antatt. Og de \u00f8nsker \u00e5 f\u00e5 et tydelig bilde fra l\u00f8nnsoppgj\u00f8ret av hva l\u00f8nnsveksten kan bli neste \u00e5r.<\/p>\n<p class=\"hyperion-css-1lemvax\">Dalst\u00f8 tror p\u00e5 to kutt neste \u00e5r, i juni og desember. Grunnen til at SEB venter mer enn ett er prim\u00e6rt at de er \u00ablitt mer optimistiske\u00bb for at prisveksten skal komme raskere ned, forklarer sjefstrategen.<\/p>\n<p>\u2013 Kommer til \u00e5 dr\u00f8ye<\/p>\n<p class=\"hyperion-css-1lemvax\">Kjersti Haugland, sjef\u00f8konom i DNB Carnegie, tror det ene kuttet de venter neste \u00e5r kommer i juni. Hun og flere av \u00f8konomene understreker at usikkerheten er stor om det n\u00f8yaktige tidspunktet s\u00e5pass langt frem i tid.<\/p>\n<p class=\"hyperion-css-1lemvax\">\u2013 Det viktigste er at det kommer til \u00e5 dr\u00f8ye en god stund med rentekutt, og at det blir f\u00e5 av dem.<\/p>\n<p><img decoding=\"async\" class=\"image-asset hyperion-css-n6kkq1\" data-test-tag=\"image-asset\" src=\"https:\/\/www.europesays.com\/no\/wp-content\/uploads\/2025\/11\/6581bb1a-498e-42a7-ba51-b3d589cc9ed6\"  alt=\"\"  fetchpriority=\"auto\" style=\"aspect-ratio:1900 \/ 1267\"\/>Kjersti Haugland<\/p>\n<p class=\"hyperion-css-1lemvax\">Sjef\u00f8konom i DNB Carnegie<\/p>\n<p class=\"hyperion-css-1lemvax\">Etter det ene kuttet, ser ikke Haugland flere kutt i \u00e5rene fremover. I s\u00e5 fall blir rentebunnen 3,75 prosent.<\/p>\n<p class=\"hyperion-css-1lemvax\">\u2013 \u00c5rsaken er at vi ser norsk \u00f8konomi skyte fart i 2025, allerede f\u00f8r rentekuttene. Renten er ikke s\u00e5 innstrammende som Norges Bank legger til grunn, tror Haugland.<\/p>\n<p class=\"hyperion-css-1lemvax\">I tillegg til at norsk \u00f8konomi vil gj\u00f8re det bra, ser DNB-\u00f8konomen for seg at arbeidsledigheten vil holde seg lav og at inflasjonen vil slite med \u00e5 komme ned mot to prosent de n\u00e6rmeste \u00e5rene.<\/p>\n<p>Tror p\u00e5 fire kutt<\/p>\n<p class=\"hyperion-css-1lemvax\">I en annen ende av skalaen venter Frank Jullum i Danske Bank og Jan Ludvig Andreassen i Eika Gruppen begge hele fire rentekutt i l\u00f8pet av 2026.<\/p>\n<p class=\"hyperion-css-1lemvax\">\u2013 Jeg ville gjette p\u00e5 n\u00e5 at mars er det mest sannsynlige. For min del kunne de godt kuttet i desember, sier Andreassen om n\u00e5r neste kutt kommer.<\/p>\n<p><img decoding=\"async\" class=\"image-asset hyperion-css-n6kkq1\" data-test-tag=\"image-asset\" src=\"https:\/\/www.europesays.com\/no\/wp-content\/uploads\/2025\/11\/825ea546-afde-4a0d-9e91-d2b469ddcf5b\"  alt=\"\"  fetchpriority=\"auto\" style=\"aspect-ratio:1900 \/ 1267\"\/>Jan Ludvig Andreassen<\/p>\n<p class=\"hyperion-css-1lemvax\">Sjef\u00f8konom i Eika Gruppen<\/p>\n<p class=\"hyperion-css-1lemvax\">Han mener oppsvinget i \u00f8konomien er litt overdrevet, og at tror ledigheten vil skli oppover utover vinteren.<\/p>\n<p class=\"hyperion-css-1lemvax\">\u2013 Da vil det bli stadig mer rop om rentekutt.<\/p>\n<p class=\"hyperion-css-1lemvax\">Jullum argumenterer med at \u00abledigheten \u00f8ker, sysselsettingsveksten avtar, inflasjonen avtar og kredittveksten er lavere enn inflasjonen\u00bb.<\/p>\n<p class=\"hyperion-css-1lemvax\">\u2013 Alt dette tyder p\u00e5 at veksten er under trend og at renten virker innstrammende. Utover i neste \u00e5r vil dessuten medvinden fra oljeinvesteringene snu til en mild motvind, og det skaper rom for ekspansjon i resten av \u00f8konomien, skriver Danske Bank-\u00f8konomen.<\/p>\n<p><img decoding=\"async\" class=\"image-asset hyperion-css-n6kkq1\" data-test-tag=\"image-asset\" src=\"https:\/\/www.europesays.com\/no\/wp-content\/uploads\/2025\/11\/cb8a809b-2126-4773-b4dc-8a1d395af359\"  alt=\"\"  fetchpriority=\"auto\" style=\"aspect-ratio:800 \/ 534\"\/>Frank Jullum<\/p>\n<p class=\"hyperion-css-1lemvax\">Sjef\u00f8konom i Danske Bank<\/p>\n<p class=\"hyperion-css-1lemvax\">\u2013 Om \u00f8konomien reagerer raskere eller kraftigere p\u00e5 rentekutt enn vi antar, blir det f\u00e6rre kutt enn vi tror, men det er ingen ting i utviklingen siden kuttene i juni og september som tyder p\u00e5 det. Snarere tvert imot, mener Jullum.<\/p>\n<p>\u2013 Burde ikke juble<\/p>\n<p class=\"hyperion-css-1lemvax\">Det er ikke sikkert det blir kutt i det hele tatt.<\/p>\n<p class=\"hyperion-css-1lemvax\">Nordea Markets og Sparebank 1 Markets tror begge at Norges Bank vil g\u00e5 gjennom neste \u00e5r uten \u00e5 r\u00f8re renten i det hele tatt.<\/p>\n<p class=\"hyperion-css-1lemvax\">\u2013 Hvis vi f\u00e5r mange rentekutt neste \u00e5r, tror jeg ikke folk burde juble. Da har man f\u00e5tt et negativt sjokk, sier Dane Cekov i Sparebank 1 Markets.<\/p>\n<p><img decoding=\"async\" class=\"image-asset hyperion-css-n6kkq1\" data-test-tag=\"image-asset\" src=\"https:\/\/www.europesays.com\/no\/wp-content\/uploads\/2025\/11\/7a38861e-0a49-4647-b6af-31f26e741a52\"  alt=\"\"  fetchpriority=\"auto\" style=\"aspect-ratio:1900 \/ 1290\"\/>Dane Cekov<\/p>\n<p class=\"hyperion-css-1lemvax\">Strateg for renter og valuta i Sparebank 1 Markets<\/p>\n<p class=\"hyperion-css-1lemvax\">De har tvilt seg frem til \u00e5 ikke vente kutt. Begrunnelsen er at prisvekst er for h\u00f8y, at folk f\u00e5r bedre r\u00e5d med to rentekutt allerede og h\u00f8y l\u00f8nnsvekst, at ledigheten fortsatt er lav og at boligmarkedet er i god stand.<\/p>\n<p class=\"hyperion-css-1lemvax\">Sara Midtgaard i Nordea tror kjerneinflasjonen vil holde seg oppe p\u00e5 3 prosent dersom Norges Bank fortsetter \u00e5 kutte.<\/p>\n<p class=\"hyperion-css-1lemvax\">\u2013 V\u00e5r vurdering er at 4 prosent er n\u00f8ytral rente i Norge. Med fire prosent vil \u00f8konomien utvikle seg i tr\u00e5d med normale m\u00f8nster, sier Midtgaard, som ikke venter kutt hverken i 2026 eller 2027.<\/p>\n<p><img decoding=\"async\" class=\"image-asset hyperion-css-n6kkq1\" data-test-tag=\"image-asset\" src=\"https:\/\/www.europesays.com\/no\/wp-content\/uploads\/2025\/11\/24c89710-cd15-43d9-a221-551ff0863c0c\"  alt=\"\"  fetchpriority=\"auto\" style=\"aspect-ratio:1900 \/ 1249\"\/>Sara Midtgaard<\/p>\n<p class=\"hyperion-css-1lemvax\">Senior makro- og rentestrateg i Nordea Markets<\/p>\n<p class=\"hyperion-css-1lemvax\">Tore Grob\u00e6k Vamraak, sjef\u00f8konom i Sparebanken Norge, tror ogs\u00e5 det vil g\u00e5 mer enn et \u00e5r.<\/p>\n<p class=\"hyperion-css-1lemvax\">\u2013 I lys av det Norges Bank har sagt, og de siste inflasjonstallene, s\u00e5 vil jeg kanskje si desember 2026. Det er ekstremt usikkert, og betyr at det ikke er sikkert at det blir rentekutt neste \u00e5r.<\/p>\n<p><img decoding=\"async\" class=\"image-asset hyperion-css-n6kkq1\" data-test-tag=\"image-asset\" src=\"https:\/\/www.europesays.com\/no\/wp-content\/uploads\/2025\/11\/54fd6e11-aaaa-4154-bc02-479795f86b43\"  alt=\"\"  fetchpriority=\"auto\" style=\"aspect-ratio:1198 \/ 794\"\/>Tore Grob\u00e6k Vamraak<\/p>\n<p class=\"hyperion-css-1lemvax\">Sjef\u00f8konom i Sparebanken Norge<\/p>\n<p>Ett kutt per \u00e5r<\/p>\n<p class=\"hyperion-css-1lemvax\">Norges Bank satt ned renten til 4 prosent <a data-test-tag=\"internal-link\" href=\"https:\/\/e24.no\/norsk-oekonomi\/i\/Vz0ELV\/norges-bank-setter-ned-renten\" class=\"hyperion-css-1rezu2g\" rel=\"nofollow noopener\" target=\"\" aria-label=\"i september\">i september<\/a>, det andre kuttet i 2025. I starten av november ble renten <a data-test-tag=\"internal-link\" href=\"https:\/\/e24.no\/norsk-oekonomi\/i\/Rz3zGd\/norges-bank-holder-renten-uendret\" class=\"hyperion-css-1rezu2g\" rel=\"nofollow noopener\" target=\"\" aria-label=\"holdt uendret\">holdt uendret<\/a>, og vurderingen fra sentralbanken var at utsiktene for \u00f8konomien ikke hadde endret seg vesentlig.<\/p>\n<p class=\"hyperion-css-1lemvax\">\u2013 Vi har ikke hastverk med \u00e5 sette renten ned, sa sentralbanksjef Ida Wolden Bache etter novemberm\u00f8tet.<\/p>\n<p><img decoding=\"async\" class=\"image-asset hyperion-css-u06ts1\" data-test-tag=\"image-asset\" src=\"https:\/\/www.europesays.com\/no\/wp-content\/uploads\/2025\/11\/695c512a-8903-454d-8b31-05080650fca1\"  alt=\"ETT: Sentralbanksjef Ida Wolden Bache har signalisert at det ligger an til ett rentekutt i \u00e5ret de neste tre \u00e5rene.\"  loading=\"eager\" fetchpriority=\"high\" style=\"aspect-ratio:1900 \/ 1267\"\/>ETT: Sentralbanksjef Ida Wolden Bache har signalisert at det ligger an til ett rentekutt i \u00e5ret de neste tre \u00e5rene. Foto: Thomas Fure \/ NTB<\/p>\n<p class=\"hyperion-css-1lemvax\">Rentebanen tilsier at det blir \u00abett rentekutt i \u00e5ret de neste tre \u00e5rene\u00bb, forklarte sentralbanksjefen i september.<\/p>\n<p class=\"hyperion-css-1lemvax\">N\u00e5r i 2026 det neste kuttet kommer har ikke Norges Bank gitt noen tydelige hint om. <a data-test-tag=\"internal-link\" href=\"https:\/\/e24.no\/boers-og-finans\/i\/qPjGAE\/analytiker-om-rentebanen-trolig-ett-rentekutt-til-neste-aar\" class=\"hyperion-css-1rezu2g\" rel=\"nofollow noopener\" target=\"\" aria-label=\"Ut ifra rentebanen\">Ut ifra rentebanen<\/a> kan det skje til sommeren eller i f\u00f8rste del av h\u00f8sten. Det er ogs\u00e5 en viss \u00e5pning for enda et kutt mot slutten av \u00e5ret.<\/p>\n","protected":false},"excerpt":{"rendered":"Mens noen tror rentekuttene kan dr\u00f8ye til 2027, ser andre muligheter for mange kutt i 2026. NESTE \u00c5R:&hellip;\n","protected":false},"author":2,"featured_media":87692,"comment_status":"","ping_status":"","sticky":false,"template":"","format":"standard","meta":{"footnotes":""},"categories":[56],"tags":[60,61,62,30,28,29],"class_list":{"0":"post-87691","1":"post","2":"type-post","3":"status-publish","4":"format-standard","5":"has-post-thumbnail","7":"category-naeringsliv","8":"tag-business","9":"tag-economy","10":"tag-naeringsliv","11":"tag-no","12":"tag-norge","13":"tag-norway"},"share_on_mastodon":{"url":"https:\/\/pubeurope.com\/@no\/115552562090219383","error":""},"_links":{"self":[{"href":"https:\/\/www.europesays.com\/no\/wp-json\/wp\/v2\/posts\/87691","targetHints":{"allow":["GET"]}}],"collection":[{"href":"https:\/\/www.europesays.com\/no\/wp-json\/wp\/v2\/posts"}],"about":[{"href":"https:\/\/www.europesays.com\/no\/wp-json\/wp\/v2\/types\/post"}],"author":[{"embeddable":true,"href":"https:\/\/www.europesays.com\/no\/wp-json\/wp\/v2\/users\/2"}],"replies":[{"embeddable":true,"href":"https:\/\/www.europesays.com\/no\/wp-json\/wp\/v2\/comments?post=87691"}],"version-history":[{"count":0,"href":"https:\/\/www.europesays.com\/no\/wp-json\/wp\/v2\/posts\/87691\/revisions"}],"wp:featuredmedia":[{"embeddable":true,"href":"https:\/\/www.europesays.com\/no\/wp-json\/wp\/v2\/media\/87692"}],"wp:attachment":[{"href":"https:\/\/www.europesays.com\/no\/wp-json\/wp\/v2\/media?parent=87691"}],"wp:term":[{"taxonomy":"category","embeddable":true,"href":"https:\/\/www.europesays.com\/no\/wp-json\/wp\/v2\/categories?post=87691"},{"taxonomy":"post_tag","embeddable":true,"href":"https:\/\/www.europesays.com\/no\/wp-json\/wp\/v2\/tags?post=87691"}],"curies":[{"name":"wp","href":"https:\/\/api.w.org\/{rel}","templated":true}]}}