{"id":87812,"date":"2025-11-15T11:16:12","date_gmt":"2025-11-15T11:16:12","guid":{"rendered":"https:\/\/www.europesays.com\/no\/87812\/"},"modified":"2025-11-15T11:16:12","modified_gmt":"2025-11-15T11:16:12","slug":"seks-pagrepet-etter-kosmetikkfunn-i-nittedal","status":"publish","type":"post","link":"https:\/\/www.europesays.com\/no\/87812\/","title":{"rendered":"Seks p\u00e5grepet etter kosmetikkfunn i Nittedal"},"content":{"rendered":"\n<p class=\"_lead_o9xde_2 _lead_xtcu6_50 layout-component text-serif-m layout-normal text-serif-l layout-component layout-wide layout-padded _wide_17hqh_1 layout-padded\">Fredag kveld sa politiet at de sjekket funn av store mengder kosmetikk mot sjokkbrekket p\u00e5 Romerikssenteret. N\u00e5 viser det seg at det ogs\u00e5 ble funnet store mengder s\u00f8lv p\u00e5 stedet. <\/p>\n<p> <img class=\"_image_qp4xg_65 layout-component layout-wide\" data-fullscreen- data-track-element-type=\"Article image fullscreen\" data-track-name=\"ImageFullscreen\" fetchpriority=\"high\" decoding=\"sync\" loading=\"eager\" height=\"181\" itemprop=\"image\"  src=\"https:\/\/www.europesays.com\/no\/wp-content\/uploads\/2025\/11\/1763163009_45_ea08448de3d1d8c25cf984783d111f0b.jpg\"  style=\"object-position:50% 50%;aspect-ratio:1.75;height:auto;object-fit:cover;width:100%\" width=\"102\"\/>  <\/p>\n<ul aria-hidden=\"true\" class=\"_images_18f0k_111\">\n<li><a class=\"_link_18f0k_116\" href=\"https:\/\/www.vg.no\/forfatter\/synne-eggum-myrvang\" style=\"z-index:1\" title=\"Synne Eggum Myrvang\" rel=\"nofollow noopener\" target=\"_blank\"><img alt=\"Bilde av Synne Eggum Myrvang\" class=\"_image_18f0k_93\" fetchpriority=\"low\" loading=\"lazy\" decoding=\"async\" itemprop=\"image\"  src=\"https:\/\/www.europesays.com\/no\/wp-content\/uploads\/2025\/11\/1763205370_374_cb0de739-d6fc-42ac-b090-963b122bad0d\"  width=\"480\"\/><\/a><\/li>\n<\/ul>\n<p> Oppdatert l\u00f8rdag 15. november kl. 12:15     <\/p>\n<p class=\"_paragraph_o9xde_4 _paragraph_xtcu6_10 layout-component text-serif-m layout-normal text-serif-m layout-padded\">Seks personer ble p\u00e5grepet i Nittedal fredag kveld &#8211; etter observasjoner av en bil politiet tidligere hadde etterlyst. <\/p>\n<p class=\"_paragraph_o9xde_4 _paragraph_xtcu6_10 layout-component text-serif-m layout-normal text-serif-m layout-padded\">P\u00e5 adressen ble det if\u00f8lge \u00d8st politidistrikt funnet store mengder kosmetikk &#8211; og politiet unders\u00f8ker om funnet har sammenheng med det spektakul\u00e6re sjokkbrekket p\u00e5 Romerikssenteret tidligere i uken. <\/p>\n<p class=\"_paragraph_o9xde_4 _paragraph_xtcu6_10 layout-component text-serif-m layout-normal text-serif-m layout-padded\"><strong class=\"_strong_o9xde_25\">L\u00f8rdag morgen har saken tatt en ny vending. <\/strong><\/p>\n<p class=\"_paragraph_o9xde_4 _paragraph_xtcu6_10 layout-component text-serif-m layout-normal text-serif-m layout-padded\">P\u00e5gripelsene settes n\u00e5 i sammenheng med et tyveri fra Arven S\u00f8lvvareverksted i Bergen 3. november &#8211; og det er derfor Vest politidistrikt som n\u00e5 uttaler seg om saken. <\/p>\n<p>\u2013 Minst \u00e9n million kroner<\/p>\n<p class=\"_paragraph_o9xde_4 _paragraph_xtcu6_10 layout-component text-serif-m layout-normal text-serif-m layout-padded\">De seks personene er n\u00e5 siktet for grovt tyveri etter gullsmedinnbruddet i Bergen.<\/p>\n<p class=\"_paragraph_o9xde_4 _paragraph_xtcu6_10 layout-component text-serif-m layout-normal text-serif-m layout-padded\"><strong class=\"_strong_o9xde_25\">\u2013 3. november var det et grovt tyveri fra s\u00f8lvverkstedet her der det ble stj\u00e5let s\u00f8lvplater for et betydelig bel\u00f8p, det er i hvert fall snakk om til en verdi av \u00e9n million kroner, sier  jourhavende jurist Lene Cecilie Tertnes Christiansen i Vest politidistrikt overfor VG.<\/strong><\/p>\n<p><img alt=\"Innbruddet skjedde hos Arven s\u00f8lvvarefabrikk i Bergen.  Foto: Google Earth\" class=\"_image_qp4xg_65 layout-component layout-normal\" data-fullscreen- data-track-element-type=\"Article image fullscreen\" data-track-name=\"ImageFullscreen\" decoding=\"async\" loading=\"lazy\" height=\"4906\" itemprop=\"image\"  src=\"https:\/\/www.europesays.com\/no\/wp-content\/uploads\/2025\/11\/6a03d979-8ce0-4812-ab15-ce88b05af5fb\"  style=\"object-position:0% 0%\" width=\"8192\"\/>Innbruddet skjedde hos Arven s\u00f8lvvarefabrikk i Bergen.  Foto: Google Earth<\/p>\n<p class=\"_paragraph_o9xde_4 _paragraph_xtcu6_10 layout-component text-serif-m layout-normal text-serif-m layout-padded\">I forbindelse med etterforskningen har politiet identifisert fire personer og en bil &#8211; som blant annet ble etterlyst via bilder i <a href=\"https:\/\/www.ba.no\/politiet-vil-finne-disse-mennene-etter-gullsmed-brekket\/s\/5-8-3217054\" class=\"_link_o9xde_39\" rel=\"nofollow noopener\" target=\"_blank\">BA<\/a> og p\u00e5 <a href=\"https:\/\/play.tv2.no\/programmer\/fakta\/aasted-norge\/sesong-20\/aasted-norge-20-episode-13-2108264.html?play=true\" class=\"_link_o9xde_39\" rel=\"nofollow noopener\" target=\"_blank\">\u00c5sted Norge<\/a>. <\/p>\n<p class=\"_paragraph_o9xde_4 _paragraph_xtcu6_10 layout-component text-serif-m layout-normal text-serif-m layout-padded\"><strong class=\"_strong_o9xde_25\">\u2013 De seks som er p\u00e5grepet vil bli fremstilt for varetektsfengsling s\u00f8ndag, opplyser hun videre. <\/strong><\/p>\n<ul class=\"_gallery_1qa3s_23\" tabindex=\"0\">\n<li class=\"_item_1qa3s_37\" data-index=\"0\"><img decoding=\"async\" class=\"_image_foru8_23 _articleGallery_foru8_39\" data-fullscreen- width=\"1200\" height=\"765\" itemprop=\"image\" loading=\"lazy\"  src=\"https:\/\/www.europesays.com\/no\/wp-content\/uploads\/2025\/11\/404a4898-36cf-4bae-b5b0-d50fe4ec11f6\"  style=\"object-position:50% 50%;aspect-ratio:var(--gallery-aspect-ratio, 16 \/ 9)\"\/>Her er de mistenkte p\u00e5 vei fra s\u00f8lvvarefabrikken med det som ser ut som en trillekoffert. Foto: Politiet<\/li>\n<li class=\"_item_1qa3s_37\" data-index=\"1\"><img decoding=\"async\" class=\"_image_foru8_23 _articleGallery_foru8_39\" data-fullscreen- width=\"1200\" height=\"793\" itemprop=\"image\" loading=\"lazy\"  src=\"https:\/\/www.europesays.com\/no\/wp-content\/uploads\/2025\/11\/9c151edc-652b-43ca-9e21-08395c3d4005\"  style=\"object-position:50% 50%;aspect-ratio:var(--gallery-aspect-ratio, 16 \/ 9)\"\/>Politiet har g\u00e5tt ut med dette bildet av en britiskregistert Mercedes, som de mener er knyttet til innbruddet. Foto: Politiet<\/li>\n<li class=\"_item_1qa3s_37\" data-index=\"2\"><img decoding=\"async\" class=\"_image_foru8_23 _articleGallery_foru8_39\" data-fullscreen- width=\"1200\" height=\"861\" itemprop=\"image\" loading=\"lazy\"  src=\"https:\/\/www.europesays.com\/no\/wp-content\/uploads\/2025\/11\/d9832622-8286-4bf9-ad95-076d71cce9e4\"  style=\"object-position:50% 50%;aspect-ratio:var(--gallery-aspect-ratio, 16 \/ 9)\"\/>Politiet har g\u00e5tt ut med bilder av disse to personene i forbindelse med innbruddet. Foto: Politiet<\/li>\n<\/ul>\n<p>Her er de mistenkte p\u00e5 vei fra s\u00f8lvvarefabrikken med det som ser ut som en trillekoffert. Foto: Politiet<\/p>\n<p class=\"_paragraph_o9xde_4 _paragraph_xtcu6_10 layout-component text-serif-m layout-normal text-serif-m layout-padded\">Jourhavende jurist Linda Tengesdal i \u00d8st politidistrikt sier f\u00f8lgende til VG om en kobling til parfymetyveriet p\u00e5 Kl\u00f8fta tidligere i uken: <\/p>\n<p class=\"_paragraph_o9xde_4 _paragraph_xtcu6_10 layout-component text-serif-m layout-normal text-serif-m layout-padded\">\u2013 Funnene vi har gjort p\u00e5 stedet gj\u00f8r at vi unders\u00f8ker om de ogs\u00e5 har en kobling til brekket p\u00e5 Romerikssenteret. <\/p>\n","protected":false},"excerpt":{"rendered":"Fredag kveld sa politiet at de sjekket funn av store mengder kosmetikk mot sjokkbrekket p\u00e5 Romerikssenteret. N\u00e5 viser&hellip;\n","protected":false},"author":2,"featured_media":84949,"comment_status":"","ping_status":"","sticky":false,"template":"","format":"standard","meta":{"footnotes":""},"categories":[10],"tags":[20,21,24,25,15,22,23,13,30,28,29,14,16,26,27],"class_list":{"0":"post-87812","1":"post","2":"type-post","3":"status-publish","4":"format-standard","5":"has-post-thumbnail","7":"category-norge","8":"tag-breaking-news","9":"tag-breakingnews","10":"tag-featured-news","11":"tag-featurednews","12":"tag-headlines","13":"tag-latest-news","14":"tag-latestnews","15":"tag-news","16":"tag-no","17":"tag-norge","18":"tag-norway","19":"tag-nyheter","20":"tag-overskrifter","21":"tag-top-stories","22":"tag-topstories"},"share_on_mastodon":{"url":"https:\/\/pubeurope.com\/@no\/115553435143079418","error":""},"_links":{"self":[{"href":"https:\/\/www.europesays.com\/no\/wp-json\/wp\/v2\/posts\/87812","targetHints":{"allow":["GET"]}}],"collection":[{"href":"https:\/\/www.europesays.com\/no\/wp-json\/wp\/v2\/posts"}],"about":[{"href":"https:\/\/www.europesays.com\/no\/wp-json\/wp\/v2\/types\/post"}],"author":[{"embeddable":true,"href":"https:\/\/www.europesays.com\/no\/wp-json\/wp\/v2\/users\/2"}],"replies":[{"embeddable":true,"href":"https:\/\/www.europesays.com\/no\/wp-json\/wp\/v2\/comments?post=87812"}],"version-history":[{"count":0,"href":"https:\/\/www.europesays.com\/no\/wp-json\/wp\/v2\/posts\/87812\/revisions"}],"wp:featuredmedia":[{"embeddable":true,"href":"https:\/\/www.europesays.com\/no\/wp-json\/wp\/v2\/media\/84949"}],"wp:attachment":[{"href":"https:\/\/www.europesays.com\/no\/wp-json\/wp\/v2\/media?parent=87812"}],"wp:term":[{"taxonomy":"category","embeddable":true,"href":"https:\/\/www.europesays.com\/no\/wp-json\/wp\/v2\/categories?post=87812"},{"taxonomy":"post_tag","embeddable":true,"href":"https:\/\/www.europesays.com\/no\/wp-json\/wp\/v2\/tags?post=87812"}],"curies":[{"name":"wp","href":"https:\/\/api.w.org\/{rel}","templated":true}]}}