{"id":87817,"date":"2025-11-15T11:24:10","date_gmt":"2025-11-15T11:24:10","guid":{"rendered":"https:\/\/www.europesays.com\/no\/87817\/"},"modified":"2025-11-15T11:24:10","modified_gmt":"2025-11-15T11:24:10","slug":"tar-oppgjor-med-prisjakt-e24","status":"publish","type":"post","link":"https:\/\/www.europesays.com\/no\/87817\/","title":{"rendered":"Tar oppgj\u00f8r med Prisjakt \u2013 E24"},"content":{"rendered":"<p class=\"fullWidthDesktop hyperion-css-71ztg2\" data-test-tag=\"lead-text\">Det norske folk har mistet tillit til handelsstanden, men Power-sjefen sl\u00e5r tilbake: Black Week er \u00e5rets beste tilbudsperiode. <\/p>\n<p><img decoding=\"async\" class=\"image-asset hyperion-css-1p4il6s\" data-test-tag=\"image-asset\" src=\"https:\/\/www.europesays.com\/no\/wp-content\/uploads\/2025\/11\/24f5d7b3-760c-4773-95fd-4a7a338bb759\"  alt=\"Power-sjef Anders Nilsen \u00f8ker innkj\u00f8pene med flere hundre millioner kroner i forkant av Black Friday.\"  loading=\"eager\" fetchpriority=\"high\" style=\"aspect-ratio:1024 \/ 683\"\/>Power-sjef Anders Nilsen \u00f8ker innkj\u00f8pene med flere hundre millioner kroner i forkant av Black Friday. Foto: PowerPublisert: <\/p>\n<p>For mindre enn 3 timer siden<\/p>\n<p>Oppdatert for mindre enn 50 minutter siden<\/p>\n<p>Kortversjonen<\/p>\n<ul class=\"hyperion-css-pkq1ci\" data-test-tag=\"list\">\n<li class=\"hyperion-css-12h2ush\">Nordmenn er skeptiske til Black Week, men Power-sjef Anders Nilsen mener det er \u00e5rets beste tilbudsperiode. <\/li>\n<li class=\"hyperion-css-12h2ush\">Nilsen hevder at kundene er opplyste nok til \u00e5 se gjennom falske rabatter og at Power tilbyr reelle rabatter. <\/li>\n<li class=\"hyperion-css-12h2ush\">Prisjakt er ikke enig med Nilsen og avviser beskyldninger om at man kan kj\u00f8pe seg bedre plass.<\/li>\n<li class=\"hyperion-css-12h2ush\">Power \u00f8ker varekj\u00f8pet med flere hundre millioner kroner foran Black Friday.<\/li>\n<\/ul>\n<p class=\"hyperion-css-10lbhat\">Oppsummeringen er laget av AI-verkt\u00f8yet ChatGPT og kvalitetssikret av E24s journalister<\/p>\n<p>Vis mer <\/p>\n<ul class=\"hyperion-css-pte5x0\">\n<li aria-label=\"link\" class=\"narrow-button hyperion-css-1sz7d3n\">Kopier lenke<\/li>\n<li aria-label=\"link\" class=\"wide-button hyperion-css-1sz7d3n\">Kopier lenke<\/li>\n<li aria-label=\"facebook\" class=\"narrow-button hyperion-css-1sz7d3n\">Del p\u00e5 Facebook<\/li>\n<li aria-label=\"facebook\" class=\"wide-button hyperion-css-1sz7d3n\">Del p\u00e5 Facebook<\/li>\n<li aria-label=\"email\" class=\"narrow-button hyperion-css-1sz7d3n\">Del med e-post<\/li>\n<li aria-label=\"email\" class=\"wide-button hyperion-css-1sz7d3n\">Del med e-post<\/li>\n<\/ul>\n<p class=\"hyperion-css-1lemvax\">Det er under to uker til den store shoppingdagen Black Friday. <\/p>\n<p class=\"hyperion-css-1lemvax\">Sant \u00e5 si, selve fredagen har mistet noe av sin posisjon, forteller Power-sjef Anders Nilsen. N\u00e5 snakker man gjerne om Black Week eller til og med Black Month. Det er en bra ting, fremholder han. <\/p>\n<p class=\"hyperion-css-1lemvax\">\u2013 Det er umulig \u00e5 f\u00e5 tilrettelagt for kundene p\u00e5 god m\u00e5te for \u00e9n dag. <\/p>\n<p class=\"hyperion-css-1lemvax\">Men kommer nordmenn til \u00e5 handle noe s\u00e6rlig mer enn normalt? Blant forbrukere er det i \u00e5r rekordlav tillit til handelsh\u00f8ytiden, <a aria-label=\"if\u00f8lge Prisjakt\" class=\"default hyperion-css-1rezu2g\" href=\"https:\/\/www.tek.no\/nyheter\/nyhet\/i\/LMvQ6P\/rekordlav-tillit-til-black-week-tilbudene?srsltid=AfmBOooyWD9a8w1px_XOJ4oR6x5LDaQw-HPXP2l0XTfNN018FQqwT6l6\" rel=\"noopener nofollow noreferrer\" data-test-tag=\"external-link\" target=\"_blank\">if\u00f8lge Prisjakt<\/a>. <\/p>\n<p class=\"hyperion-css-1lemvax\">\u2013 Det er bare trist, sier Nilsen. <\/p>\n<p class=\"hyperion-css-1lemvax\">Samtidig tar han unders\u00f8kelsen med en liten klype salt. For den stemmer ikke overens med hvordan Power opplever kundene. <\/p>\n<p class=\"hyperion-css-1lemvax\">\u2013 Jeg tror at folk flest vet hva som er en bra pris og ikke, og de lar seg ikke lure. Kundene er sv\u00e6rt opplyst, og om vi bommer med noen hundrelapper p\u00e5 et produkt som koster mange tusen, s\u00e5 selger vi rett og slett ikke. <\/p>\n<p><a aria-label=\"\u00c5ret har v\u00e6rt m\u00f8kkar\u00e6vva, ferdig snakka\" class=\"default hyperion-css-rp0i86\" href=\"https:\/\/e24.no\/i\/wgyJwP\/forvalter-thomas-nielsen-hvordan-kan-jeg-vaere-saa-rolig-naar-avkastninger-er-elendig\" rel=\"noopener nofollow\" data-test-tag=\"external-link\" target=\"_blank\">\u00c5ret har v\u00e6rt m\u00f8kkar\u00e6vva, ferdig snakka<\/a>Mener Prisjakt ikke viser hele bildet<\/p>\n<p class=\"hyperion-css-1lemvax\">\u00c9n ting som bidrar til forbrukerskepsisen er muligheten for \u00e5 tilpasse seg prisregelverket. <\/p>\n<p class=\"hyperion-css-1lemvax\">Loven sier at f\u00f8rprisen i et tilbud m\u00e5 v\u00e6re den laveste prisen produktet har hatt de siste 30 dagene. Med andre ord: Om man skal selge et produkt p\u00e5 50 prosent tilbud til 500 kroner, kan det ikke ha kostet mindre enn 1000 kroner p\u00e5 noe tidspunkt den siste m\u00e5neden. <\/p>\n<p class=\"hyperion-css-1lemvax\">Man kan derimot \u00f8ke prisen f\u00f8r de siste 30 dagene. Med kunstig h\u00f8y pris i 30 dager, kan man lovlig annonsere med h\u00f8y \u00abrabatt\u00bb n\u00e5r Black Friday kommer. <a aria-label=\"If\u00f8lge Prisjakt\" class=\"default hyperion-css-1rezu2g\" href=\"https:\/\/www.tek.no\/nyheter\/nyhet\/i\/739KpK\/nesten-hver-tredje-pris-har-oekt-i-oktober?utm_source=vgfront&amp;utm_content=hovedlopet_row6_pos2&amp;utm_medium=dre-690acd7408f9a47e546f018a\" rel=\"noopener nofollow noreferrer\" data-test-tag=\"external-link\" target=\"_blank\">If\u00f8lge Prisjakt<\/a> ble 14 prosent av alle varer 10 prosent dyrere, eller mer, i oktober. <\/p>\n<p class=\"hyperion-css-1lemvax\">Nilsen bedyrer at Powers tilbud vil v\u00e6re reelle. <\/p>\n<p class=\"hyperion-css-1lemvax\">\u2013 Vi har ingenting \u00e5 vinne p\u00e5 \u00e5 spekulere i \u00e5 sette opp priser. Det er snakk om flere tusen produkter, s\u00e5 vil vi jo ha ikke-eksisterende omsetning p\u00e5 dem om vi har altfor h\u00f8y pris f\u00f8r en kampanje. <\/p>\n<p class=\"hyperion-css-1lemvax\">Han mener ogs\u00e5 at Prisjakt ikke har det fullstendige bildet. <\/p>\n<p class=\"hyperion-css-1lemvax\">\u2013 Prisjakt er et kommersielt selskap, og Black Week er deres st\u00f8rste rekrutteringsperiode. Men det er langt ifra alle produkter som er tilgjengelig p\u00e5 Prisjakt. For eksempel ingen av v\u00e5re\u00a0lokale kampanjepriser eller\u00a0outlet-varer. I tillegg kan man betale ekstra for \u00e5 fremst\u00e5 billigst. Prisjakt er ikke noe forbrukertilsyn p\u00e5 noen som helst m\u00e5te. <\/p>\n<p><img decoding=\"async\" class=\"image-asset hyperion-css-n6kkq1\" data-test-tag=\"image-asset\" src=\"https:\/\/www.europesays.com\/no\/wp-content\/uploads\/2025\/11\/243dc01f-5ced-4789-9273-629ebf8d18d3\"  alt=\"\"  fetchpriority=\"auto\" style=\"aspect-ratio:1900 \/ 1267\"\/>Isabella Ahmadi<\/p>\n<p class=\"hyperion-css-1lemvax\">Forbrukerekspert i Prisjakt.<\/p>\n<p class=\"hyperion-css-1lemvax\">Isabella Ahmadi i Prisjakt avviser p\u00e5standen om at man kan betale dem ekstra for \u00e5 fremst\u00e5 billigst. <\/p>\n<p class=\"hyperion-css-1lemvax\">\u2013 Dette stemmer ikke. Vi viser den laveste prisen \u00f8verst, sier hun. <\/p>\n<p class=\"hyperion-css-1lemvax\">\u2013 Er det i Prisjakts interesse \u00e5 f\u00e5 bruken av \u00ablokketilbud\u00bb til \u00e5 fremst\u00e5 s\u00e5 omfattende som mulig? <\/p>\n<p class=\"hyperion-css-1lemvax\">\u2013 Nei. Vi har ingen interesse av \u00e5 forst\u00f8rre problemet. Vi er opptatt av at forbrukere f\u00e5r riktig informasjon og ikke blir villedet. Det er bra at forbrukere er bevisste p\u00e5 prisutviklingen, slik at de kan ta godt informerte kj\u00f8psbeslutninger. Derfor viser vi produkters prishistorikk langt tilbake i tid, slik at forbrukeren selv kan vurdere tilbudet.<\/p>\n<p><a aria-label=\"Analytiker ser kraftig oppside: \u2013 Superbull\" class=\"default hyperion-css-rp0i86\" href=\"https:\/\/e24.no\/i\/pP0On6\/analytiker-ser-kraftig-oppside-super-bull\" rel=\"noopener nofollow\" data-test-tag=\"external-link\" target=\"_blank\">Analytiker ser kraftig oppside: \u2013 Superbull<\/a>Formidabelt voluml\u00f8ft<\/p>\n<p class=\"hyperion-css-1lemvax\">\u00abSingles Day\u00bb, \u00abBlack Friday\u00bb og \u00abCyber Monday\u00bb har for lengst s\u00f8rget for en utvidet julehandel. Power-sjefen er klar p\u00e5 at de to siste ukene av november er \u00e5rets st\u00f8rste salgsperiode. <\/p>\n<p class=\"hyperion-css-1lemvax\">\u2013 Vi \u00f8ker varekj\u00f8pet med flere hundre millioner kroner foran Black Friday-kampanjen, sier han. <\/p>\n<p class=\"hyperion-css-1lemvax\">\u2013 Er perioden bra for bunnlinjen? <\/p>\n<p class=\"hyperion-css-1lemvax\">\u2013 Marginene er utvilsomt under press, men voluml\u00f8ftet er s\u00e5 formidabelt at vi til syvende og sist f\u00e5r igjen for det. <\/p>\n<p class=\"hyperion-css-1lemvax\">\u2013 Hva ligger en vanlig, god Black Friday-rabatt p\u00e5? <\/p>\n<p class=\"hyperion-css-1lemvax\">\u2013 Det er vanskelig \u00e5 svare p\u00e5 det i prosent. Men jeg tror at s\u00e5 mye som ni av ti produkter vil ha priser som aldri har v\u00e6rt lavere.  <\/p>\n","protected":false},"excerpt":{"rendered":"Det norske folk har mistet tillit til handelsstanden, men Power-sjefen sl\u00e5r tilbake: Black Week er \u00e5rets beste tilbudsperiode.&hellip;\n","protected":false},"author":2,"featured_media":87818,"comment_status":"","ping_status":"","sticky":false,"template":"","format":"standard","meta":{"footnotes":""},"categories":[5],"tags":[20,21,24,25,15,19,22,23,17,18,13,30,28,29,14,16,26,27],"class_list":{"0":"post-87817","1":"post","2":"type-post","3":"status-publish","4":"format-standard","5":"has-post-thumbnail","7":"category-overskrifter","8":"tag-breaking-news","9":"tag-breakingnews","10":"tag-featured-news","11":"tag-featurednews","12":"tag-headlines","13":"tag-hovedoppslag","14":"tag-latest-news","15":"tag-latestnews","16":"tag-main-news","17":"tag-mainnews","18":"tag-news","19":"tag-no","20":"tag-norge","21":"tag-norway","22":"tag-nyheter","23":"tag-overskrifter","24":"tag-top-stories","25":"tag-topstories"},"share_on_mastodon":{"url":"https:\/\/pubeurope.com\/@no\/115553466207611607","error":""},"_links":{"self":[{"href":"https:\/\/www.europesays.com\/no\/wp-json\/wp\/v2\/posts\/87817","targetHints":{"allow":["GET"]}}],"collection":[{"href":"https:\/\/www.europesays.com\/no\/wp-json\/wp\/v2\/posts"}],"about":[{"href":"https:\/\/www.europesays.com\/no\/wp-json\/wp\/v2\/types\/post"}],"author":[{"embeddable":true,"href":"https:\/\/www.europesays.com\/no\/wp-json\/wp\/v2\/users\/2"}],"replies":[{"embeddable":true,"href":"https:\/\/www.europesays.com\/no\/wp-json\/wp\/v2\/comments?post=87817"}],"version-history":[{"count":0,"href":"https:\/\/www.europesays.com\/no\/wp-json\/wp\/v2\/posts\/87817\/revisions"}],"wp:featuredmedia":[{"embeddable":true,"href":"https:\/\/www.europesays.com\/no\/wp-json\/wp\/v2\/media\/87818"}],"wp:attachment":[{"href":"https:\/\/www.europesays.com\/no\/wp-json\/wp\/v2\/media?parent=87817"}],"wp:term":[{"taxonomy":"category","embeddable":true,"href":"https:\/\/www.europesays.com\/no\/wp-json\/wp\/v2\/categories?post=87817"},{"taxonomy":"post_tag","embeddable":true,"href":"https:\/\/www.europesays.com\/no\/wp-json\/wp\/v2\/tags?post=87817"}],"curies":[{"name":"wp","href":"https:\/\/api.w.org\/{rel}","templated":true}]}}