{"id":87819,"date":"2025-11-15T11:29:20","date_gmt":"2025-11-15T11:29:20","guid":{"rendered":"https:\/\/www.europesays.com\/no\/87819\/"},"modified":"2025-11-15T11:29:20","modified_gmt":"2025-11-15T11:29:20","slug":"2026-blir-ikke-et-bra-ar-for-shipping","status":"publish","type":"post","link":"https:\/\/www.europesays.com\/no\/87819\/","title":{"rendered":"\u2013 2026 blir ikke et bra \u00e5r for shipping"},"content":{"rendered":"<p>Etter flere eventyrlige \u00e5r i kj\u00f8lvannet av pandemien og krisen i R\u00f8dehavet, blinker varsellampene r\u00f8dt hos shipping- og logistikkgiganten CMA CGM, verdens tredje\u00a0st\u00f8rste konteinerrederi.<\/p>\n<p>En stor \u00f8kning i tollsatser til USA har rammet global handel kraftig, noe\u00a0konteinerrederiene merker i form av lavere volum. Samtidig virker en normalisering ved Bab el-Mandeb-stredet langt mer sannsynlig, noe som vil f\u00f8re til kortere distanser.\u00a0<\/p>\n<p>For \u00e5 gj\u00f8re vondt verre, lider kontainersektoren av betydelig overkapasitet, prim\u00e6rt som f\u00f8lge av enorm skipskontrahering etter de knallsterke \u00e5rene under coronapandemien.\u00a0<\/p>\n<p class=\"subhead\" data-element-type=\"subhead\" data-element-label=\"Mellomtittel\">Resultatstup<\/p>\n<p>Legger man alt sammen, f\u00e5r man en betydelig nedgang i b\u00e5de fraktrater og tonnmil. Det lager f\u00f8lgelig hakkemat av resultatet til\u00a0rederiet, samt utsiktene fremover.\u00a0<\/p>\n<p>For tredje kvartal falt overskuddet med hele 73 prosent til 749 millioner dollar. Marginene falt fra 31 til 21 prosent, mens omsetningen falt 11 prosent til 14 milliarder dollar,\u00a0<\/p>\n<p>\u2013 2026 blir ikke et bra \u00e5r for shipping, uttalte finansdirekt\u00f8r Ramon Fernandez under resultatfremleggelsen fredag, if\u00f8lge <a href=\"https:\/\/www.bloomberg.com\/news\/articles\/2025-11-14\/france-s-cma-cgm-prepares-for-shipping-industry-slump-in-2026?srnd=homepage-europe\" target=\"_blank\" rel=\"nofollow noopener\">Bloomberg<\/a>.<\/p>\n<p>Selskapet vil v\u00e6re disiplinerte med kostnader og ta grep for \u00e5 \u00f8ke operasjonell effektivitet i m\u00e5nedene fremover.\u00a0<\/p>\n<p>\u2013 Shippingmarkedet har historisk alltid v\u00e6rt sv\u00e6rt syklisk. Vi er klare til \u00e5 st\u00e5 gjennom tunge \u00e5r etter flere sterke \u00e5r, sa han.<\/p>\n<p class=\"subhead\" data-element-type=\"subhead\" data-element-label=\"Mellomtittel\">Styrtrik shippingfamilie<\/p>\n<p>Bekymringene kommer f\u00e5 uker etter konkurrenten Maersk <a href=\"https:\/\/www.finansavisen.no\/shipping\/2025\/11\/06\/8305316\/shippinggigant-hever-prognosene-ser-global-oppsving-tross-uro\" target=\"_blank\" rel=\"nofollow noopener\">la frem tall<\/a> som ogs\u00e5 viste blodr\u00f8d nedgang fra fjor\u00e5ret. Danskene var likevel optimistiske for 2026, tross uroen i global handel.<\/p>\n<p>Det Marseille-baserte rederiet, som har mer enn 650 skip i fl\u00e5ten sin, kontrolleres 73 prosent av den fransk-libanesiske Saad\u00e9-familien. Familien er blant verdens rikeste, med en formue p\u00e5 34 milliarder dollar.\u00a0<\/p>\n<p>I tillegg har til shipping, har familien eierinteresser i en rekke franske selskaper, deriblant flykonsernet Air France-KLM, mediegiganten BFM, satelittselskapet Eutelsat og supermarketkjeden Carrefour.<\/p>\n","protected":false},"excerpt":{"rendered":"Etter flere eventyrlige \u00e5r i kj\u00f8lvannet av pandemien og krisen i R\u00f8dehavet, blinker varsellampene r\u00f8dt hos shipping- og&hellip;\n","protected":false},"author":2,"featured_media":87820,"comment_status":"","ping_status":"","sticky":false,"template":"","format":"standard","meta":{"footnotes":""},"categories":[12],"tags":[20,21,24,25,15,22,23,13,30,28,29,14,16,26,27,42,43,44,45],"class_list":{"0":"post-87819","1":"post","2":"type-post","3":"status-publish","4":"format-standard","5":"has-post-thumbnail","7":"category-verden","8":"tag-breaking-news","9":"tag-breakingnews","10":"tag-featured-news","11":"tag-featurednews","12":"tag-headlines","13":"tag-latest-news","14":"tag-latestnews","15":"tag-news","16":"tag-no","17":"tag-norge","18":"tag-norway","19":"tag-nyheter","20":"tag-overskrifter","21":"tag-top-stories","22":"tag-topstories","23":"tag-verden","24":"tag-world","25":"tag-world-news","26":"tag-worldnews"},"share_on_mastodon":{"url":"https:\/\/pubeurope.com\/@no\/115553485603931530","error":""},"_links":{"self":[{"href":"https:\/\/www.europesays.com\/no\/wp-json\/wp\/v2\/posts\/87819","targetHints":{"allow":["GET"]}}],"collection":[{"href":"https:\/\/www.europesays.com\/no\/wp-json\/wp\/v2\/posts"}],"about":[{"href":"https:\/\/www.europesays.com\/no\/wp-json\/wp\/v2\/types\/post"}],"author":[{"embeddable":true,"href":"https:\/\/www.europesays.com\/no\/wp-json\/wp\/v2\/users\/2"}],"replies":[{"embeddable":true,"href":"https:\/\/www.europesays.com\/no\/wp-json\/wp\/v2\/comments?post=87819"}],"version-history":[{"count":0,"href":"https:\/\/www.europesays.com\/no\/wp-json\/wp\/v2\/posts\/87819\/revisions"}],"wp:featuredmedia":[{"embeddable":true,"href":"https:\/\/www.europesays.com\/no\/wp-json\/wp\/v2\/media\/87820"}],"wp:attachment":[{"href":"https:\/\/www.europesays.com\/no\/wp-json\/wp\/v2\/media?parent=87819"}],"wp:term":[{"taxonomy":"category","embeddable":true,"href":"https:\/\/www.europesays.com\/no\/wp-json\/wp\/v2\/categories?post=87819"},{"taxonomy":"post_tag","embeddable":true,"href":"https:\/\/www.europesays.com\/no\/wp-json\/wp\/v2\/tags?post=87819"}],"curies":[{"name":"wp","href":"https:\/\/api.w.org\/{rel}","templated":true}]}}