{"id":87821,"date":"2025-11-15T11:31:11","date_gmt":"2025-11-15T11:31:11","guid":{"rendered":"https:\/\/www.europesays.com\/no\/87821\/"},"modified":"2025-11-15T11:31:11","modified_gmt":"2025-11-15T11:31:11","slug":"kroniske-smerter-psykologi-silje-endresen-reme-ringes-ned-etter-harald-sytepavene-ellevilt","status":"publish","type":"post","link":"https:\/\/www.europesays.com\/no\/87821\/","title":{"rendered":"Kroniske smerter, Psykologi | Silje Endresen Reme ringes ned etter \u00abHarald &#038; sytepavene\u00bb: \u2013 Ellevilt"},"content":{"rendered":"\n<p>I slutten av august skapte Harald Eia store overskrifter da han ropte om det han mente kunne v\u00e6re \u00ab<a rel=\"Follow nofollow noopener\" href=\"https:\/\/www.nettavisen.no\/nyheter\/harald-eia-har-snudd-om-prt-behandling-for-kroniske-smerter-virker-helt-sykt\/s\/5-95-2583225\" target=\"_blank\">starten p\u00e5 en helserevolusjon<\/a>\u00bb.<\/p>\n<p>Komikeren og sosiologen hadde blitt overbevist gjennom dokumentaren sin \u00abHarald og sytepavene\u00bb, der han fulgte seks pasienter med kroniske smerter p\u00e5 deres behandlingsl\u00f8p hos Smerteklinikken p\u00e5 Ullev\u00e5l sykehus.<\/p>\n<p>N\u00e5 tyder mye p\u00e5 at Eias store ord om serien kan ha blitt virkelighet.<\/p>\n<p>\u2013 Responsen har v\u00e6rt ellevill, forteller Silje Endresen Reme til Nettavisen tre m\u00e5neder senere.<\/p>\n<p><b>Les ogs\u00e5: <a class=\"simple-relation related-teaser article--c-eRUmMG article--c-eRUmMG-fZoQSp-design-nettavisen article--c-eRUmMG-gwthdJ-cv\" href=\"https:\/\/www.nettavisen.no\/rus-sjokk-ved-norges-storste-sykehus-bare-toppen-av-isfjellet\/s\/5-95-2701235\" rel=\"nofollow noopener\" target=\"_blank\">Rus-sjokk ved Norges st\u00f8rste sykehus: \u2013 Bare toppen av isfjellet<\/a><\/b><\/p>\n<p>Dobling i henvendelser<\/p>\n<p>Sammen med Andreas Pahle jobber psykologspesialist Reme med pasientene i serien. Ved hjelp av PRT-behandling, en psykologisk metode for \u00e5 behandle langvarige kroniske smerter, viste dokumentaren hvordan pasientene ble smertefrie, eller fikk kraftig reduksjon i smerter, etter bes\u00f8k hos Pahle og Reme.<\/p>\n<p><b>Les ogs\u00e5: <a class=\"simple-relation related-teaser article--c-eRUmMG article--c-eRUmMG-fZoQSp-design-nettavisen article--c-eRUmMG-gwthdJ-cv\" href=\"https:\/\/www.nettavisen.no\/ansatt-ruset-seg-pa-jobb-fikk-hjelp-av-kolleger\/s\/5-95-2696283\" rel=\"nofollow noopener\" target=\"_blank\">Ansatt ruset seg p\u00e5 jobb: Fikk hjelp av kolleger<\/a><\/b><\/p>\n<p>I september doblet Smerteklinikken antall henvisninger fra 200 til 400 personer.<\/p>\n<p>\u2013 Mailboksen min er helt kaos. Det har tatt av med henvendelser og mange av disse vil ikke f\u00e5 hjelp, fordi vi har rett og slett ikke kapasitet, sier Reme.<\/p>\n<p>   <img decoding=\"async\" width=\"3456\" height=\"2234\" fetchpriority=\"low\"  loading=\"lazy\"  src=\"https:\/\/www.europesays.com\/no\/wp-content\/uploads\/2025\/11\/Silje_1_1.jpg\" alt=\"Silje Endresen Reme\" class=\"brick-c-cFOWSL\" style=\"--brick-image-ratio: 3456 \/ 2234;\"\/><\/p>\n<p>      PSYKOLOG: Silje Endresen Reme i dokumentaren \u00abHarald &amp; sytepavene\u00bb.<br \/>\n      Foto: Dox Divison\/VGTV\n    <\/p>\n<p>\u2013 Jeg m\u00e5 f\u00e5 hemmelig nummer, for det ringer hele tiden med pasienter og henvendelser, sier hun og ler.<\/p>\n<p>Aldri i l\u00f8pet av sine 20 \u00e5r p\u00e5 feltet har psykologen opplevd det hun n\u00e5 opplever. En ting var responsen fra pasienter. Noe helt annet var responsen fra helsepersonell.<\/p>\n<p>    Vil du se neste video?<\/p>\n<p>    <a href=\"https:\/\/www.nettavisen.no\/nyheter\/hellstrom-slik-steker-du-biff\/v\/5-95-2715973\" class=\"recommend-poster\" data-adp-clicklabel=\"video-recommend\" data-adp-clickvalue=\"poster\" rel=\"nofollow noopener\" target=\"_blank\"><br \/>\n      <img decoding=\"async\" width=\"200\" height=\"200\" loading=\"lazy\" src=\"https:\/\/www.europesays.com\/no\/wp-content\/uploads\/2025\/11\/1763206271_773_Hellstr\u00f8m splitt.jpg\" alt=\"\" class=\"brick-c-cFOWSL\" style=\"--brick-image-ratio: 200 \/ 200;\"\/><\/p>\n<p>Hellstr\u00f8m om biffsteking: \u2013 Den st\u00f8rste feilen1:38<\/p>\n<p>    <\/a><\/p>\n<p>        I den nye dokumentarserien \u00abHarald og Sytepavene\u00bb tar Harald Eia et n\u00e6rmere blikk p\u00e5 nordmenn som sliter med kroniske smerter og hvordan ny behandling skal hjelpe dem legene ikke finner noen fysiske feil med. Gjennom serien blir programlederen konfrontert med sine egne fordommer. Bilder fra VGTV.<br \/>\n        L\u00e6rer opp kolleger<\/p>\n<p>Fra hele Norge skal leger, psykologer, fysioterapeuter og annet helsepersonell ha kontaktet Reme og Pahle for \u00e5 f\u00e5 oppl\u00e6ringen i hvordan de kan benytte seg av PRT-behandling.<\/p>\n<p>\u2013 Helsevesenets enorme respons har virkelig overrasket. Det viser at det er en stor pasientgruppe mange vil hjelpe, men som man ikke har klart \u00e5 hjelpe tilstrekkelig tidligere, forteller Reme.<\/p>\n<p><b>Les ogs\u00e5: <a class=\"simple-relation related-teaser article--c-eRUmMG article--c-eRUmMG-fZoQSp-design-nettavisen article--c-eRUmMG-gwthdJ-cv\" href=\"https:\/\/www.nettavisen.no\/slo-alarm-pa-sykehuset-turte-ikke-ha-ham-pa-jobb\/s\/5-95-2698629\" rel=\"nofollow noopener\" target=\"_blank\">Slo alarm p\u00e5 sykehuset: \u2013 Turte ikke ha ham p\u00e5 jobb<\/a><\/b><\/p>\n<p>Sammen har de to PRT-behandlerne startet med oppl\u00e6ring av helsepersonell. S\u00e5 langt har 80 blitt l\u00e6rt opp, mens langt flere har meldt interesse, if\u00f8lge psykologen.<\/p>\n<p>Et PRT-kurs over internett koster 10.000 kroner i det private. Derfor er det flere private som driver med behandlingen, men dette kan variere stort i kvalitet og gjerne bli solgt til pasienter for det Reme kaller \u00abblodpris\u00bb.<\/p>\n<p>\u2013 Vi er veldig opptatt av \u00e5 f\u00e5 et godt offentlig tilbud p\u00e5 dette s\u00e5 kjapt som mulig. For n\u00e5 er det stor interesse for dette, og vi frykter det private ogs\u00e5 vil snappe opp dette og tilby behandlingen til blodpris. Det er utrolig viktig at dette skjer i regi av det offentlige, med hjelp av det private. S\u00e5 det kan v\u00e6re tilgjengelig for alle, uavhengig av st\u00f8rrelse p\u00e5 lommebok, sier Reme.<\/p>\n<p><b>Les ogs\u00e5: <a class=\"simple-relation related-teaser article--c-eRUmMG article--c-eRUmMG-fZoQSp-design-nettavisen article--c-eRUmMG-gwthdJ-cv\" href=\"https:\/\/www.nettavisen.no\/sjokkert-over-ny-behandling-kan-vare-starten-pa-en-helserevolusjon\/s\/5-95-2583225\" rel=\"nofollow noopener\" target=\"_blank\">Sjokkert over ny behandling: \u2013 Kan v\u00e6re starten p\u00e5 en helserevolusjon<\/a><\/b><\/p>\n<p>Spark til politikerne<\/p>\n<p>\u2013 I serien kommer det frem at du og Andreas har plass til \u00e5tte pasienter hos dere. Det m\u00e5 oppst\u00e5 et ganske stort gap mellom pasienter og plasser til behandling? <\/p>\n<p>\u2013 Et enormt gap, og det bekymrer meg. Det er utrolig vondt \u00e5 f\u00e5 s\u00e5 mange henvendelser, men ikke kunne hjelpe dem, forteller Reme, og kommer med et klart spark til politikerne:<\/p>\n<p>\u2013 Ingen har tatt kontakt med oss om dette. Her er det en fantastisk mulighet, som ikke koster for mye penger og som ikke trenger medisiner, men det har ikke v\u00e6rt noen vilje til \u00e5 gi ekstra ressurser s\u00e5 vi kan hjelpe denne gruppen pasienter.<\/p>\n<p>At ingen har tatt kontakt fra politisk hold eller satt PRT-behandling p\u00e5 den politiske agendaen, synes Reme er merkelig.<\/p>\n<p>\u2013 Jeg har aldri tidligere v\u00e6rt borti behandlinger som viser at pasientene kan bli friske fra kroniske smerter. Dersom vi hadde f\u00e5tt flere midler, ville man sett resultatene og gevinsten av dette tidligere. Det er en gavepakke for politikere som vil score poeng til neste valgkamp, understreker Reme.<\/p>\n<p>Eia: \u2013 Blir bedre av programmet<\/p>\n<p>Ogs\u00e5 Harald Eia selv har blitt overrasket over den massive responsen p\u00e5 dokumentaren. Til Nettavisen forteller han at programmet har bidratt til at enda flere f\u00e5r hjelpen de trenger for \u00e5 kvitte seg med smerter de har slitt med i \u00e5revis.<\/p>\n<p>\u2013 Veldig mange l\u00e6rer seg dette, og da kan mange flere f\u00e5 hjelp. Det kule er at dette ikke er noe bare leger kan gj\u00f8re, men fysioterapeuter og mange andre som jobber med denne type pasienter. Det er innenfor rekkevidde for ganske mange \u00e5 l\u00e6re seg disse teknikkene.<\/p>\n<p>For noen har det \u00e5 se dokumentaren hatt en helsebringende effekt, if\u00f8lge Eia.<\/p>\n<p>\u2013 Det er en liten andel som har blitt bedre etter \u00e5 ha sett programmet. Jeg fikk melding av en fyr som hadde skadet seg for \u00e5tte \u00e5r siden, og slitt med smerter i hoftene siden. Han pr\u00f8vde noen av \u00f8velsene i dokumentaren, og skrev til meg at han ikke kunne tro at det var sant. Smertene var borte, og han mente det var et mirakel.<\/p>\n","protected":false},"excerpt":{"rendered":"I slutten av august skapte Harald Eia store overskrifter da han ropte om det han mente kunne v\u00e6re&hellip;\n","protected":false},"author":2,"featured_media":87822,"comment_status":"","ping_status":"","sticky":false,"template":"","format":"standard","meta":{"footnotes":""},"categories":[5],"tags":[20,21,24,25,15,19,22,23,17,18,13,30,28,29,14,16,26,27],"class_list":{"0":"post-87821","1":"post","2":"type-post","3":"status-publish","4":"format-standard","5":"has-post-thumbnail","7":"category-overskrifter","8":"tag-breaking-news","9":"tag-breakingnews","10":"tag-featured-news","11":"tag-featurednews","12":"tag-headlines","13":"tag-hovedoppslag","14":"tag-latest-news","15":"tag-latestnews","16":"tag-main-news","17":"tag-mainnews","18":"tag-news","19":"tag-no","20":"tag-norge","21":"tag-norway","22":"tag-nyheter","23":"tag-overskrifter","24":"tag-top-stories","25":"tag-topstories"},"share_on_mastodon":{"url":"https:\/\/pubeurope.com\/@no\/115553493711776265","error":""},"_links":{"self":[{"href":"https:\/\/www.europesays.com\/no\/wp-json\/wp\/v2\/posts\/87821","targetHints":{"allow":["GET"]}}],"collection":[{"href":"https:\/\/www.europesays.com\/no\/wp-json\/wp\/v2\/posts"}],"about":[{"href":"https:\/\/www.europesays.com\/no\/wp-json\/wp\/v2\/types\/post"}],"author":[{"embeddable":true,"href":"https:\/\/www.europesays.com\/no\/wp-json\/wp\/v2\/users\/2"}],"replies":[{"embeddable":true,"href":"https:\/\/www.europesays.com\/no\/wp-json\/wp\/v2\/comments?post=87821"}],"version-history":[{"count":0,"href":"https:\/\/www.europesays.com\/no\/wp-json\/wp\/v2\/posts\/87821\/revisions"}],"wp:featuredmedia":[{"embeddable":true,"href":"https:\/\/www.europesays.com\/no\/wp-json\/wp\/v2\/media\/87822"}],"wp:attachment":[{"href":"https:\/\/www.europesays.com\/no\/wp-json\/wp\/v2\/media?parent=87821"}],"wp:term":[{"taxonomy":"category","embeddable":true,"href":"https:\/\/www.europesays.com\/no\/wp-json\/wp\/v2\/categories?post=87821"},{"taxonomy":"post_tag","embeddable":true,"href":"https:\/\/www.europesays.com\/no\/wp-json\/wp\/v2\/tags?post=87821"}],"curies":[{"name":"wp","href":"https:\/\/api.w.org\/{rel}","templated":true}]}}