{"id":87825,"date":"2025-11-15T11:38:11","date_gmt":"2025-11-15T11:38:11","guid":{"rendered":"https:\/\/www.europesays.com\/no\/87825\/"},"modified":"2025-11-15T11:38:11","modified_gmt":"2025-11-15T11:38:11","slug":"bussulykken-i-stockholm-det-var-uvirkelig","status":"publish","type":"post","link":"https:\/\/www.europesays.com\/no\/87825\/","title":{"rendered":"Bussulykken i Stockholm: \u2013 Det var uvirkelig"},"content":{"rendered":"\n<p class=\"_lead_o9xde_2 _lead_xtcu6_50 layout-component text-serif-m layout-normal text-serif-l layout-component layout-wide layout-padded _wide_17hqh_1 layout-padded\">Linda og barna hennes ble vitner til den d\u00f8delige bussulykken i Sverige fredag. \u2013 Det var uvirkelig, sier hun.<\/p>\n<p><img alt=\" Foto: Henrik Montgomery \/ TT \/ NTB\" class=\"_image_qp4xg_65 layout-component layout-wide\" data-fullscreen- data-track-element-type=\"Article image fullscreen\" data-track-name=\"ImageFullscreen\" fetchpriority=\"high\" decoding=\"sync\" loading=\"eager\" height=\"3368\" itemprop=\"image\"  src=\"https:\/\/www.europesays.com\/no\/wp-content\/uploads\/2025\/11\/1f92cd06-dbe1-4ba0-bab1-d4b3c4a421b3\"  style=\"object-position:0% 0%\" width=\"4491\"\/> Foto: Henrik Montgomery \/ TT \/ NTB<\/p>\n<ul aria-hidden=\"true\" class=\"_images_18f0k_111\">\n<li><a class=\"_link_18f0k_116\" href=\"https:\/\/www.vg.no\/forfatter\/espen-rasmussen-2\" style=\"z-index:1\" title=\"Espen Rasmussen\" rel=\"nofollow noopener\" target=\"_blank\"><img alt=\"Bilde av Espen Rasmussen\" class=\"_image_18f0k_93\" fetchpriority=\"low\" loading=\"lazy\" decoding=\"async\" itemprop=\"image\"  src=\"https:\/\/www.europesays.com\/no\/wp-content\/uploads\/2025\/11\/1763206689_314_9e07ea87-bca1-4760-986f-5788e43af739\"  width=\"480\"\/><\/a><\/li>\n<\/ul>\n<p> Oppdatert l\u00f8rdag 15. november kl. 12:32    <\/p>\n<ul class=\"_list_o9xde_3 _list_64s2r_85 _unordered_o9xde_106 text-sans-m\">\n<li class=\"_item_o9xde_30\">Linda Contreraz-Elffors og hennes to d\u00f8tre var vitner til en d\u00f8delig bussulykke i Stockholm.<\/li>\n<li class=\"_item_o9xde_30\">Tre personer d\u00f8de og tre andre ble skadet i ulykken.<\/li>\n<li class=\"_item_o9xde_30\">Bussj\u00e5f\u00f8ren er mistenkt for uaktsomt drap, men sykdomsfall kan ha spilt en rolle.<\/li>\n<li class=\"_item_o9xde_30\">Politiet utelukker terror som motiv.<\/li>\n<\/ul>\n<p>Vis mer <\/p>\n<p class=\"_paragraph_o9xde_4 _paragraph_xtcu6_10 layout-component text-serif-m layout-normal text-serif-m layout-padded\">Linda Contreraz-Elffors (47) og to av d\u00f8trene hennes hadde akkurat krysset det f\u00f8rste av to fotgjengeroverganger p\u00e5 Valhallav\u00e4gen i <a href=\"https:\/\/www.vg.no\/tag\/stockholm?utm_source=vg-article&amp;utm_medium=auto-tagger&amp;utm_campaign=GyvVeq\" class=\"_link_o9xde_39\" rel=\"nofollow noopener\" target=\"_blank\">Stockholm<\/a> da de h\u00f8rte en smell og skrapelyder bak seg.<\/p>\n<p class=\"_paragraph_o9xde_4 _paragraph_xtcu6_10 layout-component text-serif-m layout-normal text-serif-m layout-padded\">Da de snudde seg, s\u00e5 de hvordan dobbeltdekkerbussen kj\u00f8rte rett inn i busskuret.<\/p>\n<p class=\"_paragraph_o9xde_4 _paragraph_xtcu6_10 layout-component text-serif-m layout-normal text-serif-m layout-padded\">\u2013 Lydene, skrapingen, det slutter ikke. Vi ser alt, for man snur seg jo n\u00e5r man h\u00f8rer noe s\u00e5nt, forteller Linda til <a href=\"https:\/\/www.expressen.se\/nyheter\/sverige\/linda-47-var-forst-pa-plats-vid-bussolyckan-i-stockholm\/\" class=\"_link_o9xde_39\" rel=\"nofollow noopener\" target=\"_blank\">Expressen<\/a>.<\/p>\n<p class=\"_paragraph_o9xde_4 _paragraph_xtcu6_10 layout-component text-serif-m layout-normal text-serif-m layout-padded\">\u2013 Vi ser hvordan bussen pl\u00f8yer ned busskuret og jeg h\u00f8rer hvordan glass knuses. Bussen pr\u00f8vde ikke \u00e5 bremse. Den kj\u00f8rer inn i et tre eller en lyktestolpe f\u00f8r den stanset.<\/p>\n<p><img alt=\"Foto: Christine Olsson\/TT \/ TT Nyhetsbyr\u00e5n \/ NTB\" class=\"_image_qp4xg_65 layout-component layout-normal\" data-fullscreen- data-track-element-type=\"Article image fullscreen\" data-track-name=\"ImageFullscreen\" decoding=\"async\" loading=\"lazy\" height=\"3634\" itemprop=\"image\"  src=\"https:\/\/www.europesays.com\/no\/wp-content\/uploads\/2025\/11\/0a59a899-fe0f-41f2-8da4-68ba84bda676\"  style=\"object-position:0% 0%\" width=\"4844\"\/>Foto: Christine Olsson\/TT \/ TT Nyhetsbyr\u00e5n \/ NTB Fikk barna i sikkerhet<\/p>\n<p class=\"_paragraph_o9xde_4 _paragraph_xtcu6_10 layout-component text-serif-m layout-normal text-serif-m layout-padded\">Linda satte d\u00f8trene i sikkerhet ved nedgangen til T-banen f\u00f8r hun l\u00f8p fram for \u00e5 hjelpe.<\/p>\n<p class=\"_paragraph_o9xde_4 _paragraph_xtcu6_10 layout-component text-serif-m layout-normal text-serif-m layout-padded\">\u2013 \u00abBli her\u00bb, sa jeg. S\u00e5 l\u00f8per jeg fram og er en av de f\u00f8rste p\u00e5 plass. <\/p>\n<p class=\"_paragraph_o9xde_4 _paragraph_xtcu6_10 layout-component text-serif-m layout-normal text-serif-m layout-padded\">\u2013 Jeg tar h\u00e5nd om en jente som sto p\u00e5 fortauet \u2013 bussen gikk rett forbi henne. Hun var i sjokk, armene og hendene hennes bare ristet, forteller Linda.<\/p>\n<p class=\"_paragraph_o9xde_4 _paragraph_xtcu6_10 layout-component text-serif-m layout-normal text-serif-m layout-padded\">Hun holdt jentas h\u00e5nd og pr\u00f8vde \u00e5 f\u00e5 henne til \u00e5 puste rolig.<\/p>\n<p class=\"_paragraph_o9xde_4 _paragraph_xtcu6_10 layout-component text-serif-m layout-normal text-serif-m layout-padded\">\u2013 Rett foran meg ligger det kropper p\u00e5 bakken, sier Linda.<\/p>\n<p class=\"_paragraph_o9xde_4 _paragraph_xtcu6_10 layout-component text-serif-m layout-normal text-serif-m layout-padded\">Tre personer d\u00f8de i ulykken med rutebussen som skjedde klokken 15.20 fredag. Tre andre ble fraktet til sykehus, if\u00f8lge politiet.<\/p>\n<p><img alt=\"Foto: Henrik Montgomery\/TT \/ TT Nyhetsbyr\u00e5n \/ NTB\" class=\"_image_qp4xg_65 layout-component layout-normal\" data-fullscreen- data-track-element-type=\"Article image fullscreen\" data-track-name=\"ImageFullscreen\" decoding=\"async\" loading=\"lazy\" height=\"4374\" itemprop=\"image\"  src=\"https:\/\/www.europesays.com\/no\/wp-content\/uploads\/2025\/11\/3f93d2eb-f623-4571-a2cf-bc328436491c\"  style=\"object-position:0% 0%\" width=\"5832\"\/>Foto: Henrik Montgomery\/TT \/ TT Nyhetsbyr\u00e5n \/ NTB Erfaren sj\u00e5f\u00f8r med sykdomsfall<\/p>\n<p class=\"_paragraph_o9xde_4 _paragraph_xtcu6_10 layout-component text-serif-m layout-normal text-serif-m layout-padded\">Ogs\u00e5 Zaid Al Hussen (20) ble vitne til ulykken. Han kom raskt til stedet og klarte \u00e5 stoppe en kraftig bl\u00f8dning p\u00e5 en mann som ble skadet i ulykken. <\/p>\n<p class=\"_paragraph_o9xde_4 _paragraph_xtcu6_10 layout-component text-serif-m layout-normal text-serif-m layout-padded\">\u2013 Det f\u00f8ltes som en film. Det var helt surrealistisk, sier han. <\/p>\n<p><img alt=\"Foto: Christine Olsson\/TT \/ TT Nyhetsbyr\u00e5n \/ NTB\" class=\"_image_qp4xg_65 layout-component layout-normal\" data-fullscreen- data-track-element-type=\"Article image fullscreen\" data-track-name=\"ImageFullscreen\" decoding=\"async\" loading=\"lazy\" height=\"4312\" itemprop=\"image\"  src=\"https:\/\/www.europesays.com\/no\/wp-content\/uploads\/2025\/11\/4d0e5c70-6ec2-4050-b008-a76f86864ba6\"  style=\"object-position:0% 0%\" width=\"5749\"\/>Foto: Christine Olsson\/TT \/ TT Nyhetsbyr\u00e5n \/ NTB<\/p>\n<p class=\"_paragraph_o9xde_4 _paragraph_xtcu6_10 layout-component text-serif-m layout-normal text-serif-m layout-padded\">\u2013 Jeg h\u00f8rte bare masse skriking og folk som gr\u00e5t. Folk l\u00e5 p\u00e5 bakken. De ante ikke hva de skulle gj\u00f8re, de fikk panikk, sier han om de dramatiske minuttene til avisen <a href=\"https:\/\/www.aftonbladet.se\/nyheter\/a\/KME5p5\/bussolycka-ostermalm-zaid-hjalpte-skadade-overkligt\" class=\"_link_o9xde_39\" rel=\"nofollow noopener\" target=\"_blank\">Aftonbladet<\/a>.<\/p>\n<p class=\"_paragraph_o9xde_4 _paragraph_xtcu6_10 layout-component text-serif-m layout-normal text-serif-m layout-padded\">Bussj\u00e5f\u00f8ren er siktet for uaktsomt drap og kroppsskade. If\u00f8lge <a href=\"https:\/\/www.expressen.se\/nyheter\/sverige\/uppgifterna-om-foraren-i-busskraschen-i-stockholm\/\" class=\"_link_o9xde_39\" rel=\"nofollow noopener\" target=\"_blank\">Expressen<\/a> ligger et akutt sykdom bak ulykken.<\/p>\n<p class=\"_paragraph_o9xde_4 _paragraph_xtcu6_10 layout-component text-serif-m layout-normal text-serif-m layout-padded\">Sj\u00e5f\u00f8ren hadde kj\u00f8rt siden klokken 13 og var p\u00e5 vei til \u00e5 ta pause da ulykken skjedde.<\/p>\n<p class=\"_paragraph_o9xde_4 _paragraph_xtcu6_10 layout-component text-serif-m layout-normal text-serif-m layout-padded\">\u2013 Det er en erfaren bussj\u00e5f\u00f8r. Han har v\u00e6rt i tjeneste en god stund, sier Lovisa \u00c5bom, kommunikasjonssjef i Transdev.<\/p>\n<p class=\"_paragraph_o9xde_4 _paragraph_xtcu6_10 layout-component text-serif-m layout-normal text-serif-m layout-padded\">Hun beskriver ham som en verdsatt medarbeider, og selskapet hadde ingen indikasjoner p\u00e5 at han skulle ha helseproblemer.<\/p>\n<p class=\"_paragraph_o9xde_4 _paragraph_xtcu6_10 layout-component text-serif-m layout-normal text-serif-m layout-padded\">Sj\u00e5f\u00f8ren ble behandlet p\u00e5 sykehus, men har kunnet avh\u00f8res av politiet.<\/p>\n<p><img alt=\"Foto: Christine Olsson\/TT \/ NTB\" class=\"_image_qp4xg_65 layout-component layout-normal\" data-fullscreen- data-track-element-type=\"Article image fullscreen\" data-track-name=\"ImageFullscreen\" decoding=\"async\" loading=\"lazy\" height=\"4970\" itemprop=\"image\"  src=\"https:\/\/www.europesays.com\/no\/wp-content\/uploads\/2025\/11\/bfd69916-42e9-493b-ae1e-f306806081b3\"  style=\"object-position:0% 0%\" width=\"6627\"\/>Foto: Christine Olsson\/TT \/ NTB<\/p>\n<p class=\"_paragraph_o9xde_4 _paragraph_xtcu6_10 layout-component text-serif-m layout-normal text-serif-m layout-padded\">En video fra stedet viser hvordan en sivilkledd politibetjent med trukket v\u00e5pen l\u00f8per fram til den fremre d\u00f8ren og banker p\u00e5 den.<\/p>\n<p class=\"_paragraph_o9xde_4 _paragraph_xtcu6_10 layout-component text-serif-m layout-normal text-serif-m layout-padded\">\u2013 Sett deg ned p\u00e5 gulvet, roper hun til bussj\u00e5f\u00f8ren.<\/p>\n<p> Ikke terror<\/p>\n<p class=\"_paragraph_o9xde_4 _paragraph_xtcu6_10 layout-component text-serif-m layout-normal text-serif-m layout-padded\">Politiet utelukker terror som motiv.<\/p>\n<p class=\"_paragraph_o9xde_4 _paragraph_xtcu6_10 layout-component text-serif-m layout-normal text-serif-m layout-padded\">\u2013 Vi anser ikke dette som forsettlig. Det er ingenting av det som har kommet frem som peker i noen annen retning, sier Daniel Wikdahl, pressetalsperson for Stockholmspolitiet.<\/p>\n<p class=\"_paragraph_o9xde_4 _paragraph_xtcu6_10 layout-component text-serif-m layout-normal text-serif-m layout-padded\">Det var ingen passasjerer om bord i bussen da ulykken skjedde. Bussen var heller ikke i rute p\u00e5 det aktuelle tidspunktet.<\/p>\n<p><img alt=\"Foto: Henrik Montgomery\/TT \/ TT Nyhetsbyr\u00e5n \/ NTB\" class=\"_image_qp4xg_65 layout-component layout-normal\" data-fullscreen- data-track-element-type=\"Article image fullscreen\" data-track-name=\"ImageFullscreen\" decoding=\"async\" loading=\"lazy\" height=\"4724\" itemprop=\"image\"  src=\"https:\/\/www.europesays.com\/no\/wp-content\/uploads\/2025\/11\/30dafd17-b6dd-4bb4-88a7-d1d1530ded0f\"  style=\"object-position:0% 0%\" width=\"6299\"\/>Foto: Henrik Montgomery\/TT \/ TT Nyhetsbyr\u00e5n \/ NTB<\/p>\n<p class=\"_paragraph_o9xde_4 _paragraph_xtcu6_10 layout-component text-serif-m layout-normal text-serif-m layout-padded\">Buss 670, en dobbeltdekker som trafikkerer strekningen Tekniska h\u00f8gskolen \u2013 Vaxholm, var kontrollert og godkjent, if\u00f8lge kollektivselskapet SL.<\/p>\n<p class=\"_paragraph_o9xde_4 _paragraph_xtcu6_10 layout-component text-serif-m layout-normal text-serif-m layout-padded\">Statsminister Ulf Kristersson sier han har blitt informert om hendelsen.<\/p>\n<p class=\"_paragraph_o9xde_4 _paragraph_xtcu6_10 layout-component text-serif-m layout-normal text-serif-m layout-padded\">\u2013 Jeg har blitt n\u00e5dd av den tragiske nyheten om at flere personer er omkommet og skadet p\u00e5 et busstopp i sentrale Stockholm. Folk som kanskje var p\u00e5 vei hjem til familie, venner eller en rolig kveld hjemme, sier han.<\/p>\n<p class=\"_paragraph_o9xde_4 _paragraph_xtcu6_10 layout-component text-serif-m layout-normal text-serif-m layout-padded\">Linda Contreraz-Elffors og barna hennes har snakket mye om det de opplevde.<\/p>\n<p class=\"_paragraph_o9xde_4 _paragraph_xtcu6_10 layout-component text-serif-m layout-normal text-serif-m layout-padded\">\u2013 Det g\u00e5r jo mellom total gr\u00e5t og sjokk over det man har sett \u2013 for det var s\u00e5 rart, s\u00e5 uvirkelig. S\u00e5nt skjer jo ikke. Det er s\u00e5nt man har sett p\u00e5 TV. Plutselig st\u00e5r man midt i det selv, sier hun til <a href=\"https:\/\/www.expressen.se\/nyheter\/sverige\/linda-47-var-forst-pa-plats-vid-bussolyckan-i-stockholm\/\" class=\"_link_o9xde_39\" rel=\"nofollow noopener\" target=\"_blank\">Expressen<\/a>.<\/p>\n","protected":false},"excerpt":{"rendered":"Linda og barna hennes ble vitner til den d\u00f8delige bussulykken i Sverige fredag. \u2013 Det var uvirkelig, sier&hellip;\n","protected":false},"author":2,"featured_media":87826,"comment_status":"","ping_status":"","sticky":false,"template":"","format":"standard","meta":{"footnotes":""},"categories":[5],"tags":[20,21,2760,11634,24,25,15,19,22,23,17,18,13,30,28,29,14,16,3148,26,27,51,46],"class_list":{"0":"post-87825","1":"post","2":"type-post","3":"status-publish","4":"format-standard","5":"has-post-thumbnail","7":"category-overskrifter","8":"tag-breaking-news","9":"tag-breakingnews","10":"tag-buss","11":"tag-busstopp","12":"tag-featured-news","13":"tag-featurednews","14":"tag-headlines","15":"tag-hovedoppslag","16":"tag-latest-news","17":"tag-latestnews","18":"tag-main-news","19":"tag-mainnews","20":"tag-news","21":"tag-no","22":"tag-norge","23":"tag-norway","24":"tag-nyheter","25":"tag-overskrifter","26":"tag-stockholm","27":"tag-top-stories","28":"tag-topstories","29":"tag-ulykke","30":"tag-vgai"},"share_on_mastodon":{"url":"https:\/\/pubeurope.com\/@no\/115553521157467600","error":""},"_links":{"self":[{"href":"https:\/\/www.europesays.com\/no\/wp-json\/wp\/v2\/posts\/87825","targetHints":{"allow":["GET"]}}],"collection":[{"href":"https:\/\/www.europesays.com\/no\/wp-json\/wp\/v2\/posts"}],"about":[{"href":"https:\/\/www.europesays.com\/no\/wp-json\/wp\/v2\/types\/post"}],"author":[{"embeddable":true,"href":"https:\/\/www.europesays.com\/no\/wp-json\/wp\/v2\/users\/2"}],"replies":[{"embeddable":true,"href":"https:\/\/www.europesays.com\/no\/wp-json\/wp\/v2\/comments?post=87825"}],"version-history":[{"count":0,"href":"https:\/\/www.europesays.com\/no\/wp-json\/wp\/v2\/posts\/87825\/revisions"}],"wp:featuredmedia":[{"embeddable":true,"href":"https:\/\/www.europesays.com\/no\/wp-json\/wp\/v2\/media\/87826"}],"wp:attachment":[{"href":"https:\/\/www.europesays.com\/no\/wp-json\/wp\/v2\/media?parent=87825"}],"wp:term":[{"taxonomy":"category","embeddable":true,"href":"https:\/\/www.europesays.com\/no\/wp-json\/wp\/v2\/categories?post=87825"},{"taxonomy":"post_tag","embeddable":true,"href":"https:\/\/www.europesays.com\/no\/wp-json\/wp\/v2\/tags?post=87825"}],"curies":[{"name":"wp","href":"https:\/\/api.w.org\/{rel}","templated":true}]}}