{"id":87833,"date":"2025-11-15T12:06:14","date_gmt":"2025-11-15T12:06:14","guid":{"rendered":"https:\/\/www.europesays.com\/no\/87833\/"},"modified":"2025-11-15T12:06:14","modified_gmt":"2025-11-15T12:06:14","slug":"t-bane-trafikk-og-kollektiv-forsinkelser-pa-alle-t-banelinjer","status":"publish","type":"post","link":"https:\/\/www.europesays.com\/no\/87833\/","title":{"rendered":"T-bane, Trafikk og kollektiv | Forsinkelser p\u00e5 alle T-banelinjer"},"content":{"rendered":"\n<p>L\u00f8rdag formiddag er det forsinkelser p\u00e5 alle T-banelinjer.<\/p>\n<p>Det bekrefter pressekontakt Tonje Bergmo i Sporveien til Avisa Oslo. \u00c5rsaken skal v\u00e6re en signalfeil ved Stortinget.<\/p>\n<p>\u2013 \u00c5rsaken til forsinkelsene er at det kun kan kj\u00f8res p\u00e5 ett spor mellom Nationaltheatret og Jernbanetorget p\u00e5 grunn av signalfeilen.<\/p>\n<p>   <img decoding=\"async\" width=\"765\" height=\"724\" fetchpriority=\"low\"  loading=\"lazy\"  src=\"https:\/\/www.europesays.com\/no\/wp-content\/uploads\/2025\/11\/Skjermbilde+2025-11-15+kl.+10.49.34_1.png\" alt=\"\" class=\"brick-c-cFOWSL\" style=\"--brick-image-ratio: 765 \/ 724;\"\/><\/p>\n<p>      Det er avvik p\u00e5 alle T-banelinjene l\u00f8rdag formiddag.<br \/>\n      Foto: Ruter\n    <\/p>\n<p>Fagleder er p\u00e5 stedet, og if\u00f8lge Bergmo jobber Sporveien p\u00e5 spreng for \u00e5 fikse problemet.<\/p>\n<p>\u2013 Den st\u00f8rste forsinkelsen er p\u00e5 18 minutter, legger Bergmo til.<\/p>\n<p><b>Feilen ble oppdaget klokken 10.04.<\/b><\/p>\n<p>If\u00f8lge Ruters nettside kan forsinkelsene gjelde helt fram til klokken 14.00 l\u00f8rdag.<\/p>\n<p><b>LES OGS\u00c5:<\/b><\/p>\n<p>  <a href=\"https:\/\/www.ao.no\/5-128-1192822\" class=\"related-teaser has-image default-story-teaser article--c-eRUmMG article--c-eRUmMG-jKCPdD-design-default\" wp_automatic_readability=\"1\" rel=\"nofollow noopener\" target=\"_blank\"><\/p>\n<p>    For abonnenter<\/p>\n<p>    <img decoding=\"async\" loading=\"lazy\"  src=\"https:\/\/www.europesays.com\/no\/wp-content\/uploads\/2025\/11\/NTB_37RRtb9O1KA.jpg\" alt=\"\" class=\"brick-c-cFOWSL\" style=\"\"\/><\/p>\n<p>\n            Les ogs\u00e5<\/p>\n<p>  Kan henge i en tynn tr\u00e5d: Svarene blir skjebnesvangre for en av byens mektigste<\/p>\n<p>  <\/a><\/p>\n<p>  <a href=\"https:\/\/www.ao.no\/5-128-1193541\" class=\"related-teaser default-story-teaser article--c-eRUmMG article--c-eRUmMG-jKCPdD-design-default article--c-eRUmMG-kpKLOW-cv\" wp_automatic_readability=\"1\" rel=\"nofollow noopener\" target=\"_blank\"><\/p>\n<p>\n            Les ogs\u00e5<\/p>\n<p>  Tittet ut fra vinduet og s\u00e5 en mann sl\u00e5 med jernstang<\/p>\n<p>  <\/a><\/p>\n<p>  <a href=\"https:\/\/www.ao.no\/5-128-1186942\" class=\"related-teaser has-image default-story-teaser article--c-eRUmMG article--c-eRUmMG-jKCPdD-design-default\" wp_automatic_readability=\"1.5\" rel=\"nofollow noopener\" target=\"_blank\"><\/p>\n<p>    For abonnenter<\/p>\n<p>    <img decoding=\"async\" loading=\"lazy\"  src=\"https:\/\/www.europesays.com\/no\/wp-content\/uploads\/2025\/11\/IMG_7355.JPG\" alt=\"\" class=\"brick-c-cFOWSL\" style=\"\"\/><\/p>\n<p>\n            Les ogs\u00e5<\/p>\n<p>  Det utskjelte omr\u00e5det har blitt diskutert i \u00e5revis: \u2013 Eksempler p\u00e5 hvordan det ikke b\u00f8r v\u00e6re<\/p>\n<p>  <\/a><\/p>\n<p>  <a href=\"https:\/\/www.ao.no\/5-128-1192314\" class=\"related-teaser has-image default-opinion-teaser article--c-eRUmMG article--c-eRUmMG-jKCPdD-design-default\" wp_automatic_readability=\"1\" rel=\"nofollow noopener\" target=\"_blank\"><\/p>\n<p>    <img decoding=\"async\" loading=\"lazy\"  src=\"https:\/\/www.europesays.com\/no\/wp-content\/uploads\/2025\/11\/NTB__1OgzegIJ38.jpg\" alt=\"\" class=\"brick-c-cFOWSL\" style=\"\"\/><\/p>\n<p>\n            Les ogs\u00e5<\/p>\n<p>  Dyrere billetter i rushtiden er greit p\u00e5 papiret. I praksis treffer det helt feil<\/p>\n<p>  <\/a><\/p>\n","protected":false},"excerpt":{"rendered":"L\u00f8rdag formiddag er det forsinkelser p\u00e5 alle T-banelinjer. Det bekrefter pressekontakt Tonje Bergmo i Sporveien til Avisa Oslo.&hellip;\n","protected":false},"author":2,"featured_media":87834,"comment_status":"","ping_status":"","sticky":false,"template":"","format":"standard","meta":{"footnotes":""},"categories":[10],"tags":[36,20,21,24,25,15,22,23,13,30,28,29,14,16,285,288,1510,1196,26,27,284],"class_list":{"0":"post-87833","1":"post","2":"type-post","3":"status-publish","4":"format-standard","5":"has-post-thumbnail","7":"category-norge","8":"tag-art","9":"tag-breaking-news","10":"tag-breakingnews","11":"tag-featured-news","12":"tag-featurednews","13":"tag-headlines","14":"tag-latest-news","15":"tag-latestnews","16":"tag-news","17":"tag-no","18":"tag-norge","19":"tag-norway","20":"tag-nyheter","21":"tag-overskrifter","22":"tag-sentrum","23":"tag-sporveien","24":"tag-story","25":"tag-t-bane","26":"tag-top-stories","27":"tag-topstories","28":"tag-trafikk-og-kollektiv"},"share_on_mastodon":{"url":"https:\/\/pubeurope.com\/@no\/115553631429520942","error":""},"_links":{"self":[{"href":"https:\/\/www.europesays.com\/no\/wp-json\/wp\/v2\/posts\/87833","targetHints":{"allow":["GET"]}}],"collection":[{"href":"https:\/\/www.europesays.com\/no\/wp-json\/wp\/v2\/posts"}],"about":[{"href":"https:\/\/www.europesays.com\/no\/wp-json\/wp\/v2\/types\/post"}],"author":[{"embeddable":true,"href":"https:\/\/www.europesays.com\/no\/wp-json\/wp\/v2\/users\/2"}],"replies":[{"embeddable":true,"href":"https:\/\/www.europesays.com\/no\/wp-json\/wp\/v2\/comments?post=87833"}],"version-history":[{"count":0,"href":"https:\/\/www.europesays.com\/no\/wp-json\/wp\/v2\/posts\/87833\/revisions"}],"wp:featuredmedia":[{"embeddable":true,"href":"https:\/\/www.europesays.com\/no\/wp-json\/wp\/v2\/media\/87834"}],"wp:attachment":[{"href":"https:\/\/www.europesays.com\/no\/wp-json\/wp\/v2\/media?parent=87833"}],"wp:term":[{"taxonomy":"category","embeddable":true,"href":"https:\/\/www.europesays.com\/no\/wp-json\/wp\/v2\/categories?post=87833"},{"taxonomy":"post_tag","embeddable":true,"href":"https:\/\/www.europesays.com\/no\/wp-json\/wp\/v2\/tags?post=87833"}],"curies":[{"name":"wp","href":"https:\/\/api.w.org\/{rel}","templated":true}]}}