{"id":87838,"date":"2025-11-15T12:14:08","date_gmt":"2025-11-15T12:14:08","guid":{"rendered":"https:\/\/www.europesays.com\/no\/87838\/"},"modified":"2025-11-15T12:14:08","modified_gmt":"2025-11-15T12:14:08","slug":"nytt-farevarsel-yr-venter-lokalt-mye-sno-rbnett-no","status":"publish","type":"post","link":"https:\/\/www.europesays.com\/no\/87838\/","title":{"rendered":"Nytt farevarsel \u2013 Yr venter lokalt mye sn\u00f8 &#8211; rbnett.no"},"content":{"rendered":"<ol>\n<li><a href=\"https:\/\/news.google.com\/rss\/articles\/CBMijgFBVV95cUxQUmpfSGRvS1ZHQlBPWGJuZGl1WXZJb25WWnZyRk1QTWhxN2J4TnRWejR6QTZvNVprbmVBbnJBcVNRWUlUajNzOGdBRFRQMUxZOWQwa2ZPT0kyR1BBOU81d2lVb0EyWm9fMzA2OUhfLVRsaGdiajhHY1JHa21Mb21ieTJjTWluU2tWelNpZUdn?oc=5\" target=\"_blank\" rel=\"nofollow noopener\">Nytt farevarsel \u2013 Yr venter lokalt mye sn\u00f8<\/a>&nbsp;&nbsp;rbnett.no<\/li>\n<li><a href=\"https:\/\/news.google.com\/rss\/articles\/CBMipAFBVV95cUxQc0xmRHFkdDllTTdwWjhLUlRSY1ctSTJ3UUpsMTNVeGF3OVpoM1UxMDhpak9RdEFZRXJPbEY1WHdzTXFfelp1aDdsd0hIb2lRTHZ6WkVSQk8zMUZSRFNfZ0RiZ0wxUkJWRGRMQl8yMHFtamRlcW5hYnZqM2pJR013SHJVQVdmUV9qZWcxVnZ3TEpkTzNfY2FORkN6eXFZUF84anZZWA?oc=5\" target=\"_blank\" rel=\"nofollow noopener\">Kraftig sn\u00f8fokk flere steder i landet gir vanskelige kj\u00f8reforhold<\/a>&nbsp;&nbsp;VG<\/li>\n<li><a href=\"https:\/\/news.google.com\/rss\/articles\/CBMiigFBVV95cUxQVFYxcDJPYXVOOUtnWmE5RlpsOG5UZUNLVUZ0c2JkZWFQZzk5M29EM29mbU1hVDJaaWlDMDlHbERrYmtGQ0ZrT052RGRsMVN4OUlNVEJ1VXlRMHU4cndFaVpOZzJjMThFTmp3bktJRUhZVUtpZjFPcmk5djBvb0lCbTZjejc2VTMzWnc?oc=5\" target=\"_blank\" rel=\"nofollow noopener\">Nytt farevarsel: Nedb\u00f8rsformen vil variere<\/a>&nbsp;&nbsp;avisa-st.no<\/li>\n<li><a href=\"https:\/\/news.google.com\/rss\/articles\/CBMiekFVX3lxTE9Fb0dfajFNZHg1VGg4cDI0MEJlb0R0T2dhdGxxOE1vMmM0SEpwalJuZ18zWTRTZW1Qa0FMREJPc3dSeTBNOU5kSXlNajExTDZKb3RaUmlMOEEzR1owd2t1ckgzb24xRFVteHBfRzhsVWxKTzdlbXN5WldR?oc=5\" target=\"_blank\" rel=\"nofollow noopener\">F\u00f8lg med &#8211; her kommer vinteren<\/a>&nbsp;&nbsp;dagbladet.no<\/li>\n<li><a href=\"https:\/\/news.google.com\/rss\/articles\/CBMifkFVX3lxTFBmbDdIOWFXYnJobTBqR05Rb1dzWUM4blBEbTlDOVF6dlNNb2xhcXVHU3M3VTFhNkVFd3gyb1RUekdHUFlQUXpKWG5LQldGTGdXUlMzRkdRdG5lUVdLVEpkQ1QtZ0hzRmd4RGtmaEM2TEZfbXlwWVM2MnF3dlhBZw?oc=5\" target=\"_blank\" rel=\"nofollow noopener\">V\u00e6r, Vinter | Utvider farevarselet: \u2013 Kraftig etter hvert<\/a>&nbsp;&nbsp;Gudbrandsd\u00f8len Dagningen<\/li>\n<\/ol>\n","protected":false},"excerpt":{"rendered":"Nytt farevarsel \u2013 Yr venter lokalt mye sn\u00f8&nbsp;&nbsp;rbnett.no Kraftig sn\u00f8fokk flere steder i landet gir vanskelige kj\u00f8reforhold&nbsp;&nbsp;VG Nytt&hellip;\n","protected":false},"author":2,"featured_media":87839,"comment_status":"","ping_status":"","sticky":false,"template":"","format":"standard","meta":{"footnotes":""},"categories":[10],"tags":[20,21,24,25,15,22,23,13,30,28,29,14,16,26,27],"class_list":{"0":"post-87838","1":"post","2":"type-post","3":"status-publish","4":"format-standard","5":"has-post-thumbnail","7":"category-norge","8":"tag-breaking-news","9":"tag-breakingnews","10":"tag-featured-news","11":"tag-featurednews","12":"tag-headlines","13":"tag-latest-news","14":"tag-latestnews","15":"tag-news","16":"tag-no","17":"tag-norge","18":"tag-norway","19":"tag-nyheter","20":"tag-overskrifter","21":"tag-top-stories","22":"tag-topstories"},"share_on_mastodon":{"url":"https:\/\/pubeurope.com\/@no\/115553662630037038","error":""},"_links":{"self":[{"href":"https:\/\/www.europesays.com\/no\/wp-json\/wp\/v2\/posts\/87838","targetHints":{"allow":["GET"]}}],"collection":[{"href":"https:\/\/www.europesays.com\/no\/wp-json\/wp\/v2\/posts"}],"about":[{"href":"https:\/\/www.europesays.com\/no\/wp-json\/wp\/v2\/types\/post"}],"author":[{"embeddable":true,"href":"https:\/\/www.europesays.com\/no\/wp-json\/wp\/v2\/users\/2"}],"replies":[{"embeddable":true,"href":"https:\/\/www.europesays.com\/no\/wp-json\/wp\/v2\/comments?post=87838"}],"version-history":[{"count":0,"href":"https:\/\/www.europesays.com\/no\/wp-json\/wp\/v2\/posts\/87838\/revisions"}],"wp:featuredmedia":[{"embeddable":true,"href":"https:\/\/www.europesays.com\/no\/wp-json\/wp\/v2\/media\/87839"}],"wp:attachment":[{"href":"https:\/\/www.europesays.com\/no\/wp-json\/wp\/v2\/media?parent=87838"}],"wp:term":[{"taxonomy":"category","embeddable":true,"href":"https:\/\/www.europesays.com\/no\/wp-json\/wp\/v2\/categories?post=87838"},{"taxonomy":"post_tag","embeddable":true,"href":"https:\/\/www.europesays.com\/no\/wp-json\/wp\/v2\/tags?post=87838"}],"curies":[{"name":"wp","href":"https:\/\/api.w.org\/{rel}","templated":true}]}}