{"id":87842,"date":"2025-11-15T12:22:38","date_gmt":"2025-11-15T12:22:38","guid":{"rendered":"https:\/\/www.europesays.com\/no\/87842\/"},"modified":"2025-11-15T12:22:38","modified_gmt":"2025-11-15T12:22:38","slug":"turbulent-ukesslutt-pa-wall-street","status":"publish","type":"post","link":"https:\/\/www.europesays.com\/no\/87842\/","title":{"rendered":"Turbulent ukesslutt p\u00e5 Wall Street"},"content":{"rendered":"<p class=\"lead\">N\u00f8kkelindeksene p\u00e5 Wall Street b\u00e5de steg og falt markant p\u00e5 ukens siste handelsdag. \u2013 Vi hopper frem og tilbake mellom \u00abrisk-on\u00bb og \u00abrisk-off\u00bb, konstaterer portef\u00f8ljeforvalter.<\/p>\n<p><img alt=\"New York-b\u00f8rsene har v\u00e6rt vriene \u00e5 time for investorene denne uken. Her megler Peter Mancuso p\u00e5 New York Stock Exchange p\u00e5 onsdag.\" loading=\"eager\" src=\"https:\/\/www.europesays.com\/no\/wp-content\/uploads\/2025\/11\/eyJ3IjoxMDAwLCJmIjoid2VicCIsImsiOiIzMjI0NTk1ODIyZTlhNzdmMDgxNmYzYjQ2Yjc4NTVmNCIsImZwIjpbMC42NzA1NTcs.webp\" fetchpriority=\"high\" decoding=\"async\"\/>New York-b\u00f8rsene har v\u00e6rt vriene \u00e5 time for investorene denne uken. Her megler Peter Mancuso p\u00e5 New York Stock Exchange p\u00e5 onsdag.Foto: Richard Drew\/AP\/NTB<\/p>\n<p>Publisert 14. November 2025, kl. 14.31Oppdatert 14. November 2025, kl. 21.01<\/p>\n","protected":false},"excerpt":{"rendered":"N\u00f8kkelindeksene p\u00e5 Wall Street b\u00e5de steg og falt markant p\u00e5 ukens siste handelsdag. \u2013 Vi hopper frem og&hellip;\n","protected":false},"author":2,"featured_media":87843,"comment_status":"","ping_status":"","sticky":false,"template":"","format":"standard","meta":{"footnotes":""},"categories":[56],"tags":[60,61,62,30,28,29],"class_list":{"0":"post-87842","1":"post","2":"type-post","3":"status-publish","4":"format-standard","5":"has-post-thumbnail","7":"category-naeringsliv","8":"tag-business","9":"tag-economy","10":"tag-naeringsliv","11":"tag-no","12":"tag-norge","13":"tag-norway"},"share_on_mastodon":{"url":"https:\/\/pubeurope.com\/@no\/115553694386606686","error":""},"_links":{"self":[{"href":"https:\/\/www.europesays.com\/no\/wp-json\/wp\/v2\/posts\/87842","targetHints":{"allow":["GET"]}}],"collection":[{"href":"https:\/\/www.europesays.com\/no\/wp-json\/wp\/v2\/posts"}],"about":[{"href":"https:\/\/www.europesays.com\/no\/wp-json\/wp\/v2\/types\/post"}],"author":[{"embeddable":true,"href":"https:\/\/www.europesays.com\/no\/wp-json\/wp\/v2\/users\/2"}],"replies":[{"embeddable":true,"href":"https:\/\/www.europesays.com\/no\/wp-json\/wp\/v2\/comments?post=87842"}],"version-history":[{"count":0,"href":"https:\/\/www.europesays.com\/no\/wp-json\/wp\/v2\/posts\/87842\/revisions"}],"wp:featuredmedia":[{"embeddable":true,"href":"https:\/\/www.europesays.com\/no\/wp-json\/wp\/v2\/media\/87843"}],"wp:attachment":[{"href":"https:\/\/www.europesays.com\/no\/wp-json\/wp\/v2\/media?parent=87842"}],"wp:term":[{"taxonomy":"category","embeddable":true,"href":"https:\/\/www.europesays.com\/no\/wp-json\/wp\/v2\/categories?post=87842"},{"taxonomy":"post_tag","embeddable":true,"href":"https:\/\/www.europesays.com\/no\/wp-json\/wp\/v2\/tags?post=87842"}],"curies":[{"name":"wp","href":"https:\/\/api.w.org\/{rel}","templated":true}]}}