{"id":87844,"date":"2025-11-15T12:23:18","date_gmt":"2025-11-15T12:23:18","guid":{"rendered":"https:\/\/www.europesays.com\/no\/87844\/"},"modified":"2025-11-15T12:23:18","modified_gmt":"2025-11-15T12:23:18","slug":"krisa-i-tyskland-er-den-verste-siden-gjenforeninga","status":"publish","type":"post","link":"https:\/\/www.europesays.com\/no\/87844\/","title":{"rendered":"Krisa i Tyskland er den verste siden gjenforeninga"},"content":{"rendered":"<p>            <img loading=\"lazy\" decoding=\"async\" width=\"696\" height=\"392\" class=\"entry-thumb\" src=\"https:\/\/www.europesays.com\/no\/wp-content\/uploads\/2025\/11\/shutterstock_2412734161.jpg\"   alt=\"\" title=\"Crisis,In,Germany.,Economic,Recession.,Crisis,Quotes,On,Flag.,Financial\"\/>Tyskland krise: Lille mann, hva n\u00e5?<\/p>\n<p>Tysklands \u00f8konomi er i ei alvorlig krise, og situasjonen har forverret seg gjennom 2025. Landet har opplevd negativ eller null vekst i flere \u00e5r p\u00e5 rad, og mange \u00f8konomer beskriver det som den lengste nedgangen siden gjenforeningen i 1990.<\/p>\n<p>Tysklands BNP krympet med 0,2\u20130,3% i b\u00e5de 2023 og 2024, og \u00f8konomien har v\u00e6rt p\u00e5 <a href=\"https:\/\/www.reuters.com\/markets\/europe\/german-economy-contracted-02-2024-2025-01-15\/\" rel=\"nofollow noopener\" target=\"_blank\">p\u00e5 stedet hvil <\/a>siden 2019 (f\u00f8r \u00abpandemien\u00bb).<\/p>\n<p>For 2025 varierer prognosene fra null vekst (EU-kommisjonen, Bundesbank, regjeringen) til svak positiv p\u00e5 0,2\u20130,4% (IMF, Goldman Sachs, Roland Berger). Noen, som BDI (tysk industriforbund), sp\u00e5r en <a href=\"https:\/\/www.rolandberger.com\/en\/Insights\/Publications\/The-German-economy-in-2025.html\" rel=\"nofollow noopener\" target=\"_blank\">fortsatt nedgang<\/a> p\u00e5 -0,1%.<\/p>\n<p>Dette gj\u00f8r Tyskland til <a href=\"https:\/\/www.reuters.com\/markets\/europe\/german-economy-fell-by-02-fourth-quarter-2025-01-30\/\" rel=\"nofollow noopener\" target=\"_blank\">den svakeste \u00f8konomien i G7<\/a>, og det er risiko for teknisk resesjon igjen (to kvartaler med negativ vekst) hvis Q4 2024 og Q1 2025 blir negative. Og som kjent omfatter G7 blant annet de kriserammede Storbritannia, Frankrike og Italia, s\u00e5 det er litt av en liga.<\/p>\n<p>Industriproduksjonen er p\u00e5<a href=\"https:\/\/www.euronews.com\/business\/2024\/12\/24\/five-major-economic-hurdles-germany-needs-to-overcome-in-2025\" rel=\"nofollow noopener\" target=\"_blank\"> laveste niv\u00e5 siden 2020<\/a>, med kraftig fall i energiintensive sektorer (10\u201315% nedgang). <a href=\"https:\/\/thefinancialanalyst.net\/2025\/01\/06\/germany-faces-deepening-economic-crisis-recession-looms-ahead\/\" rel=\"nofollow noopener\" target=\"_blank\">Arbeidsledigheten<\/a> har steget til h\u00f8yeste p\u00e5 ti \u00e5r, og konkurser er p\u00e5 rekordniv\u00e5 (over 22.000 i 2024).<\/p>\n<p>Egenproduserte og p\u00e5lagte kriser<\/p>\n<p>Blant \u00e5rsakene til Tysklands krise er kanskje energikrisa den viktigste. Den skyldes delvis \u00abdet gr\u00f8nne skiftet\u00bb med sin tvangsmessige nedlegging av kullkraftverk og atomkraftverk. Energikrisa er ytterligere forsterket av de p\u00e5lagte sanksjonene mot Russland og bombinga av Nord Stream.<\/p>\n<p>Sanksjonene mot Russland har p\u00e5f\u00f8rt tysk industri tap av et av sine viktigste markeder, Russland.<\/p>\n<p>\u00abPandemien\u00bb (COVID-19) p\u00e5f\u00f8rte Tyskland enorme \u00f8konomiske tap, b\u00e5de direkte gjennom tap i produksjon og konsum, og indirekte via statlige st\u00f8ttepakker, helsekostnader og langsiktige effekter som Long COVID. Basert p\u00e5 oppdaterte analyser per november 2025, varierer anslagene avhengig av hva som inkluderes \u2013 fra rent BNP-tap til totale offentlige utgifter.<\/p>\n<p>2020: BNP krympet med 5,0% (ca. 175\u2013200 mrd. euro tap i verdi, tilsvarende 4\u20135% av BNP). Dette var mindre enn fryktet (f.eks. ifo-anslag p\u00e5 255\u2013729 mrd. euro for hele \u00e5ret), takket v\u00e6re Kurzarbeit og st\u00f8tte.<\/p>\n<p>2020\u20132021: Totalt ca. 350 mrd. euro lavere BNP enn trend, hovedsakelig fra nedstengninger (lockdowns) og redusert konsum (270 mrd. euro mindre privatforbruk).<\/p>\n<p>2020\u20132022: Pandemien alene (ekskl. Ukraina-krigen) kostet 420 mrd. euro i tapt verdi, med 400 mrd. euro i redusert privat konsum og 125 mrd. euro i uteblitte investeringer.<\/p>\n<p>2020\u20132024: Kumulativt 545 mrd. euro tapt output fra alle kriser (pandemien st\u00e5r for majoriteten, ca. 70\u201380 % eller 380\u2013430 mrd. euro), inkludert 250 mrd. euro mindre konsum i 2020\u20132021.<\/p>\n<p>Langsiktig (til 2025): IMF ansl\u00e5r permanent output-gap p\u00e5 5\u20137% av BNP, tilsvarende 200\u2013300 mrd. euro \u00e5rlig i tapte inntekter. \u00d8konomien ligger fortsatt 5\u20136% under pre-pandemi-trend, forsterket av ettervirkninger.<\/p>\n<p>Kilder:<\/p>\n<ul class=\"wp-block-list\">\n<li>Destatis (offisiell statistikk): BNP falt 5% i 2020, med kumulativ effekt p\u00e5 4,6% kontraksjon justert for pris.<\/li>\n<li>IMF (2021-analyse, oppdatert 2025): \u00d8konomien kontrakterte over 5% i 2020, med totaltap p\u00e5 5\u20136% av BNP for \u00e5ret.<\/li>\n<li>Reuters\/Destatis (2021): 5% \u00e5rlig fall, mindre enn finanskrisen (2008\u201309).<\/li>\n<\/ul>\n<p>Migrasjonskostnadene<\/p>\n<p>Ipsos-data fra 2025 viser at migrasjon er tyskernes st\u00f8rste bekymring.<\/p>\n<p>Migrasjon, spesielt irregul\u00e6r og flyktningstr\u00f8mmer siden 2015 (inkludert Ukraina-krigen), har skapt betydelige utgifter som presser det stramme budsjettet:<\/p>\n<p>I 2024 gikk 12,2 milliarder euro til sosial st\u00f8tte for migranter, og over 2,5 millioner av 4 millioner mottakere av sosialhjelp har migrasjonsbakgrunn. Totalt brukte Tyskland nesten 50 milliarder euro p\u00e5 migranter og grensesikring i 2024, noe som forsterker underskuddet midt i stagnasjonen. En meta-analyse fra MIWI Institute (2023, oppdatert 2025) ansl\u00e5r at masseinnvandring har en netto negativ effekt p\u00e5 budsjettet og velferdsstaten, med kostnader p\u00e5 40\u201350 000 euro per ikke-vestlig migrant over livsl\u00f8pet.<\/p>\n<p>Massemigrasjonen i 2014 var et produkt av USAs, Israels og araberstatenes brutale krig mot Syria via stedfortredere. Massemigrasjonen fra Ukraina er et produkt av NATOs krig mot Russland i Ukraina.<\/p>\n<p>I tillegg til dette har den tyske \u00abeliten\u00bb f\u00f8rt en politikk som bare har forsterket krisa.<\/p>\n<p>Oppsummert: Tyskland har tapt 10% siden 2019<\/p>\n<p>Tyskland har tapt ca. 10 % av forventet \u00f8konomisk resultat siden 2019 \u2013 et dramatisk avvik som gj\u00f8r landet til G7s desidert svakeste. Friedrich Merz &amp; co pr\u00f8ver \u00e5 l\u00f8se denne krisa ved hjelp av militarisering og krig mot Russland. Han har vel sett hvor fint det gikk forrige gang.<\/p>\n<p>Krisa har f\u00f8rt til at AfD n\u00e5 har <a href=\"https:\/\/dawum.de\/AfD\/\" rel=\"nofollow noopener\" target=\"_blank\">n\u00e6rmere 40% oppslutning<\/a> i hele det ganle DDR.<\/p>\n<p><img data-recalc-dims=\"1\" fetchpriority=\"high\" decoding=\"async\" width=\"388\" height=\"488\" src=\"https:\/\/www.europesays.com\/no\/wp-content\/uploads\/2025\/11\/image-17.png\" alt=\"\" class=\"wp-image-153416\"  \/><\/p>\n<blockquote class=\"twitter-tweet\" data-width=\"550\" data-dnt=\"true\">\n<p lang=\"en\" dir=\"ltr\">Europe just became the only region on Earth planning to use less natural gas \u2014 not because it \u201cwent green,\u201d but because its industries are dying. The Green New Deal didn\u2019t decarbonize Europe\u2026 it de-industrialized it. And the elites still call this \u201ca success.\u201d<\/p>\n<p>Every region\u2026 <a href=\"https:\/\/t.co\/mkmaH7Deyg\" rel=\"nofollow\">pic.twitter.com\/mkmaH7Deyg<\/a><\/p>\n<p>\u2014 THE ISLANDER (@IslanderWORLD) <a href=\"https:\/\/twitter.com\/IslanderWORLD\/status\/1989384830270713872?ref_src=twsrc%5Etfw\" rel=\"nofollow noopener\" target=\"_blank\">November 14, 2025<\/a><\/p><\/blockquote>\n<p>        <script async src=\"https:\/\/platform.twitter.com\/widgets.js\" charset=\"utf-8\"><\/script><\/p>\n","protected":false},"excerpt":{"rendered":"Tyskland krise: Lille mann, hva n\u00e5? Tysklands \u00f8konomi er i ei alvorlig krise, og situasjonen har forverret seg&hellip;\n","protected":false},"author":2,"featured_media":87845,"comment_status":"","ping_status":"","sticky":false,"template":"","format":"standard","meta":{"footnotes":""},"categories":[12],"tags":[20,21,24,25,15,22,23,13,30,28,29,14,16,26,27,42,43,44,45],"class_list":{"0":"post-87844","1":"post","2":"type-post","3":"status-publish","4":"format-standard","5":"has-post-thumbnail","7":"category-verden","8":"tag-breaking-news","9":"tag-breakingnews","10":"tag-featured-news","11":"tag-featurednews","12":"tag-headlines","13":"tag-latest-news","14":"tag-latestnews","15":"tag-news","16":"tag-no","17":"tag-norge","18":"tag-norway","19":"tag-nyheter","20":"tag-overskrifter","21":"tag-top-stories","22":"tag-topstories","23":"tag-verden","24":"tag-world","25":"tag-world-news","26":"tag-worldnews"},"share_on_mastodon":{"url":"https:\/\/pubeurope.com\/@no\/115553698342221070","error":""},"_links":{"self":[{"href":"https:\/\/www.europesays.com\/no\/wp-json\/wp\/v2\/posts\/87844","targetHints":{"allow":["GET"]}}],"collection":[{"href":"https:\/\/www.europesays.com\/no\/wp-json\/wp\/v2\/posts"}],"about":[{"href":"https:\/\/www.europesays.com\/no\/wp-json\/wp\/v2\/types\/post"}],"author":[{"embeddable":true,"href":"https:\/\/www.europesays.com\/no\/wp-json\/wp\/v2\/users\/2"}],"replies":[{"embeddable":true,"href":"https:\/\/www.europesays.com\/no\/wp-json\/wp\/v2\/comments?post=87844"}],"version-history":[{"count":0,"href":"https:\/\/www.europesays.com\/no\/wp-json\/wp\/v2\/posts\/87844\/revisions"}],"wp:featuredmedia":[{"embeddable":true,"href":"https:\/\/www.europesays.com\/no\/wp-json\/wp\/v2\/media\/87845"}],"wp:attachment":[{"href":"https:\/\/www.europesays.com\/no\/wp-json\/wp\/v2\/media?parent=87844"}],"wp:term":[{"taxonomy":"category","embeddable":true,"href":"https:\/\/www.europesays.com\/no\/wp-json\/wp\/v2\/categories?post=87844"},{"taxonomy":"post_tag","embeddable":true,"href":"https:\/\/www.europesays.com\/no\/wp-json\/wp\/v2\/tags?post=87844"}],"curies":[{"name":"wp","href":"https:\/\/api.w.org\/{rel}","templated":true}]}}