{"id":87856,"date":"2025-11-15T12:35:13","date_gmt":"2025-11-15T12:35:13","guid":{"rendered":"https:\/\/www.europesays.com\/no\/87856\/"},"modified":"2025-11-15T12:35:13","modified_gmt":"2025-11-15T12:35:13","slug":"lillestrom-stein-erik-hagen-bendik-30-fra-lillestrom-gifter-seg-med-stein-erik-hagen","status":"publish","type":"post","link":"https:\/\/www.europesays.com\/no\/87856\/","title":{"rendered":"Lillestr\u00f8m, Stein Erik Hagen | Bendik (30) fra Lillestr\u00f8m gifter seg med Stein Erik Hagen"},"content":{"rendered":"\n<p>F\u00f8r bryllupet stilte paret til et intervju med <a href=\"https:\/\/www.vg.no\/nyheter\/i\/nyklqn\/stein-erik-hagen-69-gifter-seg-med-bendik-skinningsrud-30\" rel=\"nofollow noopener\" target=\"_blank\">VG<\/a> , der de forteller hvordan de m\u00f8ttes og om kj\u00e6rligheten de har for hverandre.<\/p>\n<p>Paret m\u00f8ttes under pandemien p\u00e5 et arrangement p\u00e5 spahotellet The Well i 2020.<\/p>\n<p>Aldersforskjellen mellom de to er p\u00e5 39 \u00e5r, men det tenker de ikke noe over, sier begge to til avisen.<\/p>\n<p>\u2013 Herren henter nok meg f\u00f8r Bendik, men vi skal kose oss mye f\u00f8r det. Vi elsker hverandre og ser fram til \u00e5 dele livet sammen, sier Hagen. Han forteller at begge har registrert s\u00e6reie i Br\u00f8nnlysundregistrene, og at testamentet hans er godkjent av barna.<\/p>\n<p>Hagen har v\u00e6rt gift to ganger f\u00f8r, blant annet med Mille-Marie Treschow fra 2004 til 2012, og han har fire barn i alderen 28 til 44 \u00e5r.<\/p>\n<p><a href=\"https:\/\/www.finansavisen.no\/kapital-index\/norges-400-rikeste\" rel=\"nofollow noopener\" target=\"_blank\">Kapitals<\/a> oversikt viser at Hagen er Norges niende rikeste, og if\u00f8lge VG har Hagen-familien en formue p\u00e5 33,1 milliarder kroner.<\/p>\n<p>Den kommende ektefellen er lege, jobber p\u00e5 Rikshospitalet og kommer fra Lillestr\u00f8m.<\/p>\n<p>  <a href=\"https:\/\/www.rb.no\/5-43-2167775\" class=\"related-teaser has-image default-story-teaser article--c-eRUmMG article--c-eRUmMG-jKCPdD-design-default\" rel=\"nofollow noopener\" target=\"_blank\"><\/p>\n<p>    <img decoding=\"async\" loading=\"lazy\"  src=\"https:\/\/www.europesays.com\/no\/wp-content\/uploads\/2025\/11\/brudd.jpg\" alt=\"\" class=\"brick-c-cFOWSL\" style=\"\"\/><\/p>\n<p>\n            Les ogs\u00e5<\/p>\n<p>              Br\u00f8t forlovelsen tidligere i \u00e5r \u2013 n\u00e5 er de sammen igjen\n        <\/p>\n<p>  <\/a><\/p>\n<p>  <a href=\"https:\/\/www.rb.no\/5-43-1897647\" class=\"related-teaser has-image default-story-teaser article--c-eRUmMG article--c-eRUmMG-jKCPdD-design-default\" rel=\"nofollow noopener\" target=\"_blank\"><\/p>\n<p>    <img decoding=\"async\" loading=\"lazy\"  src=\"https:\/\/www.europesays.com\/no\/wp-content\/uploads\/2025\/11\/Bendik.jpeg\" alt=\"\" class=\"brick-c-cFOWSL\" style=\"\"\/><\/p>\n<p>\n            Les ogs\u00e5<\/p>\n<p>              Bendik (27) fra Lillestr\u00f8m er forlovet med milliard\u00e6r: \u2013 Alder er bare et tall\n        <\/p>\n<p>  <\/a><\/p>\n","protected":false},"excerpt":{"rendered":"F\u00f8r bryllupet stilte paret til et intervju med VG , der de forteller hvordan de m\u00f8ttes og om&hellip;\n","protected":false},"author":2,"featured_media":87857,"comment_status":"","ping_status":"","sticky":false,"template":"","format":"standard","meta":{"footnotes":""},"categories":[5],"tags":[36,20,21,183,24,25,15,19,22,23,729,17,18,13,30,28,29,14,16,11552,1510,26,27],"class_list":{"0":"post-87856","1":"post","2":"type-post","3":"status-publish","4":"format-standard","5":"has-post-thumbnail","7":"category-overskrifter","8":"tag-art","9":"tag-breaking-news","10":"tag-breakingnews","11":"tag-bryllup","12":"tag-featured-news","13":"tag-featurednews","14":"tag-headlines","15":"tag-hovedoppslag","16":"tag-latest-news","17":"tag-latestnews","18":"tag-lillestrom","19":"tag-main-news","20":"tag-mainnews","21":"tag-news","22":"tag-no","23":"tag-norge","24":"tag-norway","25":"tag-nyheter","26":"tag-overskrifter","27":"tag-stein-erik-hagen","28":"tag-story","29":"tag-top-stories","30":"tag-topstories"},"share_on_mastodon":{"url":"https:\/\/pubeurope.com\/@no\/115553745417872270","error":""},"_links":{"self":[{"href":"https:\/\/www.europesays.com\/no\/wp-json\/wp\/v2\/posts\/87856","targetHints":{"allow":["GET"]}}],"collection":[{"href":"https:\/\/www.europesays.com\/no\/wp-json\/wp\/v2\/posts"}],"about":[{"href":"https:\/\/www.europesays.com\/no\/wp-json\/wp\/v2\/types\/post"}],"author":[{"embeddable":true,"href":"https:\/\/www.europesays.com\/no\/wp-json\/wp\/v2\/users\/2"}],"replies":[{"embeddable":true,"href":"https:\/\/www.europesays.com\/no\/wp-json\/wp\/v2\/comments?post=87856"}],"version-history":[{"count":0,"href":"https:\/\/www.europesays.com\/no\/wp-json\/wp\/v2\/posts\/87856\/revisions"}],"wp:featuredmedia":[{"embeddable":true,"href":"https:\/\/www.europesays.com\/no\/wp-json\/wp\/v2\/media\/87857"}],"wp:attachment":[{"href":"https:\/\/www.europesays.com\/no\/wp-json\/wp\/v2\/media?parent=87856"}],"wp:term":[{"taxonomy":"category","embeddable":true,"href":"https:\/\/www.europesays.com\/no\/wp-json\/wp\/v2\/categories?post=87856"},{"taxonomy":"post_tag","embeddable":true,"href":"https:\/\/www.europesays.com\/no\/wp-json\/wp\/v2\/tags?post=87856"}],"curies":[{"name":"wp","href":"https:\/\/api.w.org\/{rel}","templated":true}]}}