{"id":87869,"date":"2025-11-15T12:54:08","date_gmt":"2025-11-15T12:54:08","guid":{"rendered":"https:\/\/www.europesays.com\/no\/87869\/"},"modified":"2025-11-15T12:54:08","modified_gmt":"2025-11-15T12:54:08","slug":"melding-om-mulig-ras-over-toglinja-adressa-no","status":"publish","type":"post","link":"https:\/\/www.europesays.com\/no\/87869\/","title":{"rendered":"Melding om mulig ras over toglinja &#8211; adressa.no"},"content":{"rendered":"<ol>\n<li><a href=\"https:\/\/news.google.com\/rss\/articles\/CBMihwFBVV95cUxNVjVmSW8yalpqZUFVc0xtUFBvbENrd0lxRWlLYmRaMi0tNi1XaFdzRXBjbmZtWUxZV2NMbERrRHktWXp4MFN3YjEzem1qU1l1X3BoZHJnUk1neU5ubk9jTy1LN2c5OTNyVFlrZFBDQjZyVjlKV2QzNHVQaTBKQWpaV1VTQVlMVDQ?oc=5\" target=\"_blank\" rel=\"nofollow noopener\">Melding om mulig ras over toglinja<\/a>&nbsp;&nbsp;adressa.no<\/li>\n<li><a href=\"https:\/\/news.google.com\/rss\/articles\/CBMiakFVX3lxTE5DeWwzTmVfWlNnNGtweHd5Ql9uTEQ4SDlydmxCNTc1bGFFbjd3RjdyUjFMUmtEV1ZSNHBZbko1QnFmcWF1enNVMUhUOGhZUDlPTENOc3JSWlkwZHhhQVpMTEdwVlVRV19kcnc?oc=5\" target=\"_blank\" rel=\"nofollow noopener\">Stj\u00f8rdal, Flora | Mulig ras over toglinje<\/a>&nbsp;&nbsp;Tr\u00f8nder-Avisa<\/li>\n<li><a href=\"https:\/\/news.google.com\/rss\/articles\/CBMimAFBVV95cUxPdUFXczNvV0VyYmhUVEZERTUzWTdBampFdkJPT2lwdnhIUUVnVFZNWU83d29Obkhhcm9Cdm1sblVGVjg3RGFFc3Nfb2k3NHQ5MmltdlFabGh2TEhQelZzSFdJZzNfdVRIdzdyZ0lDeTVMa1R3VWxTNnBZYWpHdnFNOGpiQld5NHZNc1BEM2RMOExNS0YxOXh0eg?oc=5\" target=\"_blank\" rel=\"nofollow noopener\">&#8211; Gir oss varsling om det er bevegelser i fjellsiden<\/a>&nbsp;&nbsp;adressa.no<\/li>\n<li><a href=\"https:\/\/news.google.com\/rss\/articles\/CBMikwFBVV95cUxON0RkMzA3eEIzMXVGRG1PWG95QUJ6dGg3MWpvWks4R3J6YXFscnI3b3pBN1VvSmZsNGdmQkJhX3BMU0tySlUzZVRnNF9DU0ZUVGNwX25vNnhnSHI4SER3WTlVNXlyV0RJVmR1dWtRbkFQdU9WUjlKTlA2cmt0TXVLYkRvWkhRRE5sRVFHTGVjM1dqcW8?oc=5\" target=\"_blank\" rel=\"nofollow noopener\">Skal overv\u00e5ke omr\u00e5det: \u2013 Kan fortsatt v\u00e6re ustabilt<\/a>&nbsp;&nbsp;bladet.no<\/li>\n<li><a href=\"https:\/\/news.google.com\/rss\/articles\/CBMipgFBVV95cUxQTjVabVYxQXJya2tPazlCSk5pUVZmazRGeV9pa3VIS2hKYm83aVlSOWt2VXZqQVZQNG83aWQ2Nlh4UVVzU3JlTWp1dWs3c2tCbVEzcU9nNnY5SERqYTB4dnFIWjB2QjM5aHQ2S3dzSWVMRl9fdFhaeVJoLWVsSEpJZy1ZUklQaThwZkZsdWNZLW00QlNtbElqa3NCd2tfcThHbE93VExn?oc=5\" target=\"_blank\" rel=\"nofollow noopener\">Akuttoverv\u00e5kning p\u00e5 Mer\u00e5kerbanen \u2013 om det oppst\u00e5r bevegelse, g\u00e5r alarmen<\/a>&nbsp;&nbsp;Teknisk Ukeblad<\/li>\n<\/ol>\n","protected":false},"excerpt":{"rendered":"Melding om mulig ras over toglinja&nbsp;&nbsp;adressa.no Stj\u00f8rdal, Flora | Mulig ras over toglinje&nbsp;&nbsp;Tr\u00f8nder-Avisa &#8211; Gir oss varsling om&hellip;\n","protected":false},"author":2,"featured_media":8891,"comment_status":"","ping_status":"","sticky":false,"template":"","format":"standard","meta":{"footnotes":""},"categories":[10],"tags":[20,21,24,25,15,22,23,13,30,28,29,14,16,26,27],"class_list":{"0":"post-87869","1":"post","2":"type-post","3":"status-publish","4":"format-standard","5":"has-post-thumbnail","7":"category-norge","8":"tag-breaking-news","9":"tag-breakingnews","10":"tag-featured-news","11":"tag-featurednews","12":"tag-headlines","13":"tag-latest-news","14":"tag-latestnews","15":"tag-news","16":"tag-no","17":"tag-norge","18":"tag-norway","19":"tag-nyheter","20":"tag-overskrifter","21":"tag-top-stories","22":"tag-topstories"},"share_on_mastodon":{"url":"https:\/\/pubeurope.com\/@no\/115553820929089172","error":""},"_links":{"self":[{"href":"https:\/\/www.europesays.com\/no\/wp-json\/wp\/v2\/posts\/87869","targetHints":{"allow":["GET"]}}],"collection":[{"href":"https:\/\/www.europesays.com\/no\/wp-json\/wp\/v2\/posts"}],"about":[{"href":"https:\/\/www.europesays.com\/no\/wp-json\/wp\/v2\/types\/post"}],"author":[{"embeddable":true,"href":"https:\/\/www.europesays.com\/no\/wp-json\/wp\/v2\/users\/2"}],"replies":[{"embeddable":true,"href":"https:\/\/www.europesays.com\/no\/wp-json\/wp\/v2\/comments?post=87869"}],"version-history":[{"count":0,"href":"https:\/\/www.europesays.com\/no\/wp-json\/wp\/v2\/posts\/87869\/revisions"}],"wp:featuredmedia":[{"embeddable":true,"href":"https:\/\/www.europesays.com\/no\/wp-json\/wp\/v2\/media\/8891"}],"wp:attachment":[{"href":"https:\/\/www.europesays.com\/no\/wp-json\/wp\/v2\/media?parent=87869"}],"wp:term":[{"taxonomy":"category","embeddable":true,"href":"https:\/\/www.europesays.com\/no\/wp-json\/wp\/v2\/categories?post=87869"},{"taxonomy":"post_tag","embeddable":true,"href":"https:\/\/www.europesays.com\/no\/wp-json\/wp\/v2\/tags?post=87869"}],"curies":[{"name":"wp","href":"https:\/\/api.w.org\/{rel}","templated":true}]}}