{"id":87879,"date":"2025-11-15T13:03:09","date_gmt":"2025-11-15T13:03:09","guid":{"rendered":"https:\/\/www.europesays.com\/no\/87879\/"},"modified":"2025-11-15T13:03:09","modified_gmt":"2025-11-15T13:03:09","slug":"maren-hjelmeset-kirkeeide-vant-sprinten-i-skiskytterapningen-etter-sekundstrid","status":"publish","type":"post","link":"https:\/\/www.europesays.com\/no\/87879\/","title":{"rendered":"Maren Hjelmeset Kirkeeide vant sprinten i skiskytter\u00e5pningen etter sekundstrid"},"content":{"rendered":"\n<p class=\"_lead_o9xde_2 _lead_xtcu6_50 layout-component text-serif-m layout-normal text-serif-l layout-component layout-wide layout-padded _wide_17hqh_1 layout-padded\">Maren Hjelmeset Kirkeeide avsluttet sterkt og tok s\u00e5 vidt seieren p\u00e5 skiskyttersprinten p\u00e5 Geilo.<\/p>\n<p><img alt=\" Foto: Geir Olsen \/ NTB\" class=\"_image_qp4xg_65 layout-component layout-wide\" data-fullscreen- data-track-element-type=\"Article image fullscreen\" data-track-name=\"ImageFullscreen\" fetchpriority=\"high\" decoding=\"sync\" loading=\"eager\" height=\"3802\" itemprop=\"image\"  src=\"https:\/\/www.europesays.com\/no\/wp-content\/uploads\/2025\/11\/44153e0e-b410-434f-a9b4-eb00c42219a4\"  style=\"object-position:0% 0%\" width=\"5703\"\/> Foto: Geir Olsen \/ NTB<\/p>\n<ul aria-hidden=\"true\" class=\"_images_18f0k_111\">\n<li><a class=\"_link_18f0k_116\" href=\"https:\/\/www.vg.no\/forfatter\/ntb\" style=\"z-index:1\" title=\"NTB\" rel=\"nofollow noopener\" target=\"_blank\"><img alt=\"Bilde av NTB\" class=\"_image_18f0k_93\" fetchpriority=\"low\" loading=\"lazy\" decoding=\"async\" itemprop=\"image\"  src=\"https:\/\/www.europesays.com\/no\/wp-content\/uploads\/2025\/11\/1763211789_397_c33980b0-5d07-4027-84a1-813f90a7c8d6\"  width=\"480\"\/><\/a><\/li>\n<\/ul>\n<p> Oppdatert l\u00f8rdag 15. november kl. 12:49     <\/p>\n<p class=\"_paragraph_o9xde_4 _paragraph_xtcu6_10 layout-component text-serif-m layout-normal text-serif-m layout-padded\">Hun slo Marit \u00d8ygard med 0,3 sekunder i den nasjonale sesong\u00e5pningen etter to feilfrie skytinger. Lotte Lie tok den siste pallplassen.<\/p>\n<p class=\"_paragraph_o9xde_4 _paragraph_xtcu6_10 layout-component text-serif-m layout-normal text-serif-m layout-padded\">Helgens renn p\u00e5 Geilo avgj\u00f8r hvem som f\u00e5r bli med Kirkeeide, Ingrid Landmark Tandrevold og Karoline Knotten til verdenscup\u00e5pningen i \u00d6stersund.<\/p>\n<p class=\"_paragraph_o9xde_4 _paragraph_xtcu6_10 layout-component text-serif-m layout-normal text-serif-m layout-padded\">Marit \u00d8ygard la inn en sterk s\u00f8knad som en av seks l\u00f8pere som kjemper om tre ledige plasser. De \u00f8vrige er Juni Arnekleiv, Marthe Kr\u00e5kstad Johansen, Ragnhild Femsteinevik, Karoline Erdal og Emilie Kalkenberg.<\/p>\n<p class=\"_paragraph_o9xde_4 _paragraph_xtcu6_10 layout-component text-serif-m layout-normal text-serif-m layout-padded\">I alt stilte 103 l\u00f8pere til start, og mange av de antatt beste gikk ut mot slutten. Italias tidligere verdensener Dorothea Wierer var blant de utenlandske deltakerne.<\/p>\n<p class=\"_paragraph_o9xde_4 _paragraph_xtcu6_10 layout-component text-serif-m layout-normal text-serif-m layout-padded\">Tandrevold p\u00e5dro seg to bom p\u00e5 siste skyting og falt ut av pallkampen.<\/p>\n<p class=\"_paragraph_o9xde_4 _paragraph_xtcu6_10 layout-component text-serif-m layout-normal text-serif-m layout-padded\">S\u00f8ndag st\u00e5r fellesstart p\u00e5 programmet.<\/p>\n<p class=\"_paragraph_o9xde_4 _paragraph_xtcu6_10 layout-component text-serif-m layout-normal text-serif-m layout-padded\">Den norske skiskytter\u00e5pningen er i mange \u00e5r blitt lagt til Sjusj\u00f8en, men for 2025 og 2026 ble Geilo valgt som arrang\u00f8r.<\/p>\n<p class=\"_paragraph_o9xde_4 _paragraph_xtcu6_10 layout-component text-serif-m layout-normal text-serif-m layout-padded\">Ulike stafetter blir de f\u00f8rste \u00f8velsene n\u00e5r verdenscupen g\u00e5r i gang 29. november. Noen dager senere blir det normaldistanse.<\/p>\n<p class=\"_paragraph_o9xde_4 _paragraph_xtcu6_10 layout-component text-serif-m layout-normal text-serif-m layout-padded\">OL blir h\u00f8ydepunktet i 2025\/26-sesongen. Skiskytterne skal kjempe om medaljer i Anterselva fra 8. til 21. februar.<\/p>\n","protected":false},"excerpt":{"rendered":"Maren Hjelmeset Kirkeeide avsluttet sterkt og tok s\u00e5 vidt seieren p\u00e5 skiskyttersprinten p\u00e5 Geilo. Foto: Geir Olsen \/&hellip;\n","protected":false},"author":2,"featured_media":87880,"comment_status":"","ping_status":"","sticky":false,"template":"","format":"standard","meta":{"footnotes":""},"categories":[5],"tags":[20,21,24,25,15,19,22,23,17,18,13,30,28,29,14,16,26,27],"class_list":{"0":"post-87879","1":"post","2":"type-post","3":"status-publish","4":"format-standard","5":"has-post-thumbnail","7":"category-overskrifter","8":"tag-breaking-news","9":"tag-breakingnews","10":"tag-featured-news","11":"tag-featurednews","12":"tag-headlines","13":"tag-hovedoppslag","14":"tag-latest-news","15":"tag-latestnews","16":"tag-main-news","17":"tag-mainnews","18":"tag-news","19":"tag-no","20":"tag-norge","21":"tag-norway","22":"tag-nyheter","23":"tag-overskrifter","24":"tag-top-stories","25":"tag-topstories"},"share_on_mastodon":{"url":"https:\/\/pubeurope.com\/@no\/115553855563748225","error":""},"_links":{"self":[{"href":"https:\/\/www.europesays.com\/no\/wp-json\/wp\/v2\/posts\/87879","targetHints":{"allow":["GET"]}}],"collection":[{"href":"https:\/\/www.europesays.com\/no\/wp-json\/wp\/v2\/posts"}],"about":[{"href":"https:\/\/www.europesays.com\/no\/wp-json\/wp\/v2\/types\/post"}],"author":[{"embeddable":true,"href":"https:\/\/www.europesays.com\/no\/wp-json\/wp\/v2\/users\/2"}],"replies":[{"embeddable":true,"href":"https:\/\/www.europesays.com\/no\/wp-json\/wp\/v2\/comments?post=87879"}],"version-history":[{"count":0,"href":"https:\/\/www.europesays.com\/no\/wp-json\/wp\/v2\/posts\/87879\/revisions"}],"wp:featuredmedia":[{"embeddable":true,"href":"https:\/\/www.europesays.com\/no\/wp-json\/wp\/v2\/media\/87880"}],"wp:attachment":[{"href":"https:\/\/www.europesays.com\/no\/wp-json\/wp\/v2\/media?parent=87879"}],"wp:term":[{"taxonomy":"category","embeddable":true,"href":"https:\/\/www.europesays.com\/no\/wp-json\/wp\/v2\/categories?post=87879"},{"taxonomy":"post_tag","embeddable":true,"href":"https:\/\/www.europesays.com\/no\/wp-json\/wp\/v2\/tags?post=87879"}],"curies":[{"name":"wp","href":"https:\/\/api.w.org\/{rel}","templated":true}]}}