{"id":87885,"date":"2025-11-15T13:12:11","date_gmt":"2025-11-15T13:12:11","guid":{"rendered":"https:\/\/www.europesays.com\/no\/87885\/"},"modified":"2025-11-15T13:12:11","modified_gmt":"2025-11-15T13:12:11","slug":"vaeret-trondelag-sender-ut-farevarsel-venter-opp-mot-25-cm-sno-sondag","status":"publish","type":"post","link":"https:\/\/www.europesays.com\/no\/87885\/","title":{"rendered":"V\u00e6ret, Tr\u00f8ndelag | Sender ut farevarsel: Venter opp mot 25 cm sn\u00f8 s\u00f8ndag"},"content":{"rendered":"\n<p>Den hvite nedb\u00f8ren <a href=\"https:\/\/www.nettavisen.no\/nyheter\/snoen-herjer-med-tromsos-befolkning\/s\/5-95-2729383\" rel=\"Follow nofollow noopener\" target=\"_blank\">har allerede skapt kaos i Troms\u00f8 l\u00f8rdag<\/a>. S\u00f8ndag kan det v\u00e6re tr\u00f8ndere og m\u00f8ringer sin tur, melder meteorologene l\u00f8rdag ettermiddag.<\/p>\n<p>\u2013 S\u00f8ndag synker sn\u00f8grensen og det ventes sn\u00f8byger og sluddbyger, ogs\u00e5 i lavlandet. Fra s\u00f8ndag ettermiddag ventes lokalt 5-25 cm sn\u00f8, i fjellet kan det komme mer. Nedb\u00f8rformen vil variere, og i perioder kan nedb\u00f8ren komme som haglbyger eller regnbyger i lavlandet, st\u00e5r det p\u00e5 <a href=\"https:\/\/www.yr.no\/nb\/farevarsler\" rel=\"Follow nofollow noopener\" target=\"_blank\">Yr.no<\/a>.<\/p>\n<p>   <img decoding=\"async\" width=\"1200\" height=\"675\" fetchpriority=\"low\"  loading=\"lazy\"  src=\"https:\/\/www.europesays.com\/no\/wp-content\/uploads\/2025\/11\/sn%C3%B8+tr%C3%B8ndelag.jpg\" alt=\"\" class=\"brick-c-cFOWSL\" style=\"--brick-image-ratio: 1200 \/ 675;\"\/><\/p>\n<p><b>Les mer: <a href=\"https:\/\/www.nettavisen.no\/nyheter\/snoen-herjer-med-tromsos-befolkning\/s\/5-95-2729383\" rel=\"Follow nofollow noopener\" target=\"_blank\">Sn\u00f8en herjer med Troms\u00f8s befolkning<\/a><\/b><\/p>\n<p>Gult farevarsel inneb\u00e6rer at sn\u00f8en kan skape utfordringer for folk, blant annet lokalt vanskelige kj\u00f8reforhold i Tr\u00f8ndelag og p\u00e5 Nordvestlandet.<\/p>\n<p>\u2013 Noen reiser vil kunne f\u00e5 lengre reisetid. Beregn ekstra tid til transport og kj\u00f8ring. Bruk riktige dekk og kj\u00f8r etter forholdene, skriver meteorologene.<\/p>\n<p>I fjellet kan sn\u00f8en for\u00e5rsake stengte veier:<\/p>\n<p>\u2013 Sn\u00f8fokk i fjellet gir redusert sikt og mulighet for kolonnekj\u00f8ring eller stengte veier.<\/p>\n<p>Ogs\u00e5 i <a href=\"https:\/\/www.ba.no\/na-snor-det-i-bergen\/s\/5-8-3223941\" rel=\"Follow nofollow noopener\" target=\"_blank\">Bergen sn\u00f8r det l\u00f8rdag ettermiddag<\/a>. Nedb\u00f8r blir det ogs\u00e5 s\u00f8ndag for bergenserne, men da vil temperaturene ligge litt h\u00f8yere, rundt fem grader.<\/p>\n<p>I Oslo blir det litt kaldere, med minusgrader b\u00e5de p\u00e5 morgenen og kvelden s\u00f8ndag, men her ventes ikke noe nedb\u00f8r, if\u00f8lge Yr.no. I deres 21-dagersvarsel er det likevel meldt rundt 35 prosent sjanse for nedb\u00f8r b\u00e5de onsdag og torsdag, noe som i s\u00e5 fall vil v\u00e6re vintersesongens f\u00f8rste sn\u00f8fall for hovedstaden.<\/p>\n","protected":false},"excerpt":{"rendered":"Den hvite nedb\u00f8ren har allerede skapt kaos i Troms\u00f8 l\u00f8rdag. S\u00f8ndag kan det v\u00e6re tr\u00f8ndere og m\u00f8ringer sin&hellip;\n","protected":false},"author":2,"featured_media":87886,"comment_status":"","ping_status":"","sticky":false,"template":"","format":"standard","meta":{"footnotes":""},"categories":[10],"tags":[20,21,24,25,15,22,23,13,30,28,29,14,16,26,27],"class_list":{"0":"post-87885","1":"post","2":"type-post","3":"status-publish","4":"format-standard","5":"has-post-thumbnail","7":"category-norge","8":"tag-breaking-news","9":"tag-breakingnews","10":"tag-featured-news","11":"tag-featurednews","12":"tag-headlines","13":"tag-latest-news","14":"tag-latestnews","15":"tag-news","16":"tag-no","17":"tag-norge","18":"tag-norway","19":"tag-nyheter","20":"tag-overskrifter","21":"tag-top-stories","22":"tag-topstories"},"share_on_mastodon":{"url":"https:\/\/pubeurope.com\/@no\/115553891065196192","error":""},"_links":{"self":[{"href":"https:\/\/www.europesays.com\/no\/wp-json\/wp\/v2\/posts\/87885","targetHints":{"allow":["GET"]}}],"collection":[{"href":"https:\/\/www.europesays.com\/no\/wp-json\/wp\/v2\/posts"}],"about":[{"href":"https:\/\/www.europesays.com\/no\/wp-json\/wp\/v2\/types\/post"}],"author":[{"embeddable":true,"href":"https:\/\/www.europesays.com\/no\/wp-json\/wp\/v2\/users\/2"}],"replies":[{"embeddable":true,"href":"https:\/\/www.europesays.com\/no\/wp-json\/wp\/v2\/comments?post=87885"}],"version-history":[{"count":0,"href":"https:\/\/www.europesays.com\/no\/wp-json\/wp\/v2\/posts\/87885\/revisions"}],"wp:featuredmedia":[{"embeddable":true,"href":"https:\/\/www.europesays.com\/no\/wp-json\/wp\/v2\/media\/87886"}],"wp:attachment":[{"href":"https:\/\/www.europesays.com\/no\/wp-json\/wp\/v2\/media?parent=87885"}],"wp:term":[{"taxonomy":"category","embeddable":true,"href":"https:\/\/www.europesays.com\/no\/wp-json\/wp\/v2\/categories?post=87885"},{"taxonomy":"post_tag","embeddable":true,"href":"https:\/\/www.europesays.com\/no\/wp-json\/wp\/v2\/tags?post=87885"}],"curies":[{"name":"wp","href":"https:\/\/api.w.org\/{rel}","templated":true}]}}