{"id":87911,"date":"2025-11-15T13:57:10","date_gmt":"2025-11-15T13:57:10","guid":{"rendered":"https:\/\/www.europesays.com\/no\/87911\/"},"modified":"2025-11-15T13:57:10","modified_gmt":"2025-11-15T13:57:10","slug":"nrk-erfarer-landslaget-kommer-hjem-til-vm-fest-pa-radhusplassen-nrk","status":"publish","type":"post","link":"https:\/\/www.europesays.com\/no\/87911\/","title":{"rendered":"NRK erfarer: Landslaget kommer hjem til VM-fest p\u00e5 R\u00e5dhusplassen &#8211; NRK"},"content":{"rendered":"<ol>\n<li><a href=\"https:\/\/news.google.com\/rss\/articles\/CBMiogFBVV95cUxPRTZJZ2o3U1MtLTdDalBtSHZ0YlZNRjZ3V0RrWDVwdFB3bVp4a0RPTWNKYTVZU0I2emg1Y3J1M2EzeEdwTEh0b0FScDdJY0MwV3loR05jZGgyYTlHcUNIX0pNU1hVanhXRkdnWkYxaWFTaThKNkFZTzMzb05jb2N4cjVRa3BJMHB6MXlENGxoQXFUc29NM2lVQ2lqT0JJaHZRc1E?oc=5\" target=\"_blank\" rel=\"nofollow noopener\">NRK erfarer: Landslaget kommer hjem til VM-fest p\u00e5 R\u00e5dhusplassen<\/a>&nbsp;&nbsp;NRK<\/li>\n<li><a href=\"https:\/\/news.google.com\/rss\/articles\/CBMilwFBVV95cUxOSnlpbmJiYW94ckFWdHZzdU51NU9wTy1EMENjaXI3MFdsYWJ5dVBtaEw4Z3RDWFo5QklnbVVKZnczLUhKT2FYYVB0MXNZOFJQdkZjZkpkNVFuZmw5bmc1c3ZFTUVLRG1JQmJqYkJ5T2Qyb2hDdG00MWphNkZvVG4wTktBVmh0bG1JcmFLNkRMb0ZwazhFVURv?oc=5\" target=\"_blank\" rel=\"nofollow noopener\">Opplysninger til VG: Planlegger stor VM-markering<\/a>&nbsp;&nbsp;VG<\/li>\n<li><a href=\"https:\/\/news.google.com\/rss\/articles\/CBMiqgFBVV95cUxOelFnc1lPRVVrNFl2UThtV1NCUVJUbXEzMS1pRmxjc3ZuQTZXS3hYLXRlUkROQTFjZ1FDQVlQdEU3M3d5a19IU0lvSkJRb3RMejliRENXUTh0dk9OTlBtTHZMSUR1ZnEwZ0pMTTZjbWJmWlI4YkNBa2kyZnYtQkVjb3VjLTVoaTVUekc4UlFrZk5WdFhDb2FrUHVfQ1d4ZVBldkxRY0FWYzV5QQ?oc=5\" target=\"_blank\" rel=\"nofollow noopener\">Forbereder seg p\u00e5 VM-feber: \u2013 Folk kommer til \u00e5 ha overtenning<\/a>&nbsp;&nbsp;TV2.no<\/li>\n<li><a href=\"https:\/\/news.google.com\/rss\/articles\/CBMie0FVX3lxTE0xUEREY2s4Z0pGYTFWd0JlN3lDTmxxUk4xcXR4Q1A0NGZMRU1QZkFzSWEwWUlVUG13MmkwUWZqbENWT3RETkxHbkcyNFl6Nl9mbm4tbzVHWnlTbHZGUEZDNWRvU1Y2eW9nTDJPRFpFNUxtLUpRZWlKU1JOcw?oc=5\" target=\"_blank\" rel=\"nofollow noopener\">Husker du dette? Slik blir neste sommers VM-fest<\/a>&nbsp;&nbsp;Bergens Tidende<\/li>\n<li><a href=\"https:\/\/news.google.com\/rss\/articles\/CBMimgFBVV95cUxQR1dSajRVTk9DcGFJM1RDSS04Z1F4eENyRnpvRDF6d3phVnhpaFRKOFFaZ3VIeHFxN2p0RHE1aTNzN3VzTzB3RG0xdGpZWVpxM3RURGRZeW9abWZSN1B1Mjg3b0ZFUkI3MVdUd3dvVk9ia25SSFMtREliOHdpaGZHcHp1LTNfQWFUUjI4YWFEaWphbEhBV3pZVVR3?oc=5\" target=\"_blank\" rel=\"nofollow noopener\">Her blir det VM-fest: Vil samle 36.000 p\u00e5 Norges hjemmebane<\/a>&nbsp;&nbsp;Aftenposten<\/li>\n<\/ol>\n","protected":false},"excerpt":{"rendered":"NRK erfarer: Landslaget kommer hjem til VM-fest p\u00e5 R\u00e5dhusplassen&nbsp;&nbsp;NRK Opplysninger til VG: Planlegger stor VM-markering&nbsp;&nbsp;VG Forbereder seg p\u00e5&hellip;\n","protected":false},"author":2,"featured_media":87912,"comment_status":"","ping_status":"","sticky":false,"template":"","format":"standard","meta":{"footnotes":""},"categories":[59],"tags":[30,28,29,83,82],"class_list":{"0":"post-87911","1":"post","2":"type-post","3":"status-publish","4":"format-standard","5":"has-post-thumbnail","7":"category-sport","8":"tag-no","9":"tag-norge","10":"tag-norway","11":"tag-sport","12":"tag-sports"},"share_on_mastodon":{"url":"https:\/\/pubeurope.com\/@no\/115554067605336586","error":""},"_links":{"self":[{"href":"https:\/\/www.europesays.com\/no\/wp-json\/wp\/v2\/posts\/87911","targetHints":{"allow":["GET"]}}],"collection":[{"href":"https:\/\/www.europesays.com\/no\/wp-json\/wp\/v2\/posts"}],"about":[{"href":"https:\/\/www.europesays.com\/no\/wp-json\/wp\/v2\/types\/post"}],"author":[{"embeddable":true,"href":"https:\/\/www.europesays.com\/no\/wp-json\/wp\/v2\/users\/2"}],"replies":[{"embeddable":true,"href":"https:\/\/www.europesays.com\/no\/wp-json\/wp\/v2\/comments?post=87911"}],"version-history":[{"count":0,"href":"https:\/\/www.europesays.com\/no\/wp-json\/wp\/v2\/posts\/87911\/revisions"}],"wp:featuredmedia":[{"embeddable":true,"href":"https:\/\/www.europesays.com\/no\/wp-json\/wp\/v2\/media\/87912"}],"wp:attachment":[{"href":"https:\/\/www.europesays.com\/no\/wp-json\/wp\/v2\/media?parent=87911"}],"wp:term":[{"taxonomy":"category","embeddable":true,"href":"https:\/\/www.europesays.com\/no\/wp-json\/wp\/v2\/categories?post=87911"},{"taxonomy":"post_tag","embeddable":true,"href":"https:\/\/www.europesays.com\/no\/wp-json\/wp\/v2\/tags?post=87911"}],"curies":[{"name":"wp","href":"https:\/\/api.w.org\/{rel}","templated":true}]}}