{"id":87920,"date":"2025-11-15T14:10:42","date_gmt":"2025-11-15T14:10:42","guid":{"rendered":"https:\/\/www.europesays.com\/no\/87920\/"},"modified":"2025-11-15T14:10:42","modified_gmt":"2025-11-15T14:10:42","slug":"aftur-nerdrum-avslorer-ny-stil-endring","status":"publish","type":"post","link":"https:\/\/www.europesays.com\/no\/87920\/","title":{"rendered":"Aftur Nerdrum avsl\u00f8rer ny stil-endring."},"content":{"rendered":"<p class=\"kicker \" style=\"\">Aftur Nerdrum:<\/p>\n<p>  Den ene Nerdrum-tvillingen har gjort en drastisk endring i signatur-looken sin.<\/p>\n<p>\n    STOR ENDRING: Aftur Nerdrum har gjort en stor endring med utseende sitt. Foto: Agnete Brun\n  <\/p>\n<p>Aftur Nerdrum (26) markerte seg gjennom NRK-serien \u00abFamilien Nerdrum\u00bb. Et av hennes mest markante trekk var de lange, b\u00f8lgete, m\u00f8rkebrune lokkene.\u00a0<\/p>\n<p>N\u00e5 har hun klippet dem av.<\/p>\n<p>\u00abNye tider, ny frisyre\u00bb, skriver hun under Instagram-innlegget hvor hun viser frem den nye looken.\u00a0<\/p>\n<p>          <img loading=\"lazy\" decoding=\"async\" src=\"https:\/\/www.europesays.com\/no\/wp-content\/uploads\/2025\/11\/83853760.webp\" width=\"686\" height=\"556\" title=\"LANGE LOKKER: Aftur syntes visst at det var p\u00e5 tide \u00e5 gi slipp p\u00e5 de lange lokkene sine. Foto: Instagram @afturnerdrum\" alt=\"\" class=\"\" style=\"--aspect-ratio-image: 1.23; \"\/><\/p>\n<p>\n          LANGE LOKKER: Aftur syntes visst at det var p\u00e5 tide \u00e5 gi slipp p\u00e5 de lange lokkene sine. Foto: Instagram @afturnerdrum\n      <\/p>\n<p>          <img loading=\"lazy\" decoding=\"async\" src=\"https:\/\/www.europesays.com\/no\/wp-content\/uploads\/2025\/11\/83853763.webp\" width=\"686\" height=\"584\" title=\"NY SVEIS: Aftur gikk for en klassik, kort og trendy frisyre. Foto: Instagram @aftur.nerdrum\" alt=\"\" class=\"\" style=\"--aspect-ratio-image: 1.17; \"\/><\/p>\n<p>\n          NY SVEIS: Aftur gikk for en klassik, kort og trendy frisyre. Foto: Instagram @aftur.nerdrum\n      <\/p>\n<p>    <a itemprop=\"url\" href=\"https:\/\/www.dagbladet.no\/kjendis\/helt-ute-av-kontroll\/83350108\" rel=\"nofollow noopener\" target=\"_blank\"><\/p>\n<p>      <img loading=\"lazy\" decoding=\"async\" src=\"https:\/\/www.europesays.com\/no\/wp-content\/uploads\/2025\/11\/83350902.webp\" width=\"980\" height=\"441\" title=\"- Helt ute av kontroll\" alt=\"\" class=\"lazyload\" style=\"--aspect-ratio-image: 2.22; \"\/><\/p>\n<p>        &#8211; Helt ute av kontroll<\/p>\n<p>    <\/a><\/p>\n<p>Det midjelange h\u00e5ret er borte, og den nye frisyren rekker henne ikke ned til skuldrene engang.<\/p>\n<p>          <img loading=\"lazy\" decoding=\"async\" src=\"https:\/\/www.europesays.com\/no\/wp-content\/uploads\/2025\/11\/82900194.webp\" width=\"980\" height=\"559\" title=\"FLYTTET HJEMMEFRA: Tidligere i h\u00f8st flyttet Aftur ut av generasjonsg\u00e5rden i Stavern, og inn til hovedstaden. Foto: Agnete Brun\/NRK\" alt=\"\" class=\"\" style=\"--aspect-ratio-image: 1.75; \"\/><\/p>\n<p>\n          FLYTTET HJEMMEFRA: Tidligere i h\u00f8st flyttet Aftur ut av generasjonsg\u00e5rden i Stavern, og inn til hovedstaden. Foto: Agnete Brun\/NRK\n      <\/p>\n<p> Kommentarfeltet er fullt av ekstase over den korte sveisen:<\/p>\n<p>\u00abWow!\u00bb, skriver \u00e9n i kommentarfeltet.<\/p>\n<p>\u00abS\u00e5 vakker\u00bb, skriver en annen.<\/p>\n<p>\u00abHelt nydelig! Dette kledde du\u00bb, f\u00f8lger en tredje opp.<\/p>\n<p>      div{height:100px !important}.video-player-section-container .player-modal-ad-block{order:0}.video-player-section-container .overlay-info{padding-top:36px;z-index:3;height:100vh}.video-player-section-container .featured-background{width:100%;object-fit:fill;height:152%;top:-10px;position:absolute;z-index:-1;filter:blur(28px) brightness(40%);height:110%} .video-player-components-BlockedOverlay-video-player-blocked-overlay__wrapper.svelte-wzrmy6.svelte-wzrmy6{position:absolute;top:0;left:0;width:100%;height:100%;display:flex;align-items:center;justify-content:center}.video-player-components-BlockedOverlay-video-player-blocked-overlay__inner.svelte-wzrmy6.svelte-wzrmy6{border-radius:3px;box-shadow:0 2px 4px 0 rgba(87, 51, 51, 0.5);background:rgba(255, 255, 255, 0.86);text-align:center;padding:16px;max-width:600px;padding:10px}@media screen and (min-width: 768px){.video-player-components-BlockedOverlay-video-player-blocked-overlay__inner.svelte-wzrmy6.svelte-wzrmy6{padding:20px 40px}}.video-player-components-BlockedOverlay-video-player-blocked-overlay__title.svelte-wzrmy6.svelte-wzrmy6{font-size:28px;font-weight:bold;text-align:center;color:#222;margin:0;padding:0}.video-player-components-BlockedOverlay-video-player-blocked-overlay__text.svelte-wzrmy6.svelte-wzrmy6{font-size:20px;font-weight:normal;color:#222;margin:5px 0;padding:0}.video-player-components-BlockedOverlay-video-player-blocked-overlay__link.svelte-wzrmy6.svelte-wzrmy6{display:flex;align-items:center;justify-content:center;font-size:16px;cursor:pointer;font-weight:500;font-stretch:normal;font-style:normal;line-height:normal;letter-spacing:normal;color:#1c1d25;margin:16px 0}.video-player-components-BlockedOverlay-video-player-blocked-overlay__link.svelte-wzrmy6 svg.svelte-wzrmy6{margin-left:4px}.video-player-components-BlockedOverlay-is-restricted.svelte-wzrmy6.svelte-wzrmy6{display:none !important}[data-pincode]{display:inline-flex;border:none !important;margin:20px 0}[data-pincode] input{width:50px;height:50px;padding:0.5rem 1rem;margin:0 10px;border:solid 1px #cecece;background:#fff;border-radius:0;text-align:center}[data-pincode] input:focus{z-index:1} .video-player-ratio{position:relative;background-size:cover;position:relative;margin-top:1px}.video-player-ratio.isNewVideoPage{margin-top:0;padding-bottom:0;background:unset}.video-player-ratio.isOverlay{margin-top:70px}.modalShortHeader .video-player-ratio.isOverlay{margin-top:0}@media screen and (orientation: landscape){.video-player-ratio.isMobile .jwplayer.jw-flag-aspect-mode{height:calc(100vh &#8211; 8px) !important}}.video-player-ratio.isMobile .video-ratio-handler>div{min-height:calc(100vw * (16 \/ 9))}.video-player-ratio.isForceHorizontal .video-ratio-handler>div{min-height:unset}.video-player-ratio.isForceVertical .video-ratio-handler>div{min-height:calc(100vw * (16 \/ 9))}.video-player-ratio.isOverlay.isContentMarketing{margin-top:114px !important} .video-ratio-handler{top:0;left:0;width:100%;height:100%;position:relative} .video-player-components-Paywall-video-paywall-container.svelte-1mw3xyk{width:100%;height:100%} .video-player-components-AgeBadge-age-rating.svelte-y83zq8{position:absolute;z-index:1;display:flex;align-items:center;text-align:center;justify-content:center;color:black;background:white;font-size:16px;font-weight:900;pointer-events:none;bottom:0;right:16px;border:4px solid #222;height:24px;width:24px;top:60px}@media screen and (min-width: 768px){.video-player-components-AgeBadge-age-rating.svelte-y83zq8{height:35px;width:35px;border:5px solid #222;top:calc(100% &#8211; 35px)}}.video-player-components-AgeBadge-age-rating.svelte-y83zq8::after{content:&raquo;;position:absolute;top:-8px;left:-8px;right:-8px;bottom:-8px;display:block;border-radius:4px;border:1px solid #222;border-color:inherit}@media screen and (min-width: 768px){.video-player-components-AgeBadge-age-rating.svelte-y83zq8::after{top:-10px;left:-10px;right:-10px;bottom:-10px}}.video-player-components-AgeBadge-age-rating.video-player-components-AgeBadge-age-rating-mobile.svelte-y83zq8{top:144px}.video-player-components-AgeBadge-has-client-height.svelte-y83zq8{top:calc(var(&#8211;video-player-client-height) &#8211; 120px)} .video-player-components-Sponsors-hide-sponsors.svelte-qb41at.svelte-qb41at{display:none !important}.video-player-components-Sponsors-link.svelte-qb41at.svelte-qb41at{width:0;height:0;z-index:11;opacity:1}@media screen and (min-width: 768px){.video-player-components-Sponsors-link.svelte-qb41at.svelte-qb41at{opacity:0.85}}.video-player-components-Sponsors-link.svelte-qb41at.svelte-qb41at:hover{opacity:1}.video-player-components-Sponsors-link.svelte-qb41at .video-player-components-Sponsors-logo.svelte-qb41at{position:absolute;bottom:50%;height:40px;width:auto;max-width:95%;margin:0 auto;display:block}.video-player-components-Sponsors-link.svelte-qb41at .video-player-components-Sponsors-logo.svelte-qb41at:not(.video-player-components-Sponsors-bottom){right:10px}.video-player-components-Sponsors-link.svelte-qb41at .video-player-components-Sponsors-logo.video-player-components-Sponsors-bottom.svelte-qb41at{left:0;right:0;bottom:51px;height:25%;max-height:120px}@media screen and (min-width: 520px){.video-player-components-Sponsors-link.svelte-qb41at .video-player-components-Sponsors-logo.video-player-components-Sponsors-bottom.svelte-qb41at{bottom:65px}}.video-player-components-Sponsors-link.svelte-qb41at .video-player-components-Sponsors-logo.video-player-components-Sponsors-bottom.video-player-components-Sponsors-small.svelte-qb41at{height:44px}.video-player-components-Sponsors-link.svelte-qb41at .video-player-components-Sponsors-logo.video-player-components-Sponsors-bottom.video-player-components-Sponsors-x-large.svelte-qb41at{bottom:120px}]]><\/p>\n<p>        M\u00c5 BORT: Kunstner \u00d6de Nerdrum har klare meninger om hva som er viktigst ved h\u00f8stens stortingsvalg. Reporter: Magnus Kallelid \/ Anders Holth Johansen. Video: Magnus Kallelid<\/p>\n<p>Tidligere i \u00e5r skrev mote-magasinet <a href=\"https:\/\/costume.no\/skjonnhet\/har\/sesongens-storste-hartrender-styling-klipp-og-farger-vi-vil-se-mye-av-na\" target=\"_blank\" rel=\"nofollow noopener\">Costume <\/a>at bob-frisyren uten tvil er \u00e5rets klipp.\u00a0<\/p>\n<p>    <a itemprop=\"url\" href=\"https:\/\/www.dagbladet.no\/mat\/pinnekjott-2025-tre-far-sekser\/83843293\" rel=\"nofollow noopener\" target=\"_blank\"><\/p>\n<p>      <img loading=\"lazy\" decoding=\"async\" src=\"https:\/\/www.europesays.com\/no\/wp-content\/uploads\/2025\/11\/1763215842_471_83853356.webp\" width=\"980\" height=\"441\" title=\"Pinnekj\u00f8tt 2025: Tre f\u00e5r sekser!\" alt=\"\" class=\"lazyload\" style=\"--aspect-ratio-image: 2.22; \"\/><\/p>\n<p>        Pinnekj\u00f8tt 2025: Tre f\u00e5r sekser!<\/p>\n<p>    <\/a><\/p>\n<p>Denne typen er gjerne fyldig, volumi\u00f8s og glansfull, beskriver det i magasinet, slik Afturs sveis ser ut n\u00e5.\u00a0<\/p>\n<p>      Del artikkel <\/p>\n","protected":false},"excerpt":{"rendered":"Aftur Nerdrum: Den ene Nerdrum-tvillingen har gjort en drastisk endring i signatur-looken sin. STOR ENDRING: Aftur Nerdrum har&hellip;\n","protected":false},"author":2,"featured_media":87921,"comment_status":"","ping_status":"","sticky":false,"template":"","format":"standard","meta":{"footnotes":""},"categories":[5],"tags":[10205,20,21,7138,24,25,15,19,479,2543,22,23,17,18,13,30,28,29,14,16,26,27],"class_list":{"0":"post-87920","1":"post","2":"type-post","3":"status-publish","4":"format-standard","5":"has-post-thumbnail","7":"category-overskrifter","8":"tag-aftur-nerdrum","9":"tag-breaking-news","10":"tag-breakingnews","11":"tag-familien-nerdrum","12":"tag-featured-news","13":"tag-featurednews","14":"tag-headlines","15":"tag-hovedoppslag","16":"tag-kjendis","17":"tag-kjendisdesken","18":"tag-latest-news","19":"tag-latestnews","20":"tag-main-news","21":"tag-mainnews","22":"tag-news","23":"tag-no","24":"tag-norge","25":"tag-norway","26":"tag-nyheter","27":"tag-overskrifter","28":"tag-top-stories","29":"tag-topstories"},"share_on_mastodon":{"url":"https:\/\/pubeurope.com\/@no\/115554118897373636","error":""},"_links":{"self":[{"href":"https:\/\/www.europesays.com\/no\/wp-json\/wp\/v2\/posts\/87920","targetHints":{"allow":["GET"]}}],"collection":[{"href":"https:\/\/www.europesays.com\/no\/wp-json\/wp\/v2\/posts"}],"about":[{"href":"https:\/\/www.europesays.com\/no\/wp-json\/wp\/v2\/types\/post"}],"author":[{"embeddable":true,"href":"https:\/\/www.europesays.com\/no\/wp-json\/wp\/v2\/users\/2"}],"replies":[{"embeddable":true,"href":"https:\/\/www.europesays.com\/no\/wp-json\/wp\/v2\/comments?post=87920"}],"version-history":[{"count":0,"href":"https:\/\/www.europesays.com\/no\/wp-json\/wp\/v2\/posts\/87920\/revisions"}],"wp:featuredmedia":[{"embeddable":true,"href":"https:\/\/www.europesays.com\/no\/wp-json\/wp\/v2\/media\/87921"}],"wp:attachment":[{"href":"https:\/\/www.europesays.com\/no\/wp-json\/wp\/v2\/media?parent=87920"}],"wp:term":[{"taxonomy":"category","embeddable":true,"href":"https:\/\/www.europesays.com\/no\/wp-json\/wp\/v2\/categories?post=87920"},{"taxonomy":"post_tag","embeddable":true,"href":"https:\/\/www.europesays.com\/no\/wp-json\/wp\/v2\/tags?post=87920"}],"curies":[{"name":"wp","href":"https:\/\/api.w.org\/{rel}","templated":true}]}}