{"id":87924,"date":"2025-11-15T14:17:46","date_gmt":"2025-11-15T14:17:46","guid":{"rendered":"https:\/\/www.europesays.com\/no\/87924\/"},"modified":"2025-11-15T14:17:46","modified_gmt":"2025-11-15T14:17:46","slug":"intens-krangel-i-spillet-sesong-3-produksjonen-svarer","status":"publish","type":"post","link":"https:\/\/www.europesays.com\/no\/87924\/","title":{"rendered":"Intens krangel i \u00abSpillet\u00bb sesong 3: Produksjonen svarer"},"content":{"rendered":"<p class=\"kicker \" style=\"\">\u00abSpillet\u00bb:<\/p>\n<p>  TV-suksessen \u00abSpillet\u00bb fortsetter \u00e5 sjokkere i sin tredje sesong. N\u00e5 svarer produksjonen etter nok en intens krangel.\u00a0<\/p>\n<p>\n    VANTRO: Onsdagens episode av TV-programmet \u00abSpillet\u00bb viste en av de mest intense konfrontasjonene denne sesongen. Ogs\u00e5 panelet lot seg sjokkere. Foto: TV 2\n  <\/p>\n<p>TV-suksessen \u00abSpillet\u00bb er i gang med sin tredje sesong, og programmet fortsetter \u00e5 b\u00e5de engasjere og provosere.\u00a0<\/p>\n<p>    <a itemprop=\"url\" href=\"https:\/\/www.dagbladet.no\/kjendis\/glemmer-seg-fort\/83723566\" rel=\"nofollow noopener\" target=\"_blank\"><\/p>\n<p>      <img loading=\"lazy\" decoding=\"async\" src=\"https:\/\/www.europesays.com\/no\/wp-content\/uploads\/2025\/11\/83723588.webp\" width=\"980\" height=\"441\" title=\"- Glemmer seg fort\" alt=\"\" class=\"lazyload\" style=\"--aspect-ratio-image: 2.22; \"\/><\/p>\n<p>        &#8211; Glemmer seg fort<\/p>\n<p>    <\/a><\/p>\n<p>I onsdagens episode ble det amper stemning da to av deltakerne,\u00a0<a href=\"https:\/\/www.dagbladet.no\/kjendis\/da-mamma-dode-klarte-jeg-a-leve\/83778966\" rel=\"nofollow noopener\" target=\"_blank\">Lotte Hoel (38)<\/a> og\u00a0Melody Hamre (30), havnet i ordkrig foran de andre deltakerne.\u00a0<\/p>\n<p class=\"font-weight-bold m-font-weight-bold\" data-lab-font_weight=\"font-weight-bold\">&#8211; M\u00e5ten den dama her har spilt bak ryggen p\u00e5 absolutt alle sammen har v\u00e6rt stygt \u00e5 sitte \u00e5 se p\u00e5, sa Lotte til Melody i onsdagens episode.\u00a0<\/p>\n<p>          <img loading=\"lazy\" decoding=\"async\" src=\"https:\/\/www.europesays.com\/no\/wp-content\/uploads\/2025\/11\/83854315.webp\" width=\"686\" height=\"371\" title=\"SPILLERNE I H\u00d8ST: Fra venstre: Eren Andre Gj\u00e6gtvik, Melody Hamre, Jon Gerald Kristiansen, Magnus Helle, Tove Hasselquist Evensen, Martine Krafft, Simen Bondevik, Emma Aldal S\u00e6tre, Binyamin Abdulkadir Mahamoud, Lene Larsen, Amalie Elea Olin Lundstad, Einar \u00d8grey Brandsdal, Lotte Hoel, Dan Kolltveit og Alberina Gashi. Foto: Rune Bendiksen \/ TV 2\" alt=\"\" class=\"\" style=\"--aspect-ratio-image: 1.85; \"\/><\/p>\n<p>\n          SPILLERNE I H\u00d8ST: Fra venstre: Eren Andre Gj\u00e6gtvik, Melody Hamre, Jon Gerald Kristiansen, Magnus Helle, Tove Hasselquist Evensen, Martine Krafft, Simen Bondevik, Emma Aldal S\u00e6tre, Binyamin Abdulkadir Mahamoud, Lene Larsen, Amalie Elea Olin Lundstad, Einar \u00d8grey Brandsdal, Lotte Hoel, Dan Kolltveit og Alberina Gashi. Foto: Rune Bendiksen \/ TV 2\n      <\/p>\n<p class=\"no_italic m-no_italic\" data-lab-italic=\"\">Ordkrigen satte en st\u00f8kk i Spillet-panelet, som best\u00e5r av Truls Svendsen (53), Martine Lunde (29), Alexandra Joner (35) og Harald Eia (59).\u00a0<\/p>\n<p class=\"italic m-italic\" data-lab-italic=\"italic\">Se den intense konfrontasjonen i sin helhet i videoen under:<\/p>\n<p>        FULL KLINSJ: Lotte Hoel velger \u00e5 konfrontere Melody Hamre n\u00e5r hun kommer tilbake i huset i TV 2-programmet \u00abSpillet\u00bb. Video: Kine Falch \/ Nora Skavhaug \/ TV 2<\/p>\n<p>&#8211; Ikke vant til kamera\t<\/p>\n<p>Eia har v\u00e6rt \u00e5 se i panelet i alle tre sesongene av \u00abSpillet\u00bb. Nytt i \u00e5r er at deltakerne er \u00abvanlige mennesker\u00bb, og ikke kjente fjes som det har v\u00e6rt tidligere.<\/p>\n<p>    <a itemprop=\"url\" href=\"https:\/\/www.dagbladet.no\/kjendis\/her-blir-du-lurt-trill-rundt\/83813170\" rel=\"nofollow noopener\" target=\"_blank\"><\/p>\n<p>      <img loading=\"lazy\" decoding=\"async\" src=\"https:\/\/www.europesays.com\/no\/wp-content\/uploads\/2025\/11\/83813587.webp\" width=\"980\" height=\"441\" title=\"Her blir du lurt trill rundt\" alt=\"\" class=\"lazyload\" style=\"--aspect-ratio-image: 2.22; \"\/><\/p>\n<p>        Her blir du lurt trill rundt<\/p>\n<p>    <\/a><\/p>\n<p>Eia kaller deltakerne i denne sesongen\u00a0\u00abmer ufiltrert og r\u00e5ere\u00bb enn kjendisene i de tidligere sesongene.\u00a0<\/p>\n<p class=\"font-weight-bold m-font-weight-bold\" data-lab-font_weight=\"font-weight-bold\">&#8211; Det virker som de \u00abvanlige\u00bb menneskene ble tatt litt p\u00e5 senga. De tenkte kanskje at de vil ha mer kontroll over situasjonen enn hva kjendiser, som vet om hvordan det er \u00e5 bli filmet, ville gjort, sier han til Dagbladet.\u00a0<\/p>\n<p>          <img loading=\"lazy\" decoding=\"async\" src=\"https:\/\/www.europesays.com\/no\/wp-content\/uploads\/2025\/11\/83852050.webp\" width=\"686\" height=\"426\" title=\"REAKSJON: \u00abSpillet\u00bb-panelet reagerte med vantro da ordkrigen mellom de to deltakerne begynte. Foto: TV 2\" alt=\"\" class=\"\" style=\"--aspect-ratio-image: 1.61; \"\/><\/p>\n<p>\n          REAKSJON: \u00abSpillet\u00bb-panelet reagerte med vantro da ordkrigen mellom de to deltakerne begynte. Foto: TV 2\n      <\/p>\n<p>&#8211; Kjendiser er mer kontrollerte s\u00e5nn sett, man er litt p\u00e5 jobb. Disse tenker kanskje ikke p\u00e5 det som at de leverer innhold, reflekterer han.<\/p>\n<p>Samtidig presiserer han at det man f\u00e5r se i episoden, ikke n\u00f8dvendigvis viser det fulle bildet av hva som faktisk utspiller seg i huset. Mye viktig kontekst kan bli fjernet, opplyser han.\u00a0<\/p>\n<p>    <a itemprop=\"url\" href=\"https:\/\/www.dagbladet.no\/kjendis\/da-mamma-dode-klarte-jeg-a-leve\/83778966\" rel=\"nofollow noopener\" target=\"_blank\"><\/p>\n<p>      <img loading=\"lazy\" decoding=\"async\" src=\"https:\/\/www.europesays.com\/no\/wp-content\/uploads\/2025\/11\/1763216265_381_83790605.webp\" width=\"147\" height=\"98\" title=\"- Da mamma d\u00f8de, klarte jeg \u00e5 leve\" alt=\"\" class=\"lazyload\" style=\"--aspect-ratio-image: 1.50; \"\/><\/p>\n<p>         &#8211; Da mamma d\u00f8de, klarte jeg \u00e5 leve<\/p>\n<p>    <\/a><\/p>\n<p>&#8211; Det vil alltid v\u00e6re ting som ikke er med, og det vil foreg\u00e5 ting som ikke kommer med i episoden. Ogs\u00e5 er det h\u00f8yt stress, de er stengt inne i et eksperiment.\u00a0<\/p>\n<p>        BLEMME: I premiereepisoden av \u00abSpillet\u00bb sesong 3 m\u00e5 en deltaker forlate konkurransen, men ikke alle forst\u00e5r reglene under avstemningen. Video: TV 2 \/ Nora Skavhaug \/ Kine Falch<\/p>\n<p>&#8211; Alltid tett p\u00e5\t<\/p>\n<p>Dagbladet har stilt produksjonen i \u00abSpillet\u00bb en rekke sp\u00f8rsm\u00e5l om hendelsen.\u00a0<\/p>\n<p>Siril Vatne Meling, kommunikasjonsansvarlig i TV 2, p\u00e5peker at de har stort fokus p\u00e5 \u00e5 ivareta deltakerne b\u00e5de f\u00f8r, under og etter innspilling.\u00a0<\/p>\n<p>    <a itemprop=\"url\" href=\"https:\/\/www.dagbladet.no\/mat\/pinnekjott-2025-tre-far-sekser\/83843293\" rel=\"nofollow noopener\" target=\"_blank\"><\/p>\n<p>      <img loading=\"lazy\" decoding=\"async\" src=\"https:\/\/www.europesays.com\/no\/wp-content\/uploads\/2025\/11\/1763216266_926_83853356.webp\" width=\"980\" height=\"441\" title=\"Pinnekj\u00f8tt 2025: Tre f\u00e5r sekser!\" alt=\"\" class=\"lazyload\" style=\"--aspect-ratio-image: 2.22; \"\/><\/p>\n<p>        Pinnekj\u00f8tt 2025: Tre f\u00e5r sekser!<\/p>\n<p>    <\/a><\/p>\n<p class=\"font-weight-bold m-font-weight-bold\" data-lab-font_weight=\"font-weight-bold\">&#8211; Produksjonen er alltid tett p\u00e5, og deltakeransvarlige og produsent er til stede hele dagen sammen med et stort crew. I tillegg er de inne hos deltakerne flere ganger daglig for \u00e5 h\u00f8re hvordan de har det, og de kan alltid be om en prat dersom de \u00f8nsker det.<\/p>\n<p>Hun fortsetter:\u00a0<\/p>\n<p>&#8211; Etter hver eliminering er det ogs\u00e5 satt av tid til samtaler med den som forlater spillet, og alle blir fulgt opp av psykolog i etterkant.<\/p>\n","protected":false},"excerpt":{"rendered":"\u00abSpillet\u00bb: TV-suksessen \u00abSpillet\u00bb fortsetter \u00e5 sjokkere i sin tredje sesong. N\u00e5 svarer produksjonen etter nok en intens krangel.\u00a0&hellip;\n","protected":false},"author":2,"featured_media":87925,"comment_status":"","ping_status":"","sticky":false,"template":"","format":"standard","meta":{"footnotes":""},"categories":[5],"tags":[20,21,24,25,2429,15,19,479,22,23,17,18,13,30,28,29,14,16,2398,26,27,1130],"class_list":{"0":"post-87924","1":"post","2":"type-post","3":"status-publish","4":"format-standard","5":"has-post-thumbnail","7":"category-overskrifter","8":"tag-breaking-news","9":"tag-breakingnews","10":"tag-featured-news","11":"tag-featurednews","12":"tag-harald-eia","13":"tag-headlines","14":"tag-hovedoppslag","15":"tag-kjendis","16":"tag-latest-news","17":"tag-latestnews","18":"tag-main-news","19":"tag-mainnews","20":"tag-news","21":"tag-no","22":"tag-norge","23":"tag-norway","24":"tag-nyheter","25":"tag-overskrifter","26":"tag-spillet","27":"tag-top-stories","28":"tag-topstories","29":"tag-tv2"},"share_on_mastodon":{"url":"https:\/\/pubeurope.com\/@no\/115554146462925925","error":""},"_links":{"self":[{"href":"https:\/\/www.europesays.com\/no\/wp-json\/wp\/v2\/posts\/87924","targetHints":{"allow":["GET"]}}],"collection":[{"href":"https:\/\/www.europesays.com\/no\/wp-json\/wp\/v2\/posts"}],"about":[{"href":"https:\/\/www.europesays.com\/no\/wp-json\/wp\/v2\/types\/post"}],"author":[{"embeddable":true,"href":"https:\/\/www.europesays.com\/no\/wp-json\/wp\/v2\/users\/2"}],"replies":[{"embeddable":true,"href":"https:\/\/www.europesays.com\/no\/wp-json\/wp\/v2\/comments?post=87924"}],"version-history":[{"count":0,"href":"https:\/\/www.europesays.com\/no\/wp-json\/wp\/v2\/posts\/87924\/revisions"}],"wp:featuredmedia":[{"embeddable":true,"href":"https:\/\/www.europesays.com\/no\/wp-json\/wp\/v2\/media\/87925"}],"wp:attachment":[{"href":"https:\/\/www.europesays.com\/no\/wp-json\/wp\/v2\/media?parent=87924"}],"wp:term":[{"taxonomy":"category","embeddable":true,"href":"https:\/\/www.europesays.com\/no\/wp-json\/wp\/v2\/categories?post=87924"},{"taxonomy":"post_tag","embeddable":true,"href":"https:\/\/www.europesays.com\/no\/wp-json\/wp\/v2\/tags?post=87924"}],"curies":[{"name":"wp","href":"https:\/\/api.w.org\/{rel}","templated":true}]}}