{"id":87926,"date":"2025-11-15T14:19:25","date_gmt":"2025-11-15T14:19:25","guid":{"rendered":"https:\/\/www.europesays.com\/no\/87926\/"},"modified":"2025-11-15T14:19:25","modified_gmt":"2025-11-15T14:19:25","slug":"skuespill-teater-emilian-18-er-drommeprinsen-pa-torget-det-er-dette-jeg-vil-drive-med","status":"publish","type":"post","link":"https:\/\/www.europesays.com\/no\/87926\/","title":{"rendered":"Skuespill, Teater | Emilian (18) er dr\u00f8mmeprinsen p\u00e5 Torget: \u2013 Det er dette jeg vil drive med"},"content":{"rendered":"\n<p>\u2013 Skuespill, musikk og teater betyr alt for meg.<\/p>\n<p>\u2013 Det er den friheten du f\u00e5r av \u00e5 kunne late som du er noen andre og likevel formidle ekte f\u00f8lelser, sier gutten fra Nardo.<\/p>\n<p>Gjennom roller i musikalene ved Strinda videreg\u00e5ende skole ble han nylig hanket inn til Musikalfabrikken.<\/p>\n<p>Og da Shrek The Musical ble satt opp i Olavshallen sist uke, fikk Emilian spille selveste hovedrollen.<\/p>\n<p>\u2013 En mektig f\u00f8lelse<\/p>\n<p>Den gr\u00f8nne og gjenkjennbare trollet Shrek var ikke bare hans f\u00f8rste rolle, men ogs\u00e5 hans f\u00f8rste ordentlige produksjon, forteller han.<\/p>\n<p>\u2013 Jeg er utrolig takknemlig for at jeg fikk den rollen og fikk spille med s\u00e5 mange flinke erfarne folk. Du kan trygt si at jeg er ny og ydmyk, sier han forn\u00f8yd.<\/p>\n<p>\u2013 \u00c5 st\u00e5 i Olavshallen var en mektig f\u00f8lelse. N\u00e5r man gikk inn der var det nesten uvirkelig at \u00abher skal vi f\u00e5 spille\u00bb.<\/p>\n<p>Jobben med \u00e5 bli til rollefiguren var ogs\u00e5 litt av en prosess rent fysisk.<\/p>\n<p>Flere lag med kl\u00e6r, , sminke og en nesten heldekkende maske, m\u00e5tte p\u00e5 av og p\u00e5 opptil flere gang hver kveld.<\/p>\n<p>\u2013 Jeg var nok aldri i det kostymet uten \u00e5 tenke at jeg var i n\u00e6rheten av \u00e5 n\u00e5 feber-temperatur, sier han og ler.<\/p>\n<p>   <img decoding=\"async\" width=\"1179\" height=\"786\" fetchpriority=\"low\"  loading=\"lazy\"  src=\"https:\/\/www.europesays.com\/no\/wp-content\/uploads\/2025\/11\/Emilian-03.jpg\" alt=\"\" class=\"brick-c-cFOWSL\" style=\"--brick-image-ratio: 1179 \/ 786;\"\/><\/p>\n<p>      Musikalen er basert p\u00e5 filmene om rollefiguren Shrek fra 2001.<br \/>\n      Foto: Vilde Myrseth\n    <\/p>\n<p>  \u2013 Jeg er veldig stolt<\/p>\n<p>Tross sine utfordringer ga opplevelsen mersmak. Magien b\u00e5de p\u00e5 scenen og blant alle som jobbet bak i kulissene var fantastisk, sier Emilian.<\/p>\n<p>\u2013 Ildsjelene og det teatermilj\u00f8et vi har i Trondheim er helt fantastisk. Det er det beste samholdet jeg har opplevd. Det er s\u00e5 utrolig mange fine og flinke folk spredt utover hele byen.<\/p>\n<p>18-\u00e5ringen innr\u00f8mmer at det er litt skummelt \u00e5 n\u00e5 bevege seg inn i voksenlivet.<\/p>\n<p>Men en ting har Emilian i hvert fall klart: han vet hva han vil og er klar for \u00e5 satse. Neste h\u00f8st er tanken \u00e5 studere musikkteater p\u00e5 \u00d8stlandet.<\/p>\n<p>   <img decoding=\"async\" width=\"5094\" height=\"3389\" fetchpriority=\"low\"  loading=\"lazy\"  src=\"https:\/\/www.europesays.com\/no\/wp-content\/uploads\/2025\/11\/Emilian-05.jpg\" alt=\"\" class=\"brick-c-cFOWSL\" style=\"--brick-image-ratio: 5094 \/ 3389;\"\/><\/p>\n<p>      Emilian er klar for alle muligheter, men innr\u00f8mmer at han gjerne ender opp i hjembyen sin igjen.<br \/>\n      Foto: Vilde Myrseth\n    <\/p>\n<p>\u2013 Etter det kan det nok skyte alle veier. Er noen interessert s\u00e5 kommer jeg nok tilbake til Trondheim da skal du se, sier han.<\/p>\n<p>\u2013 Jeg er veldig stolt over mulighetene vi har her. \u00c5 f\u00e5 v\u00e6re med i produksjoner p\u00e5 en av de store scenene i byen hadde v\u00e6rt fantastisk.<\/p>\n<p>F\u00f8r den tid f\u00e5r han i hvert fall \u00e9n til stjernerolle i hjembyen foran seg.<\/p>\n<p>Hele Trondheims dr\u00f8mmeprins<\/p>\n<p>L\u00f8rdag spiller han nemlig selveste dr\u00f8mmeprinsen n\u00e5r Askepott skal tenne julelysene i Midtbyen.<\/p>\n<p>   <img decoding=\"async\" width=\"5219\" height=\"3472\" fetchpriority=\"low\"  loading=\"lazy\"  src=\"https:\/\/www.europesays.com\/no\/wp-content\/uploads\/2025\/11\/Emilian-09.jpg\" alt=\"\" class=\"brick-c-cFOWSL\" style=\"--brick-image-ratio: 5219 \/ 3472;\"\/><\/p>\n<p>\u00abDette er eventyret som fyller byen med julestemning og som barna aldri glemmer. Publikum, trommeslagerne og Uglen hjelper Askepott p\u00e5 veien til kveldens ball gjennom Midtbyens julegater. Like bak kommer prinsen, og han har et par sko som Askepott mistet p\u00e5 Stiftsg\u00e5rdsballet &#8230; Finner de hverandre til slutt?\u00bb<\/p>\n<p>Slik beskriver arrang\u00f8rene vandreteateret.<\/p>\n<p>\u2013 Jeg hadde faktisk aldri h\u00f8rt om julelystenningen f\u00f8r. N\u00e5r jeg nevnte det til venner derimot var det tydelig at dette er en stor ting for Trondheim hvert \u00e5r.<\/p>\n<p>\u2013 \u00c5 f\u00e5 v\u00e6re med p\u00e5 ting som dette gir meg masse! Det er dette jeg vil drive med. Dette er dr\u00f8mmen, forteller Emilian.<\/p>\n<p>   <img decoding=\"async\" width=\"6048\" height=\"4024\" fetchpriority=\"low\"  loading=\"lazy\"  src=\"https:\/\/www.europesays.com\/no\/wp-content\/uploads\/2025\/11\/Emilian-10.jpg\" alt=\"\" class=\"brick-c-cFOWSL\" style=\"--brick-image-ratio: 6048 \/ 4024;\"\/><\/p>\n<p>      18-\u00e5ringen er selv spent p\u00e5 hva karrieren hans vil by p\u00e5 de neste \u00e5rene.<br \/>\n      Foto: Vilde Myrseth\n    <\/p>\n<p>F\u00f8r showet er i gang er nervene ogs\u00e5 alltid p\u00e5 plass., innr\u00f8mmer han. N\u00e5r han skal sprade nedover torget og opp mot Nordre, er det intet unntak.<\/p>\n<p>\u2013 Men det tenker jeg at er en god ting! Da kjenner du at det betyr noe for deg. Hvis ikke er det kanskje ikke p\u00e5 scenen man h\u00f8rer hjemme, sier han med et smil.<\/p>\n","protected":false},"excerpt":{"rendered":"\u2013 Skuespill, musikk og teater betyr alt for meg. \u2013 Det er den friheten du f\u00e5r av \u00e5&hellip;\n","protected":false},"author":2,"featured_media":87927,"comment_status":"","ping_status":"","sticky":false,"template":"","format":"standard","meta":{"footnotes":""},"categories":[58],"tags":[36,71,463,30,28,29,8276,1510,2909,72],"class_list":{"0":"post-87926","1":"post","2":"type-post","3":"status-publish","4":"format-standard","5":"has-post-thumbnail","7":"category-underholdning","8":"tag-art","9":"tag-entertainment","10":"tag-midtbyen","11":"tag-no","12":"tag-norge","13":"tag-norway","14":"tag-skuespill","15":"tag-story","16":"tag-teater","17":"tag-underholdning"},"share_on_mastodon":{"url":"https:\/\/pubeurope.com\/@no\/115554154356652330","error":""},"_links":{"self":[{"href":"https:\/\/www.europesays.com\/no\/wp-json\/wp\/v2\/posts\/87926","targetHints":{"allow":["GET"]}}],"collection":[{"href":"https:\/\/www.europesays.com\/no\/wp-json\/wp\/v2\/posts"}],"about":[{"href":"https:\/\/www.europesays.com\/no\/wp-json\/wp\/v2\/types\/post"}],"author":[{"embeddable":true,"href":"https:\/\/www.europesays.com\/no\/wp-json\/wp\/v2\/users\/2"}],"replies":[{"embeddable":true,"href":"https:\/\/www.europesays.com\/no\/wp-json\/wp\/v2\/comments?post=87926"}],"version-history":[{"count":0,"href":"https:\/\/www.europesays.com\/no\/wp-json\/wp\/v2\/posts\/87926\/revisions"}],"wp:featuredmedia":[{"embeddable":true,"href":"https:\/\/www.europesays.com\/no\/wp-json\/wp\/v2\/media\/87927"}],"wp:attachment":[{"href":"https:\/\/www.europesays.com\/no\/wp-json\/wp\/v2\/media?parent=87926"}],"wp:term":[{"taxonomy":"category","embeddable":true,"href":"https:\/\/www.europesays.com\/no\/wp-json\/wp\/v2\/categories?post=87926"},{"taxonomy":"post_tag","embeddable":true,"href":"https:\/\/www.europesays.com\/no\/wp-json\/wp\/v2\/tags?post=87926"}],"curies":[{"name":"wp","href":"https:\/\/api.w.org\/{rel}","templated":true}]}}