{"id":87966,"date":"2025-11-15T15:21:23","date_gmt":"2025-11-15T15:21:23","guid":{"rendered":"https:\/\/www.europesays.com\/no\/87966\/"},"modified":"2025-11-15T15:21:23","modified_gmt":"2025-11-15T15:21:23","slug":"masseslagsmal-i-turistomrade","status":"publish","type":"post","link":"https:\/\/www.europesays.com\/no\/87966\/","title":{"rendered":"Masseslagsm\u00e5l i turistomr\u00e5de"},"content":{"rendered":"<p>Guardia Civil p\u00e5 Fuerteventura har arrestert to menn som er mistenkte for \u00e5 ha v\u00e6rt involvert i et masseslagsm\u00e5l som fant sted den 5. november i Caleta de Fuste, i kommunen Antigua. <\/p>\n<p>Ytterligere to menn blir etterforsket for mulig medvirkning, skriver politiet i en pressemelding.<\/p>\n<p>Hendelsen fant sted p\u00e5 h\u00f8ylys dag i en sentralt beliggende gate i det popul\u00e6re turistomr\u00e5det Caleta de Fuste. Guardia Civil mottok flere telefoner fra borgere som varslet om en voldsom konflikt mellom flere personer. <\/p>\n<p>If\u00f8lge vitneforklaringer,  benyttet de involverte slagv\u00e5pen, deriblant golfk\u00f8ller og boltesakser, under slossiingen.<\/p>\n<p><strong>Koordinert politiaksjon<\/strong><\/p>\n<p>Etter meldinger fra vitner ble et koordinert sikkerhetsoppdrag satt i gang, med deltakelse fra Guardia Civil i Puerto del Rosario og lokalpoliti i Antigua. <\/p>\n<p>Ved ankomst lokaliserte politiet de mistenkte, som fortsatt oppholdt seg i omr\u00e5det og var i besittelse av gjenstandene brukt i slagsm\u00e5let.<\/p>\n<p><strong>Uro blant befolkning og turister<\/strong><\/p>\n<p>Under politiaksjonen avh\u00f8rte sikkerhetsstyrkene flere vitner for \u00e5 f\u00e5 klarhet i omstendighetene rundt hendelsen.<\/p>\n<p>If\u00f8lge innsamlede opplysninger, spredte slagsm\u00e5let uro blant lokalbefolkning og turister, ettersom det skjedde i et sterkt trafikkert omr\u00e5de og p\u00e5 et tidspunkt med stor tilstr\u00f8mming av mennesker.<\/p>\n<p><strong>Etterforskningen fortsetter<\/strong><\/p>\n<p>Etterforskningen p\u00e5g\u00e5r fortsatt. De to arresterte er satt i varetekt, mens politiet arbeider med \u00e5 identifisere og etterforske alle involverte.<\/p>\n<blockquote class=\"wp-block-quote\">\n<p>Bli privatsponsor du ogs\u00e5! Canariajournalen har valgt \u00e5 ha alt innhold utenfor betalingsmurer, og finansierer driften med annonser og privatsponsorer, uten abonnement eller pressest\u00f8tte. Det koster \u00e5 drive kvalitetsjournalistikk, og du kan hjelpe oss til \u00e5 bli enda bedre: Bli sponsor, Vipps eller Swish en valgfri slant med penger:\u00a0Vipps: 95 74 94 69. Swish: 070 2314 263. P\u00e5 forh\u00e5nd takk for din st\u00f8tte!<\/p>\n<\/blockquote>\n","protected":false},"excerpt":{"rendered":"Guardia Civil p\u00e5 Fuerteventura har arrestert to menn som er mistenkte for \u00e5 ha v\u00e6rt involvert i et&hellip;\n","protected":false},"author":2,"featured_media":87967,"comment_status":"","ping_status":"","sticky":false,"template":"","format":"standard","meta":{"footnotes":""},"categories":[12],"tags":[20,21,24,25,15,5600,148,22,23,13,30,28,29,14,16,26,27,42,43,44,45],"class_list":{"0":"post-87966","1":"post","2":"type-post","3":"status-publish","4":"format-standard","5":"has-post-thumbnail","7":"category-verden","8":"tag-breaking-news","9":"tag-breakingnews","10":"tag-featured-news","11":"tag-featurednews","12":"tag-headlines","13":"tag-kanarioyene","14":"tag-kriminalitet","15":"tag-latest-news","16":"tag-latestnews","17":"tag-news","18":"tag-no","19":"tag-norge","20":"tag-norway","21":"tag-nyheter","22":"tag-overskrifter","23":"tag-top-stories","24":"tag-topstories","25":"tag-verden","26":"tag-world","27":"tag-world-news","28":"tag-worldnews"},"share_on_mastodon":{"url":"https:\/\/pubeurope.com\/@no\/115554397956942029","error":""},"_links":{"self":[{"href":"https:\/\/www.europesays.com\/no\/wp-json\/wp\/v2\/posts\/87966","targetHints":{"allow":["GET"]}}],"collection":[{"href":"https:\/\/www.europesays.com\/no\/wp-json\/wp\/v2\/posts"}],"about":[{"href":"https:\/\/www.europesays.com\/no\/wp-json\/wp\/v2\/types\/post"}],"author":[{"embeddable":true,"href":"https:\/\/www.europesays.com\/no\/wp-json\/wp\/v2\/users\/2"}],"replies":[{"embeddable":true,"href":"https:\/\/www.europesays.com\/no\/wp-json\/wp\/v2\/comments?post=87966"}],"version-history":[{"count":0,"href":"https:\/\/www.europesays.com\/no\/wp-json\/wp\/v2\/posts\/87966\/revisions"}],"wp:featuredmedia":[{"embeddable":true,"href":"https:\/\/www.europesays.com\/no\/wp-json\/wp\/v2\/media\/87967"}],"wp:attachment":[{"href":"https:\/\/www.europesays.com\/no\/wp-json\/wp\/v2\/media?parent=87966"}],"wp:term":[{"taxonomy":"category","embeddable":true,"href":"https:\/\/www.europesays.com\/no\/wp-json\/wp\/v2\/categories?post=87966"},{"taxonomy":"post_tag","embeddable":true,"href":"https:\/\/www.europesays.com\/no\/wp-json\/wp\/v2\/tags?post=87966"}],"curies":[{"name":"wp","href":"https:\/\/api.w.org\/{rel}","templated":true}]}}