{"id":88030,"date":"2025-11-15T17:10:09","date_gmt":"2025-11-15T17:10:09","guid":{"rendered":"https:\/\/www.europesays.com\/no\/88030\/"},"modified":"2025-11-15T17:10:09","modified_gmt":"2025-11-15T17:10:09","slug":"egersund-avgjorde-cup-omkamp-pa-overtid-lyn-fans-protesterte-mot-nff","status":"publish","type":"post","link":"https:\/\/www.europesays.com\/no\/88030\/","title":{"rendered":"Egersund avgjorde cup-omkamp p\u00e5 overtid \u2013 Lyn-fans protesterte mot NFF"},"content":{"rendered":"\n<p class=\"_lead_o9xde_2 _lead_xtcu6_50 layout-component text-serif-m layout-normal text-serif-l layout-component layout-wide layout-padded _wide_17hqh_1 layout-padded\">Protest og omkamp i 3. runde av cupen gjorde nytten for Egersund. Med 3-2 over Lyn l\u00f8rdag er laget klart for 4. runde i cupen.<\/p>\n<p><img alt=\"Egersund og Lyn har blitt godt kjent med hverandre denne sesongen. Her fra et tidligere oppgj\u00f8r i 1. divisjon. Scott Vatne (t.v.) avgjorde l\u00f8rdagens cupkamp.  Foto: Terje Bendiksby \/ NTB\" class=\"_image_qp4xg_65 layout-component layout-wide\" data-fullscreen- data-track-element-type=\"Article image fullscreen\" data-track-name=\"ImageFullscreen\" fetchpriority=\"high\" decoding=\"sync\" loading=\"eager\" height=\"3977\" itemprop=\"image\"  src=\"https:\/\/www.europesays.com\/no\/wp-content\/uploads\/2025\/11\/b05b5e10-a668-4bba-a0be-090cc4de08d1\"  style=\"object-position:0% 0%\" width=\"5965\"\/>Egersund og Lyn har blitt godt kjent med hverandre denne sesongen. Her fra et tidligere oppgj\u00f8r i 1. divisjon. Scott Vatne (t.v.) avgjorde l\u00f8rdagens cupkamp.  Foto: Terje Bendiksby \/ NTB<\/p>\n<ul aria-hidden=\"true\" class=\"_images_18f0k_111\">\n<li><a class=\"_link_18f0k_116\" href=\"https:\/\/www.vg.no\/forfatter\/ntb\" style=\"z-index:1\" title=\"NTB\" rel=\"nofollow noopener\" target=\"_blank\"><img alt=\"Bilde av NTB\" class=\"_image_18f0k_93\" fetchpriority=\"low\" loading=\"lazy\" decoding=\"async\" itemprop=\"image\"  src=\"https:\/\/www.europesays.com\/no\/wp-content\/uploads\/2025\/11\/1763226609_557_c33980b0-5d07-4027-84a1-813f90a7c8d6\"  width=\"480\"\/><\/a><\/li>\n<\/ul>\n<p> Oppdatert l\u00f8rdag 15. november kl. 17:20     <\/p>\n<p class=\"_paragraph_o9xde_4 _paragraph_xtcu6_10 layout-component text-serif-m layout-normal text-serif-m layout-padded\">3.-rundekampen ble opprinnelig spilt 24. september, men endte p\u00e5 kontroversielt vis. Oppgj\u00f8ret ble avgjort da Even Bydal s\u00f8rget for 1-0 til Lyn som en konsekvens av at ballen skiftet retning i dommer Tore Hansen.<\/p>\n<p class=\"_paragraph_o9xde_4 _paragraph_xtcu6_10 layout-component text-serif-m layout-normal text-serif-m layout-padded\">Egersund leverte inn protest, som f\u00f8rst ble avvist, men den p\u00e5f\u00f8lgende anken ble tatt til f\u00f8lge. Dermed ble det bestemt at kampen skulle spilles p\u00e5 nytt.<\/p>\n<p class=\"_paragraph_o9xde_4 _paragraph_xtcu6_10 layout-component text-serif-m layout-normal text-serif-m layout-padded\">Lyn var ikke forn\u00f8yde med avgj\u00f8relsen, noe som ble vist av supporterne som stilte med et protestbanner mot NFF.<\/p>\n<p class=\"_paragraph_o9xde_4 _paragraph_xtcu6_10 layout-component text-serif-m layout-normal text-serif-m layout-padded\">P\u00e5 banen markerte ogs\u00e5 spillerne da Andreas Hellum snudde oppgj\u00f8ret fra 0-1 til 2-1 for Lyn. Begge m\u00e5lene til Hellum ble feiret p\u00e5 samme m\u00e5te, ved \u00e5 etterligne dommertegnet som blir brukt n\u00e5r scoringer har blitt godkjent med VAR.<\/p>\n<p class=\"_paragraph_o9xde_4 _paragraph_xtcu6_10 layout-component text-serif-m layout-normal text-serif-m layout-padded\">Men Egersund ga aldri opp og vendte om til seier igjen etter m\u00e5l fra Oscar Kapskarmo og scoring helt p\u00e5 tampen fra Scott Vatne.<\/p>\n<p class=\"_paragraph_o9xde_4 _paragraph_xtcu6_10 layout-component text-serif-m layout-normal text-serif-m layout-padded\">Neste motstander blir Aalesund, i en kamp som f\u00f8rst skal spilles i mars 2026.<\/p>\n<p class=\"_paragraph_o9xde_4 _paragraph_xtcu6_10 layout-component text-serif-m layout-normal text-serif-m layout-padded\">F\u00f8r \u00e5rets sesong stemte fotballtinget for \u00e5 snu cupen, slik at den spilles over to sesonger. 2025-utgaven av cupen er enn\u00e5 ikke avgjort, med cupfinale mellom Lillestr\u00f8m og Sarpsborg i desember.<\/p>\n","protected":false},"excerpt":{"rendered":"Protest og omkamp i 3. runde av cupen gjorde nytten for Egersund. Med 3-2 over Lyn l\u00f8rdag er&hellip;\n","protected":false},"author":2,"featured_media":88031,"comment_status":"","ping_status":"","sticky":false,"template":"","format":"standard","meta":{"footnotes":""},"categories":[59],"tags":[6949,585,2976,30,28,29,83,82],"class_list":{"0":"post-88030","1":"post","2":"type-post","3":"status-publish","4":"format-standard","5":"has-post-thumbnail","7":"category-sport","8":"tag-egersunds-ik","9":"tag-lyn-fotball","10":"tag-nm","11":"tag-no","12":"tag-norge","13":"tag-norway","14":"tag-sport","15":"tag-sports"},"share_on_mastodon":{"url":"https:\/\/pubeurope.com\/@no\/115554826625097233","error":""},"_links":{"self":[{"href":"https:\/\/www.europesays.com\/no\/wp-json\/wp\/v2\/posts\/88030","targetHints":{"allow":["GET"]}}],"collection":[{"href":"https:\/\/www.europesays.com\/no\/wp-json\/wp\/v2\/posts"}],"about":[{"href":"https:\/\/www.europesays.com\/no\/wp-json\/wp\/v2\/types\/post"}],"author":[{"embeddable":true,"href":"https:\/\/www.europesays.com\/no\/wp-json\/wp\/v2\/users\/2"}],"replies":[{"embeddable":true,"href":"https:\/\/www.europesays.com\/no\/wp-json\/wp\/v2\/comments?post=88030"}],"version-history":[{"count":0,"href":"https:\/\/www.europesays.com\/no\/wp-json\/wp\/v2\/posts\/88030\/revisions"}],"wp:featuredmedia":[{"embeddable":true,"href":"https:\/\/www.europesays.com\/no\/wp-json\/wp\/v2\/media\/88031"}],"wp:attachment":[{"href":"https:\/\/www.europesays.com\/no\/wp-json\/wp\/v2\/media?parent=88030"}],"wp:term":[{"taxonomy":"category","embeddable":true,"href":"https:\/\/www.europesays.com\/no\/wp-json\/wp\/v2\/categories?post=88030"},{"taxonomy":"post_tag","embeddable":true,"href":"https:\/\/www.europesays.com\/no\/wp-json\/wp\/v2\/tags?post=88030"}],"curies":[{"name":"wp","href":"https:\/\/api.w.org\/{rel}","templated":true}]}}