{"id":88034,"date":"2025-11-15T17:24:10","date_gmt":"2025-11-15T17:24:10","guid":{"rendered":"https:\/\/www.europesays.com\/no\/88034\/"},"modified":"2025-11-15T17:24:10","modified_gmt":"2025-11-15T17:24:10","slug":"verdal-brann-rykket-ut-til-brann-i-garasje","status":"publish","type":"post","link":"https:\/\/www.europesays.com\/no\/88034\/","title":{"rendered":"Verdal, Brann | Rykket ut til brann i garasje"},"content":{"rendered":"\n<p>Klokken 17.18 l\u00f8rdag ettermiddag melder politiet at de har f\u00e5tt melding om brann i en garasje p\u00e5 \u00d8rmelen i Verdal.<\/p>\n<p>\u2013 N\u00f8detatene er p\u00e5 veg til stedet, opplyser operasjonsleder Trond Hangaas i Tr\u00f8ndelag politidistrikt.<\/p>\n<p>20 minutter senere opplyser han at b\u00e5de politi og brannvesen er p\u00e5 stedet.<\/p>\n<p>\u2013 Brannvesenet har f\u00e5tt slukket brannen, sier han.<\/p>\n<p>   <img decoding=\"async\" width=\"4032\" height=\"3024\" fetchpriority=\"low\"  loading=\"lazy\"  src=\"https:\/\/www.europesays.com\/no\/wp-content\/uploads\/2025\/11\/photo+%288%29.jpg\" alt=\"\" class=\"brick-c-cFOWSL\" style=\"--brick-image-ratio: 4032 \/ 3024;\"\/><\/p>\n<p>      Foto: Synne Wekre Kvistad\n    <\/p>\n<p>  Varslet av forbipasserende<\/p>\n<p>Politif\u00f8rstebetjent Roger Bollerud forteller til Tr\u00f8nder-Avisas reporter p\u00e5 stedet at det har v\u00e6rt r\u00f8ykutvikling og flammer i en bod i en garasje.<\/p>\n<p>\u2013 Det var forbipasserende som oppdaget r\u00f8yken og ringte inn, sier han.<\/p>\n<p>Politiet har ogs\u00e5 en formening om hvordan brannen oppstod.<\/p>\n<p>\u2013 Uten at vi har gjort de helt store unders\u00f8kelsene tyder det p\u00e5 at en askeb\u00f8tte har blitt satt ut. Der har det nok ulmet, og det er \u00e5rsaken til brannen, sier Bollerud.<\/p>\n<p>   <img decoding=\"async\" width=\"4032\" height=\"3024\" fetchpriority=\"low\"  loading=\"lazy\"  src=\"https:\/\/www.europesays.com\/no\/wp-content\/uploads\/2025\/11\/photo+%2810%29.jpg\" alt=\"\" class=\"brick-c-cFOWSL\" style=\"--brick-image-ratio: 4032 \/ 3024;\"\/><\/p>\n<p>      Foto: Synne Wekre Kvistad\n    <\/p>\n<p>  Kunne blitt dramatisk<\/p>\n<p>Bollerud mener det kan v\u00e6re greit \u00e5 legge inn en p\u00e5minnelse om at askeb\u00f8tta m\u00e5 settes ute, ikke inne.<\/p>\n<p>\u2013 Det n\u00e6rmer seg fyringstid, s\u00e5 det kan v\u00e6re en grei p\u00e5minnelse. Dette gikk veldig bra, men det er ganske tett her. Hadde det blitt fullt flammehav s\u00e5 kunne det blitt dramatisk med tanke p\u00e5 at det er s\u00e5 n\u00e6rt huset, sier han.<\/p>\n","protected":false},"excerpt":{"rendered":"Klokken 17.18 l\u00f8rdag ettermiddag melder politiet at de har f\u00e5tt melding om brann i en garasje p\u00e5 \u00d8rmelen&hellip;\n","protected":false},"author":2,"featured_media":88035,"comment_status":"","ping_status":"","sticky":false,"template":"","format":"standard","meta":{"footnotes":""},"categories":[10],"tags":[36,367,20,21,24,25,15,22,23,13,30,28,29,14,16,1510,6603,26,27,941,2133],"class_list":{"0":"post-88034","1":"post","2":"type-post","3":"status-publish","4":"format-standard","5":"has-post-thumbnail","7":"category-norge","8":"tag-art","9":"tag-brann","10":"tag-breaking-news","11":"tag-breakingnews","12":"tag-featured-news","13":"tag-featurednews","14":"tag-headlines","15":"tag-latest-news","16":"tag-latestnews","17":"tag-news","18":"tag-no","19":"tag-norge","20":"tag-norway","21":"tag-nyheter","22":"tag-overskrifter","23":"tag-story","24":"tag-ta-iv","25":"tag-top-stories","26":"tag-topstories","27":"tag-ulykker-og-hendelser","28":"tag-verdal"},"share_on_mastodon":{"url":"https:\/\/pubeurope.com\/@no\/115554881803285256","error":""},"_links":{"self":[{"href":"https:\/\/www.europesays.com\/no\/wp-json\/wp\/v2\/posts\/88034","targetHints":{"allow":["GET"]}}],"collection":[{"href":"https:\/\/www.europesays.com\/no\/wp-json\/wp\/v2\/posts"}],"about":[{"href":"https:\/\/www.europesays.com\/no\/wp-json\/wp\/v2\/types\/post"}],"author":[{"embeddable":true,"href":"https:\/\/www.europesays.com\/no\/wp-json\/wp\/v2\/users\/2"}],"replies":[{"embeddable":true,"href":"https:\/\/www.europesays.com\/no\/wp-json\/wp\/v2\/comments?post=88034"}],"version-history":[{"count":0,"href":"https:\/\/www.europesays.com\/no\/wp-json\/wp\/v2\/posts\/88034\/revisions"}],"wp:featuredmedia":[{"embeddable":true,"href":"https:\/\/www.europesays.com\/no\/wp-json\/wp\/v2\/media\/88035"}],"wp:attachment":[{"href":"https:\/\/www.europesays.com\/no\/wp-json\/wp\/v2\/media?parent=88034"}],"wp:term":[{"taxonomy":"category","embeddable":true,"href":"https:\/\/www.europesays.com\/no\/wp-json\/wp\/v2\/categories?post=88034"},{"taxonomy":"post_tag","embeddable":true,"href":"https:\/\/www.europesays.com\/no\/wp-json\/wp\/v2\/tags?post=88034"}],"curies":[{"name":"wp","href":"https:\/\/api.w.org\/{rel}","templated":true}]}}