{"id":88036,"date":"2025-11-15T17:25:11","date_gmt":"2025-11-15T17:25:11","guid":{"rendered":"https:\/\/www.europesays.com\/no\/88036\/"},"modified":"2025-11-15T17:25:11","modified_gmt":"2025-11-15T17:25:11","slug":"nyheter-lysfesten-folkevandring-ut-av-sentrum-etter-lysfesten","status":"publish","type":"post","link":"https:\/\/www.europesays.com\/no\/88036\/","title":{"rendered":"Nyheter, Lysfesten | Folkevandring ut av sentrum etter Lysfesten"},"content":{"rendered":"\n<p>P\u00e5 forh\u00e5nd hadde Skyss satt opp ekstra busser og b\u00e5ter ut fra sentrum og 25 vektere for \u00e5 veilede dem som skal av g\u00e5rde.<\/p>\n<p>Fylkeskommunen hadde prioritert trafikklysene ut fra parkeringshusene, for at trafikken skal flyte mest mulig smidig.<\/p>\n<p>Men det var fremdeles sv\u00e6rt mange mennesker som skulle reise fra sentrum samtidig etter at Lysfesten ble avsluttet litt etter klokken 17 l\u00f8rdag ettermiddag.<\/p>\n<p>Det var tjukt med folk p\u00e5 og rundt Festplassen da den ble avsluttet, og fra busstasjonen, som ogs\u00e5 er endestopp for Bybanen frem til klokken 18, var det tett med folk og lange k\u00f8er til Bybanen klokken 1730, rapporterte BAs utsendte.<\/p>\n<p>Selv om det var lange k\u00f8er og mye folk, ble massene tatt unna fortl\u00f8pende.<\/p>\n<p>Bybanen gikk if\u00f8lge lystavlene p\u00e5 stedet hvert 3. minutt og folk ble gjett om bord etter hvert som banene kom.<\/p>\n<p>   <img decoding=\"async\" width=\"4000\" height=\"3000\" fetchpriority=\"low\"  loading=\"lazy\"  src=\"https:\/\/www.europesays.com\/no\/wp-content\/uploads\/2025\/11\/20251115_173555.jpg\" alt=\"\" class=\"brick-c-cFOWSL\" style=\"--brick-image-ratio: 4000 \/ 3000;\"\/><\/p>\n<p>BAs reporter anslo at det var tre til fem minutters ventetid for \u00e5 komme med p\u00e5 en bane p\u00e5 det mest hektiske.<\/p>\n<p>Like f\u00f8r Lysfesten ble avsluttet m\u00e5tte Fl\u00f8yfjellstunnelen stenge en periode p\u00e5 grunn av en trafikkulykke, noe som medf\u00f8rte lange k\u00f8er inn mot sentrum.<\/p>\n<p>Som f\u00f8lge av stengingen var det allerede f\u00f8r Lysfesten ble avsluttet mye k\u00f8 gjennom sentrum som f\u00f8lge av at trafikken ble omdirigert, if\u00f8lge trafikkoperat\u00f8r Tom Erik Englaugstad ved Vegtrafikksentralen.<\/p>\n<p>Utenfor Bygarasjen hvor BAs reporter befant seg, var det likevel ikke noen voldsom bilk\u00f8 \u00e5 snakke om.<\/p>\n<p>   <img decoding=\"async\" width=\"4000\" height=\"3000\" fetchpriority=\"low\"  loading=\"lazy\"  src=\"https:\/\/www.europesays.com\/no\/wp-content\/uploads\/2025\/11\/20251115_171827.jpg\" alt=\"\" class=\"brick-c-cFOWSL\" style=\"--brick-image-ratio: 4000 \/ 3000;\"\/><\/p>\n<p>   <img decoding=\"async\" width=\"4000\" height=\"3000\" fetchpriority=\"low\"  loading=\"lazy\"  src=\"https:\/\/www.europesays.com\/no\/wp-content\/uploads\/2025\/11\/20251115_172630.jpg\" alt=\"\" class=\"brick-c-cFOWSL\" style=\"--brick-image-ratio: 4000 \/ 3000;\"\/><\/p>\n<p>      Folk venter p\u00e5 bussen til Knarvik.<br \/>\n      Foto: SINDRE WIIK\n    <\/p>\n","protected":false},"excerpt":{"rendered":"P\u00e5 forh\u00e5nd hadde Skyss satt opp ekstra busser og b\u00e5ter ut fra sentrum og 25 vektere for \u00e5&hellip;\n","protected":false},"author":2,"featured_media":88037,"comment_status":"","ping_status":"","sticky":false,"template":"","format":"standard","meta":{"footnotes":""},"categories":[5],"tags":[36,20,21,24,25,15,19,3024,22,23,11642,17,18,13,30,28,29,14,16,1510,26,27],"class_list":{"0":"post-88036","1":"post","2":"type-post","3":"status-publish","4":"format-standard","5":"has-post-thumbnail","7":"category-overskrifter","8":"tag-art","9":"tag-breaking-news","10":"tag-breakingnews","11":"tag-featured-news","12":"tag-featurednews","13":"tag-headlines","14":"tag-hovedoppslag","15":"tag-ko","16":"tag-latest-news","17":"tag-latestnews","18":"tag-lysfesten","19":"tag-main-news","20":"tag-mainnews","21":"tag-news","22":"tag-no","23":"tag-norge","24":"tag-norway","25":"tag-nyheter","26":"tag-overskrifter","27":"tag-story","28":"tag-top-stories","29":"tag-topstories"},"share_on_mastodon":{"url":"https:\/\/pubeurope.com\/@no\/115554885628496263","error":""},"_links":{"self":[{"href":"https:\/\/www.europesays.com\/no\/wp-json\/wp\/v2\/posts\/88036","targetHints":{"allow":["GET"]}}],"collection":[{"href":"https:\/\/www.europesays.com\/no\/wp-json\/wp\/v2\/posts"}],"about":[{"href":"https:\/\/www.europesays.com\/no\/wp-json\/wp\/v2\/types\/post"}],"author":[{"embeddable":true,"href":"https:\/\/www.europesays.com\/no\/wp-json\/wp\/v2\/users\/2"}],"replies":[{"embeddable":true,"href":"https:\/\/www.europesays.com\/no\/wp-json\/wp\/v2\/comments?post=88036"}],"version-history":[{"count":0,"href":"https:\/\/www.europesays.com\/no\/wp-json\/wp\/v2\/posts\/88036\/revisions"}],"wp:featuredmedia":[{"embeddable":true,"href":"https:\/\/www.europesays.com\/no\/wp-json\/wp\/v2\/media\/88037"}],"wp:attachment":[{"href":"https:\/\/www.europesays.com\/no\/wp-json\/wp\/v2\/media?parent=88036"}],"wp:term":[{"taxonomy":"category","embeddable":true,"href":"https:\/\/www.europesays.com\/no\/wp-json\/wp\/v2\/categories?post=88036"},{"taxonomy":"post_tag","embeddable":true,"href":"https:\/\/www.europesays.com\/no\/wp-json\/wp\/v2\/tags?post=88036"}],"curies":[{"name":"wp","href":"https:\/\/api.w.org\/{rel}","templated":true}]}}