{"id":88042,"date":"2025-11-15T17:38:12","date_gmt":"2025-11-15T17:38:12","guid":{"rendered":"https:\/\/www.europesays.com\/no\/88042\/"},"modified":"2025-11-15T17:38:12","modified_gmt":"2025-11-15T17:38:12","slug":"brann-oslo-full-overtenning-i-enebolig-i-oslo-naboer-bedt-om-a-lukke-vinduer-2","status":"publish","type":"post","link":"https:\/\/www.europesays.com\/no\/88042\/","title":{"rendered":"Brann, Oslo | Full overtenning i enebolig i Oslo \u2013 naboer bedt om \u00e5 lukke vinduer"},"content":{"rendered":"\n<p>En enebolig i Amagerveien p\u00e5 Hovseter i Oslo st\u00e5r i full fyr l\u00f8rdag ettermiddag.<\/p>\n<p>Politiet fikk melding om mistenkelig r\u00f8yk fra boligen klokken 16.03. Kort tid senere meldte operasjonsleder Gabriel Langfeldt at det er \u00abfull overtenning i andre etasje\u00bb, og at det kommer \u00absv\u00e6rt mye sort r\u00f8yk\u00bb fra huset.<\/p>\n<p>Naboer og virksomheter i omr\u00e5det blir bedt om \u00e5 lukke vinduer og sl\u00e5 av ventilasjonsanlegg.<\/p>\n<p>Det er forel\u00f8pig ikke meldt om skadde personer. Brannvesenet er p\u00e5 stedet og jobber seg inn i boligen for \u00e5 unders\u00f8ke.<\/p>\n<p>Klokken 16.07 opplyste Langfeldt at det per n\u00e5 ikke er spredningsfare til andre boliger, og at politiet arbeider med \u00e5 avklare at alle beboere er evakuert.<\/p>\n<p>Like etterp\u00e5 melder Langfeldt at at totalt seks personer er evakuert fra boligen. Alle fremst\u00e5r uskadd, men blir unders\u00f8kt av ambulanse.<\/p>\n<p>   <img decoding=\"async\" width=\"6000\" height=\"4000\" fetchpriority=\"low\"  loading=\"lazy\"  src=\"https:\/\/www.europesays.com\/no\/wp-content\/uploads\/2025\/11\/NTB_rFT4CZ38648.jpg\" alt=\"Oslo 20251115. &#10;Det brenner i en bolig p\u00e5 Hovseter i Oslo l\u00f8rdag kveld.&#10;Foto: Jonas Been Henriksen \/ NTB\" class=\"brick-c-cFOWSL\" style=\"--brick-image-ratio: 6000 \/ 4000;\"\/><\/p>\n<p>      BRENNER: Det brenner i en bolig p\u00e5 Hovseter i Oslo l\u00f8rdag kveld.<br \/>\n      Foto: Jonas Been Henriksen \/ NTB\n    <\/p>\n<p>  Sl\u00e5tt ned flammene<\/p>\n<p>Klokken 16.30 melder politiet at brannvesenet har f\u00e5tt sl\u00e5tt ned flammene, men det er fortsatt sv\u00e6rt r\u00f8ykfullt. Mannskapene jobber med \u00e5 lokalisere arnestedet.<\/p>\n<p>Innsatsleder i politiet Tore Barstad bekrefter at brannvesenet har kontroll.<\/p>\n<p>\u2013 Men de har ikke slukket brannen. Den sitter litt fast i etasjeskilleren, sier han til <a href=\"https:\/\/www.ao.no\/brann-pa-hovseter-full-overtenning\/s\/30-128-8689\" rel=\"Follow nofollow noopener\" target=\"_blank\">Avisa Oslo<\/a> (AO).<\/p>\n<p>   <img decoding=\"async\" width=\"1200\" height=\"900\" fetchpriority=\"low\"  loading=\"lazy\"  src=\"https:\/\/www.europesays.com\/no\/wp-content\/uploads\/2025\/11\/851a4eea-dc32-4676-a36d-d163c84c9bd8.jpeg\" alt=\"\" class=\"brick-c-cFOWSL\" style=\"--brick-image-ratio: 1200 \/ 900;\"\/><\/p>\n<p>      P\u00c5 STEDET: Innsatsleder p\u00e5 stedet Tore Barstad.<br \/>\n      Foto: Solfrid Marie Skaret (Avisa Oslo)\n    <\/p>\n<p>  Luktet plutselig r\u00f8yk<\/p>\n<p>Kristin Saugerud (44) er nabo til det aktuelle bygget.<\/p>\n<p>Mannen hennes var ut da han plutselig luktet r\u00f8yk.<\/p>\n<p>\u2013 Han trodde det var noen som hadde v\u00e6rt uforsiktig med fyrverkeri, sier hun til <a href=\"https:\/\/www.ao.no\/brann-pa-hovseter-full-overtenning\/s\/30-128-8689\" rel=\"Follow nofollow noopener\" target=\"_blank\">AO<\/a>.<\/p>\n<p><b>\u2013 Vi sto p\u00e5 trappen hos oss, og s\u00e5 at det lyste skikkelig p\u00e5 taket.<\/b><\/p>\n<p>Hun forteller at brannvesenet ankom stedet raskt.<\/p>\n","protected":false},"excerpt":{"rendered":"En enebolig i Amagerveien p\u00e5 Hovseter i Oslo st\u00e5r i full fyr l\u00f8rdag ettermiddag. Politiet fikk melding om&hellip;\n","protected":false},"author":2,"featured_media":88043,"comment_status":"","ping_status":"","sticky":false,"template":"","format":"standard","meta":{"footnotes":""},"categories":[10],"tags":[20,21,24,25,15,22,23,13,30,28,29,14,16,26,27],"class_list":{"0":"post-88042","1":"post","2":"type-post","3":"status-publish","4":"format-standard","5":"has-post-thumbnail","7":"category-norge","8":"tag-breaking-news","9":"tag-breakingnews","10":"tag-featured-news","11":"tag-featurednews","12":"tag-headlines","13":"tag-latest-news","14":"tag-latestnews","15":"tag-news","16":"tag-no","17":"tag-norge","18":"tag-norway","19":"tag-nyheter","20":"tag-overskrifter","21":"tag-top-stories","22":"tag-topstories"},"share_on_mastodon":{"url":"https:\/\/pubeurope.com\/@no\/115554937105065425","error":""},"_links":{"self":[{"href":"https:\/\/www.europesays.com\/no\/wp-json\/wp\/v2\/posts\/88042","targetHints":{"allow":["GET"]}}],"collection":[{"href":"https:\/\/www.europesays.com\/no\/wp-json\/wp\/v2\/posts"}],"about":[{"href":"https:\/\/www.europesays.com\/no\/wp-json\/wp\/v2\/types\/post"}],"author":[{"embeddable":true,"href":"https:\/\/www.europesays.com\/no\/wp-json\/wp\/v2\/users\/2"}],"replies":[{"embeddable":true,"href":"https:\/\/www.europesays.com\/no\/wp-json\/wp\/v2\/comments?post=88042"}],"version-history":[{"count":0,"href":"https:\/\/www.europesays.com\/no\/wp-json\/wp\/v2\/posts\/88042\/revisions"}],"wp:featuredmedia":[{"embeddable":true,"href":"https:\/\/www.europesays.com\/no\/wp-json\/wp\/v2\/media\/88043"}],"wp:attachment":[{"href":"https:\/\/www.europesays.com\/no\/wp-json\/wp\/v2\/media?parent=88042"}],"wp:term":[{"taxonomy":"category","embeddable":true,"href":"https:\/\/www.europesays.com\/no\/wp-json\/wp\/v2\/categories?post=88042"},{"taxonomy":"post_tag","embeddable":true,"href":"https:\/\/www.europesays.com\/no\/wp-json\/wp\/v2\/tags?post=88042"}],"curies":[{"name":"wp","href":"https:\/\/api.w.org\/{rel}","templated":true}]}}