{"id":88055,"date":"2025-11-15T17:53:10","date_gmt":"2025-11-15T17:53:10","guid":{"rendered":"https:\/\/www.europesays.com\/no\/88055\/"},"modified":"2025-11-15T17:53:10","modified_gmt":"2025-11-15T17:53:10","slug":"han-kjemper-sin-kamp","status":"publish","type":"post","link":"https:\/\/www.europesays.com\/no\/88055\/","title":{"rendered":"\u2013 Han kjemper sin kamp"},"content":{"rendered":"\n<p class=\"_lead_o9xde_2 _lead_xtcu6_50 layout-component text-serif-m layout-normal text-serif-l layout-component layout-wide layout-padded _wide_17hqh_1 layout-padded\">Landslagssjefen brukte anledningen p\u00e5 podiet i Milano til \u00e5 hilse til tidligere landslagssjef \u00c5ge Hareide.<\/p>\n<p><img alt=\" Foto: James Gill \u2013 Danehouse \/ Getty Images\" class=\"_image_qp4xg_65 layout-component layout-wide\" data-fullscreen- data-track-element-type=\"Article image fullscreen\" data-track-name=\"ImageFullscreen\" fetchpriority=\"high\" decoding=\"sync\" loading=\"eager\" height=\"3648\" itemprop=\"image\"  src=\"https:\/\/www.europesays.com\/no\/wp-content\/uploads\/2025\/11\/7c3c97aa-9971-4afa-95ea-c955fcb343cf\"  style=\"object-position:0% 0%\" width=\"5472\"\/> Foto: James Gill \u2013 Danehouse \/ Getty ImagesMilano\/Oslo Oppdatert l\u00f8rdag 15. november kl. 18:45     <\/p>\n<p class=\"_paragraph_o9xde_4 _paragraph_xtcu6_10 layout-component text-serif-m layout-normal text-serif-m layout-padded\">\u2013 Jeg vil sende en hilsen i dag.<\/p>\n<p class=\"_paragraph_o9xde_4 _paragraph_xtcu6_10 layout-component text-serif-m layout-normal text-serif-m layout-padded\">Slik startet landslagssjef St\u00e5le Solbakken den norske delen av pressekonferansen dagen f\u00f8r Norges VM-skjebne skal forsegles i Italia. <\/p>\n<p class=\"_paragraph_o9xde_4 _paragraph_xtcu6_10 layout-component text-serif-m layout-normal text-serif-m layout-padded\">\u2013 Det er en slags skjebnekamp (for Norge). Jeg sender en hilsen til \u00c5ge Hareide som kjemper sin kamp. Han er en av de st\u00f8rste spillerne. Den andre (nordmann) gjennom tidene i engelsk fotball. Stor trenerkarriere. Seier i Danmark, Sverige, Norge. Har som en av f\u00e5 nordmenn VM-erfaring som trener. Og som vet hva dette dreier seg om, sier Solbakken fra podiet.<\/p>\n<p><img alt=\"St\u00e5le Solbakken p\u00e5 podiet i Milano f\u00f8r skjebnekampen mot Italia.  Foto: Bj\u00f8rn S. Delebekk \/ VG\" class=\"_image_qp4xg_65 layout-component layout-normal\" data-fullscreen- data-track-element-type=\"Article image fullscreen\" data-track-name=\"ImageFullscreen\" decoding=\"async\" loading=\"lazy\" height=\"4272\" itemprop=\"image\"  src=\"https:\/\/www.europesays.com\/no\/wp-content\/uploads\/2025\/11\/ca159afc-e9bd-46bf-aab6-65d61d08b562\"  style=\"object-position:0% 0%\" width=\"6400\"\/>St\u00e5le Solbakken p\u00e5 podiet i Milano f\u00f8r skjebnekampen mot Italia.  Foto: Bj\u00f8rn S. Delebekk \/ VG<\/p>\n<p class=\"_paragraph_o9xde_4 _paragraph_xtcu6_10 layout-component text-serif-m layout-normal text-serif-m layout-padded\">Hareide tok Danmark til VM i 2018. Den gang ble det exit i \u00e5ttedelsfinalen mot Kroatia. I 1981 gikk Hareide fra Molde til Manchester City. Hareide spilte ogs\u00e5 for Norwich.<\/p>\n<p class=\"_paragraph_o9xde_4 _paragraph_xtcu6_10 layout-component text-serif-m layout-normal text-serif-m layout-padded\">VG er kjent med at \u00c5ge Hareide er alvorlig syk. <\/p>\n<p class=\"_paragraph_o9xde_4 _paragraph_xtcu6_10 layout-component text-serif-m layout-normal text-serif-m layout-padded\">Solbakken bekrefter overfor VG at hilsenen var avklart med Hareide.<\/p>\n<p class=\"_paragraph_o9xde_4 _paragraph_xtcu6_10 layout-component text-serif-m layout-normal text-serif-m layout-padded\">VG har tatt kontakt med \u00c5ge Hareide og familien ang\u00e5ende omtalen av sykdommen, men har ikke f\u00e5tt svar.<\/p>\n<p class=\"_paragraph_o9xde_4 _paragraph_xtcu6_10 layout-component text-serif-m layout-normal text-serif-m layout-padded\">Tidligere l\u00f8rdag landet Hareide i Milano sammen med Kjell Inge R\u00f8kke.<\/p>\n<p class=\"_paragraph_o9xde_4 _paragraph_xtcu6_10 layout-component text-serif-m layout-normal text-serif-m layout-padded\">\u2013 Han er her i dag \u2013 i Milano \u2013 og skal se kampen. Kanskje f\u00e5r vi se han i garderoben i morgen. Det har vi i hvert fall diskutert. Jeg \u00f8nsker \u00c5ge all hell og lykke i den kampen han st\u00e5r i n\u00e5, fortsetter Solbakken.<\/p>\n<p class=\"_paragraph_o9xde_4 _paragraph_xtcu6_10 layout-component text-serif-m layout-normal text-serif-m layout-padded\">VG spurte Solbakken om det gir kampen et ekstra perspektiv at Hareide er p\u00e5 plass i den italienske byen.<\/p>\n<p class=\"_paragraph_o9xde_4 _paragraph_xtcu6_10 layout-component text-serif-m layout-normal text-serif-m layout-padded\">\u2013 Det er et nytt godt argument for \u00e5 prestere, svarer Solbakken.<\/p>\n<p class=\"_paragraph_o9xde_4 _paragraph_xtcu6_10 layout-component text-serif-m layout-normal text-serif-m layout-padded\">Landslagssjefen vil ikke g\u00e5 inn p\u00e5 hvilken kamp Hareide kjemper.<\/p>\n<p class=\"_paragraph_o9xde_4 _paragraph_xtcu6_10 layout-component text-serif-m layout-normal text-serif-m layout-padded\">\u2013 Nei, den er privat. Det m\u00e5 \u00c5ge gj\u00f8re selv, jeg sier bare at han kjemper sin kamp. Han avsluttet karrieren sent og siden har han v\u00e6rt en fremragende journalist for NRK, men han er ikke her, svarer Solbakken p\u00e5 sp\u00f8rsm\u00e5l om han vil utdype.<\/p>\n","protected":false},"excerpt":{"rendered":"Landslagssjefen brukte anledningen p\u00e5 podiet i Milano til \u00e5 hilse til tidligere landslagssjef \u00c5ge Hareide. Foto: James Gill&hellip;\n","protected":false},"author":2,"featured_media":88056,"comment_status":"","ping_status":"","sticky":false,"template":"","format":"standard","meta":{"footnotes":""},"categories":[5],"tags":[11648,20,21,24,25,92,15,3163,19,22,23,17,18,13,30,28,29,14,16,26,27],"class_list":{"0":"post-88055","1":"post","2":"type-post","3":"status-publish","4":"format-standard","5":"has-post-thumbnail","7":"category-overskrifter","8":"tag-age-hareide","9":"tag-breaking-news","10":"tag-breakingnews","11":"tag-featured-news","12":"tag-featurednews","13":"tag-fotball","14":"tag-headlines","15":"tag-herrelandslaget-fotball","16":"tag-hovedoppslag","17":"tag-latest-news","18":"tag-latestnews","19":"tag-main-news","20":"tag-mainnews","21":"tag-news","22":"tag-no","23":"tag-norge","24":"tag-norway","25":"tag-nyheter","26":"tag-overskrifter","27":"tag-top-stories","28":"tag-topstories"},"share_on_mastodon":{"url":"https:\/\/pubeurope.com\/@no\/115554995974358331","error":""},"_links":{"self":[{"href":"https:\/\/www.europesays.com\/no\/wp-json\/wp\/v2\/posts\/88055","targetHints":{"allow":["GET"]}}],"collection":[{"href":"https:\/\/www.europesays.com\/no\/wp-json\/wp\/v2\/posts"}],"about":[{"href":"https:\/\/www.europesays.com\/no\/wp-json\/wp\/v2\/types\/post"}],"author":[{"embeddable":true,"href":"https:\/\/www.europesays.com\/no\/wp-json\/wp\/v2\/users\/2"}],"replies":[{"embeddable":true,"href":"https:\/\/www.europesays.com\/no\/wp-json\/wp\/v2\/comments?post=88055"}],"version-history":[{"count":0,"href":"https:\/\/www.europesays.com\/no\/wp-json\/wp\/v2\/posts\/88055\/revisions"}],"wp:featuredmedia":[{"embeddable":true,"href":"https:\/\/www.europesays.com\/no\/wp-json\/wp\/v2\/media\/88056"}],"wp:attachment":[{"href":"https:\/\/www.europesays.com\/no\/wp-json\/wp\/v2\/media?parent=88055"}],"wp:term":[{"taxonomy":"category","embeddable":true,"href":"https:\/\/www.europesays.com\/no\/wp-json\/wp\/v2\/categories?post=88055"},{"taxonomy":"post_tag","embeddable":true,"href":"https:\/\/www.europesays.com\/no\/wp-json\/wp\/v2\/tags?post=88055"}],"curies":[{"name":"wp","href":"https:\/\/api.w.org\/{rel}","templated":true}]}}