{"id":88061,"date":"2025-11-15T18:01:12","date_gmt":"2025-11-15T18:01:12","guid":{"rendered":"https:\/\/www.europesays.com\/no\/88061\/"},"modified":"2025-11-15T18:01:12","modified_gmt":"2025-11-15T18:01:12","slug":"han-er-veldig-flau","status":"publish","type":"post","link":"https:\/\/www.europesays.com\/no\/88061\/","title":{"rendered":"&#8211; Han er veldig flau"},"content":{"rendered":"<p class=\"kicker \" style=\"\">BBC-skandalen<\/p>\n<p>  President Donald Trump bekrefter at han vil g\u00e5 til rettslige skritt mot BBC neste uke.\u00a0<\/p>\n<p>\n    SKAL RINGES: President Donald Trump sier at han skal ringe Storbritannias statsminister Keir Starmer etter BCC-skandalen. Foto: Evan Vucci\/AFP\/NTB\n  <\/p>\n<p>&#8211; Jeg tror jeg m\u00e5 gj\u00f8re det. Alts\u00e5, de har jo til og med innr\u00f8mmet at de jukset, sier Trump om s\u00f8ksm\u00e5let mot den britiske rikskringskasteren.\u00a0\u00a0<\/p>\n<p> S\u00f8ksm\u00e5let vil v\u00e6re p\u00e5 mellom 1 og 5 milliarder dollar, varsler presidenten i en s\u00e5kalt gaggle med journalister ombord p\u00e5 Air Force One natt til l\u00f8rdag. <\/p>\n<p> Kravet kommer etter at BBC misvisende redigerte en tale Trump holdt f\u00f8r stormingen av Kongressen 6. januar 2021. <\/p>\n<p>    <a itemprop=\"url\" href=\"https:\/\/www.dagbladet.no\/nyheter\/bbc-topper-gar-av-etter-trump-dokumentar\/83829904\" rel=\"nofollow noopener\" target=\"_blank\"><\/p>\n<p>      <img loading=\"lazy\" decoding=\"async\" src=\"https:\/\/www.europesays.com\/no\/wp-content\/uploads\/2025\/11\/83829918.webp\" width=\"980\" height=\"441\" title=\"BBC-topper g\u00e5r av etter Trump-dokumentar\" alt=\"\" class=\"lazyload\" style=\"--aspect-ratio-image: 2.22; \"\/><\/p>\n<p>        BBC-topper g\u00e5r av etter Trump-dokumentar<\/p>\n<p>    <\/a><\/p>\n<p> Trump sier ogs\u00e5 at han skal ringe Storbritannias statsminister Keir Starmer. <\/p>\n<p>&#8211; Jeg har ikke snakket med ham enn\u00e5, men kommer til \u00e5 ringe ham i l\u00f8pet av helga. Han la faktisk igjen en beskjed til meg. Han er veldig flau, sier Trump.\u00a0<\/p>\n<p>Han hevder ogs\u00e5 at det britiske folket er \u00abveldig sinte\u00bb.\u00a0<\/p>\n<p> &#8211; For det avsl\u00f8rer at BBC er \u00abfake news\u00bb. Du og jeg har jo visst det lenge, men vi visste ikke at det var s\u00e5 fake, sier presidenten. <\/p>\n<p>        STORMER: Onsdag sa Det hvite hus\u2019 pressesekret\u00e6r Karoline Leavitt at Trump har g\u00e5tt til s\u00f8ksm\u00e5l mot BBC, som hun omtaler som en propagandamaskin. Video: AP. Reporter: Anabelle Bruun\/Dagbladet TV<\/p>\n<p>I BBCs redigering fremst\u00e5r det som om Trump oppfordret sine tilhengere direkte til \u00e5 bruke vold.<\/p>\n<p>&#8211; Mens BBC oppriktig angrer m\u00e5ten videoklippet ble redigert, er vi sterkt uenige i at det er grunnlag for \u00e5 kreve erstatning, skrev BBC i en uttalelse torsdag.<\/p>\n<p>    <a itemprop=\"url\" href=\"https:\/\/www.dagbladet.no\/nyheter\/bbc-avviser-kravet\/83849650\" rel=\"nofollow noopener\" target=\"_blank\"><\/p>\n<p>      <img loading=\"lazy\" decoding=\"async\" src=\"https:\/\/www.europesays.com\/no\/wp-content\/uploads\/2025\/11\/83849664.webp\" width=\"980\" height=\"441\" title=\"BBC avviser kravet\" alt=\"\" class=\"lazyload\" style=\"--aspect-ratio-image: 2.22; \"\/><\/p>\n<p>        BBC avviser kravet<\/p>\n<p>    <\/a><\/p>\n<p>BBC-sjef Samir Shah sendte samme dag et brev til Donald Trump der han beklager saken.<\/p>\n<p>S\u00f8ndag varslet b\u00e5de BBCs toppsjef Tim Davie og nyhetssjef Deborah Turness at de g\u00e5r av som f\u00f8lge av saken.<\/p>\n","protected":false},"excerpt":{"rendered":"BBC-skandalen President Donald Trump bekrefter at han vil g\u00e5 til rettslige skritt mot BBC neste uke.\u00a0 SKAL RINGES:&hellip;\n","protected":false},"author":2,"featured_media":88062,"comment_status":"","ping_status":"","sticky":false,"template":"","format":"standard","meta":{"footnotes":""},"categories":[5],"tags":[154,20,21,55,24,25,15,19,22,23,17,18,13,30,28,29,14,16,26,27,50,412],"class_list":{"0":"post-88061","1":"post","2":"type-post","3":"status-publish","4":"format-standard","5":"has-post-thumbnail","7":"category-overskrifter","8":"tag-bbc","9":"tag-breaking-news","10":"tag-breakingnews","11":"tag-donald-trump","12":"tag-featured-news","13":"tag-featurednews","14":"tag-headlines","15":"tag-hovedoppslag","16":"tag-latest-news","17":"tag-latestnews","18":"tag-main-news","19":"tag-mainnews","20":"tag-news","21":"tag-no","22":"tag-norge","23":"tag-norway","24":"tag-nyheter","25":"tag-overskrifter","26":"tag-top-stories","27":"tag-topstories","28":"tag-usa","29":"tag-utenriks"},"share_on_mastodon":{"url":"https:\/\/pubeurope.com\/@no\/115555027445109343","error":""},"_links":{"self":[{"href":"https:\/\/www.europesays.com\/no\/wp-json\/wp\/v2\/posts\/88061","targetHints":{"allow":["GET"]}}],"collection":[{"href":"https:\/\/www.europesays.com\/no\/wp-json\/wp\/v2\/posts"}],"about":[{"href":"https:\/\/www.europesays.com\/no\/wp-json\/wp\/v2\/types\/post"}],"author":[{"embeddable":true,"href":"https:\/\/www.europesays.com\/no\/wp-json\/wp\/v2\/users\/2"}],"replies":[{"embeddable":true,"href":"https:\/\/www.europesays.com\/no\/wp-json\/wp\/v2\/comments?post=88061"}],"version-history":[{"count":0,"href":"https:\/\/www.europesays.com\/no\/wp-json\/wp\/v2\/posts\/88061\/revisions"}],"wp:featuredmedia":[{"embeddable":true,"href":"https:\/\/www.europesays.com\/no\/wp-json\/wp\/v2\/media\/88062"}],"wp:attachment":[{"href":"https:\/\/www.europesays.com\/no\/wp-json\/wp\/v2\/media?parent=88061"}],"wp:term":[{"taxonomy":"category","embeddable":true,"href":"https:\/\/www.europesays.com\/no\/wp-json\/wp\/v2\/categories?post=88061"},{"taxonomy":"post_tag","embeddable":true,"href":"https:\/\/www.europesays.com\/no\/wp-json\/wp\/v2\/tags?post=88061"}],"curies":[{"name":"wp","href":"https:\/\/api.w.org\/{rel}","templated":true}]}}