{"id":88071,"date":"2025-11-15T18:15:15","date_gmt":"2025-11-15T18:15:15","guid":{"rendered":"https:\/\/www.europesays.com\/no\/88071\/"},"modified":"2025-11-15T18:15:15","modified_gmt":"2025-11-15T18:15:15","slug":"todd-snider-er-dod","status":"publish","type":"post","link":"https:\/\/www.europesays.com\/no\/88071\/","title":{"rendered":"Todd Snider er d\u00f8d"},"content":{"rendered":"<p>  Den amerikanske l\u00e5tskriveren og artisten gikk bort torsdag, 59 \u00e5r gammel.<\/p>\n<p>\n    I NORGE: Todd Snider spilte konsert under Bergenfest i 2006. Foto: \u00d8yvnind R\u00f8nning \/ Dagbladet.\n  <\/p>\n<p>Det bekrefter plateselskapet Aimless Inc, p\u00e5 hans <a href=\"https:\/\/toddsnider.net\/\" target=\"_blank\" rel=\"nofollow noopener\">hjemmeside.<\/a><\/p>\n<p class=\"font-weight-bold m-font-weight-bold\" data-lab-font_weight=\"font-weight-bold\">De skriver i en uttalelse at de er knust over nyheten om hans d\u00f8dsfall:<\/p>\n<p>\u00abVi er knust over \u00e5 m\u00e5tte dele at v\u00e5r grunnlegger, v\u00e5rt folkeikon, v\u00e5r verdenspoet og historieforteller &#8211; v\u00e5r kj\u00e6re Todd Daniel Snider &#8211; har forlatt oss\u00bb.<\/p>\n<p>    <a itemprop=\"url\" href=\"https:\/\/www.seher.no\/kjendis\/savnet-pappa-i-oppveksten\/83803086\" rel=\"nofollow noopener\" target=\"_blank\"><\/p>\n<p>      <img loading=\"lazy\" decoding=\"async\" src=\"https:\/\/www.europesays.com\/no\/wp-content\/uploads\/2025\/11\/83803106.webp\" width=\"980\" height=\"441\" title=\"- Savnet pappa i oppveksten\" alt=\"\" class=\"lazyload\" style=\"--aspect-ratio-image: 2.22; \"\/><\/p>\n<p>        &#8211; Savnet pappa i oppveksten<\/p>\n<p>    <\/a><\/p>\n<p>De sier ingenting om d\u00f8ds\u00e5rsaken, men flere medier, blant dem\u00a0<a href=\"https:\/\/www.rollingstone.com\/music\/music-country\/todd-snider-walking-pneumonia-health-status-complicated-1235465454\/\" rel=\"nofollow noopener\" target=\"_blank\">Rolling Stone<\/a>, har meldt at Snider ble innlagt med dobbelsidig lungebetennelse denne uka.\u00a0<\/p>\n<p>Dagbladets tidligere musikkanmelder, \u00d8yvnind R\u00f8nning, hyller den avd\u00f8de artisten.<\/p>\n<p class=\"font-weight-bold m-font-weight-bold\" data-lab-font_weight=\"font-weight-bold\">Han omtaler Snider som \u00abet av 90-tallets st\u00f8rste talenter og en av de st\u00f8rste sangerne og l\u00e5tskriverne i moderne tid\u00bb.<\/p>\n<p>D\u00f8dsfallet kom ikke helt uventet etter flere dager med bekymringsfulle meldinger og videoklipp som viste en syk og sv\u00e6rt avmagret Snider, forteller R\u00f8nning.<\/p>\n<p>    <a itemprop=\"url\" href=\"https:\/\/www.seher.no\/kjendis\/ble-lovet-rolle-i-bytte-mot-sex\/83831971\" rel=\"nofollow noopener\" target=\"_blank\"><\/p>\n<p>      <img loading=\"lazy\" decoding=\"async\" src=\"https:\/\/www.europesays.com\/no\/wp-content\/uploads\/2025\/11\/83832000.webp\" width=\"980\" height=\"441\" title=\"Ble lovet rolle i bytte mot sex\" alt=\"\" class=\"lazyload\" style=\"--aspect-ratio-image: 2.22; \"\/><\/p>\n<p>        Ble lovet rolle i bytte mot sex<\/p>\n<p>    <\/a><\/p>\n<p>Han peker samtidig p\u00e5 artistens mange\u00e5rige rusproblemer og en livsstil som til tider hemmet ham fra \u00e5 realisere sitt fulle potensial.<\/p>\n<p>Snider fikk sitt store gjennombrudd med debutalbumet Songs For the Daily Planet i 1994.<\/p>\n<p class=\"font-weight-bold m-font-weight-bold\" data-lab-font_weight=\"font-weight-bold\">De siste \u00e5ra gjeninnspilte Snider mange av sine gamle sanger, ofte ledsaget av humoristiske historier. Hans siste album, \u00abHigh, Lonesome and Then Some\u00bb, kom 17. oktober og beskrives av R\u00f8nning som et urolig og ufokusert verk preget av artistens kamp mot avhengighet.<\/p>\n<p>Til tross for de m\u00f8rke sidene i hans liv og karriere, oppfordrer R\u00f8nning folk til \u00e5 f\u00f8rst og fremst lytte til musikken i de tidlige albumene, live-samlingen \u00abNear Truths and Hotel Rooms Live\u00bb (2003), \u00abEast Nashville Skyline\u00bb (2004).<\/p>\n","protected":false},"excerpt":{"rendered":"Den amerikanske l\u00e5tskriveren og artisten gikk bort torsdag, 59 \u00e5r gammel. I NORGE: Todd Snider spilte konsert under&hellip;\n","protected":false},"author":2,"featured_media":88072,"comment_status":"","ping_status":"","sticky":false,"template":"","format":"standard","meta":{"footnotes":""},"categories":[12],"tags":[20,21,24,25,15,479,22,23,13,30,28,29,14,16,26,27,42,43,44,45],"class_list":{"0":"post-88071","1":"post","2":"type-post","3":"status-publish","4":"format-standard","5":"has-post-thumbnail","7":"category-verden","8":"tag-breaking-news","9":"tag-breakingnews","10":"tag-featured-news","11":"tag-featurednews","12":"tag-headlines","13":"tag-kjendis","14":"tag-latest-news","15":"tag-latestnews","16":"tag-news","17":"tag-no","18":"tag-norge","19":"tag-norway","20":"tag-nyheter","21":"tag-overskrifter","22":"tag-top-stories","23":"tag-topstories","24":"tag-verden","25":"tag-world","26":"tag-world-news","27":"tag-worldnews"},"share_on_mastodon":{"url":"https:\/\/pubeurope.com\/@no\/115555082344486128","error":""},"_links":{"self":[{"href":"https:\/\/www.europesays.com\/no\/wp-json\/wp\/v2\/posts\/88071","targetHints":{"allow":["GET"]}}],"collection":[{"href":"https:\/\/www.europesays.com\/no\/wp-json\/wp\/v2\/posts"}],"about":[{"href":"https:\/\/www.europesays.com\/no\/wp-json\/wp\/v2\/types\/post"}],"author":[{"embeddable":true,"href":"https:\/\/www.europesays.com\/no\/wp-json\/wp\/v2\/users\/2"}],"replies":[{"embeddable":true,"href":"https:\/\/www.europesays.com\/no\/wp-json\/wp\/v2\/comments?post=88071"}],"version-history":[{"count":0,"href":"https:\/\/www.europesays.com\/no\/wp-json\/wp\/v2\/posts\/88071\/revisions"}],"wp:featuredmedia":[{"embeddable":true,"href":"https:\/\/www.europesays.com\/no\/wp-json\/wp\/v2\/media\/88072"}],"wp:attachment":[{"href":"https:\/\/www.europesays.com\/no\/wp-json\/wp\/v2\/media?parent=88071"}],"wp:term":[{"taxonomy":"category","embeddable":true,"href":"https:\/\/www.europesays.com\/no\/wp-json\/wp\/v2\/categories?post=88071"},{"taxonomy":"post_tag","embeddable":true,"href":"https:\/\/www.europesays.com\/no\/wp-json\/wp\/v2\/tags?post=88071"}],"curies":[{"name":"wp","href":"https:\/\/api.w.org\/{rel}","templated":true}]}}