{"id":88088,"date":"2025-11-15T18:29:08","date_gmt":"2025-11-15T18:29:08","guid":{"rendered":"https:\/\/www.europesays.com\/no\/88088\/"},"modified":"2025-11-15T18:29:08","modified_gmt":"2025-11-15T18:29:08","slug":"politiet-tok-pa-seg-voldsoppdrag-her-fikk-de-overlevert-granatene-nrk-norge-oversikt-over-nyheter-fra-ulike-deler-av-landet","status":"publish","type":"post","link":"https:\/\/www.europesays.com\/no\/88088\/","title":{"rendered":"Politiet tok p\u00e5 seg voldsoppdrag \u2013 her fikk de overlevert granatene \u2013 NRK Norge \u2013 Oversikt over nyheter fra ulike deler av landet"},"content":{"rendered":"<p>Det er ettermiddag fredag 26. september.<\/p>\n<p>P\u00e5 parkeringsplassen utenfor Ikea Furuset, \u00f8st i Oslo, venter en sivil politibetjent.<\/p>\n<p>Tre dager tidligere har det blitt <a href=\"https:\/\/www.nrk.no\/stor-oslo\/tre-mindrearige-innbrakt-etter-eksplosjon-i-oslo-1.17583132\" ec-id=\"pp:article:1.17583132\" ec-name=\"kastet to h\u00e5ndgranater mot en skj\u00f8nnhetssalong i Pilestredet\" rel=\"nofollow noopener\" target=\"_blank\">kastet to h\u00e5ndgranater mot en skj\u00f8nnhetssalong i Pilestredet<\/a>. To 13-\u00e5ringer er mistenkt for \u00e5 st\u00e5 bak angrepet.<\/p>\n<p><img decoding=\"async\"   src=\"data:image\/gif;base64,R0lGODlhAQABAIAAAAAAAP\/\/\/yH5BAEAAAAALAAAAAABAAEAAAIBRAA7\" loading=\"eager\" alt=\"Politi i Pilestredet\" title=\"Foto: Terje Pedersen \/ NTB\"\/><\/p>\n<p class=\"\">Politiet m\u00e5tte dekke til en av granatene som ble kastet, fordi den ikke gikk av. Den andre eksploderte inntil en skj\u00f8nnhetssalong.<\/p>\n<p>Foto: Terje Pedersen \/ NTB<\/p>\n<p><strong>N\u00e5 har politiet informasjon om at det er planlagt et nytt angrep, denne gangen i Sarpsborg. De har nemlig infiltrert et nettforum hvor barn rekrutteres til voldsoppdrag.<\/strong><\/p>\n<p>Ved \u00e5 utgi seg for \u00e5 v\u00e6re noen andre, pr\u00f8ver digitale politispanere \u00e5 ta p\u00e5 seg disse jobbene, f\u00f8r barn og ten\u00e5ringer gj\u00f8r det.<\/p>\n<p><img decoding=\"async\"   src=\"data:image\/gif;base64,R0lGODlhAQABAIAAAAAAAP\/\/\/yH5BAEAAAAALAAAAAABAAEAAAIBRAA7\" loading=\"eager\" alt=\"en person som bruker en datamaskin\" title=\"Foto: Tom Balgaard \/ NRK\"\/><\/p>\n<p class=\"\">En digital spaner ved Oslo politidistrikt overv\u00e5ker nettforum.<\/p>\n<p>Foto: Tom Balgaard \/ NRK<\/p>\n<p>Ogs\u00e5 f\u00f8r Pilestredet-angrepet visste politiet at noe skulle skje i Oslo. De hadde pr\u00f8vd \u00e5 ta p\u00e5 seg oppdraget for \u00e5 avverge det, men mislyktes. Jobben gikk til noen andre.<\/p>\n<p>Dermed ante ikke politiet n\u00e5r angrepet skulle skje, eller hvem som skulle utf\u00f8re det.<\/p>\n<p><strong>Men fredag 26. september f\u00e5r de napp p\u00e5 et oppdrag. Politiet blir bedt om \u00e5 m\u00f8te opp ved Ikea p\u00e5 Furuset i l\u00f8pet av kort tid.<\/strong><\/p>\n<p>Fikk to granater<\/p>\n<p>Politiinspekt\u00f8r Frode Larsen er ny sjef for enhet for etterretning og etterforskning i Oslo-politiet.<\/p>\n<p><strong>Han m\u00f8ter NRK for \u00e5 gi et sjeldent innblikk i politiets metoder for \u00e5 avverge alvorlig kriminalitet.<\/strong><\/p>\n<p>Larsen sier konflikter i de kriminelle milj\u00f8ene ikke er noe nytt, men:<\/p>\n<p>\u2013 Vi er veldig ukjent med den m\u00e5ten \u00e5 operere p\u00e5. At det ligger oppdrag ute p\u00e5 digitale plattformer som beskriver et voldsoppdrag, men som\u202fvi ikke vet hvor kommer til \u00e5 skje, sier Larsen til NRK.<\/p>\n<p><img decoding=\"async\"   src=\"data:image\/gif;base64,R0lGODlhAQABAIAAAAAAAP\/\/\/yH5BAEAAAAALAAAAAABAAEAAAIBRAA7\" loading=\"eager\" alt=\"En mann i politiuniform\" title=\"Foto: Tom Balgaard \/ NRK\"\/><\/p>\n<p class=\"\">Politiinspekt\u00f8r Frode Larsen sier kriminelle har operert p\u00e5 en m\u00e5te som har v\u00e6rt ukjent for norsk politi i sakene i h\u00f8st.<\/p>\n<p>Foto: Tom Balgaard \/ NRK<\/p>\n<p>Rundt Ikea Furuset fulgte politiet godt med. Snart kunne de se en bil rulle inn p\u00e5 parkeringsplassen.<\/p>\n<p>I bilen satt en tidligere ustraffet 31-\u00e5ringen, if\u00f8lge politiet. De mener dette er en mellommann som ble sendt av personen de digitale spanerne kommuniserte med p\u00e5 nettet.<\/p>\n<p><strong>Den sivile politibetjenten gikk ut og m\u00f8tte mannen, og fikk overlevert to h\u00e5ndgranater, forteller Larsen.<\/strong><\/p>\n<p>\u2013 Det eneste vi vet ut ifra bestillingen, er at de skulle brukes mot et n\u00e6ringsbygg i Sarpsborg, if\u00f8lge politiinspekt\u00f8r Larsen.<\/p>\n<p>Etter overleveringen dro 31-\u00e5ringen videre, if\u00f8lge politiet. De fulgte etter, og p\u00e5grep ham i n\u00e6rheten av Oslo sentrum.<\/p>\n<p><img decoding=\"async\"   src=\"data:image\/gif;base64,R0lGODlhAQABAIAAAAAAAP\/\/\/yH5BAEAAAAALAAAAAABAAEAAAIBRAA7\" loading=\"eager\" alt=\"Ikea p\u00e5 Furuset \u00f8st i Oslo, om kvelden.\" title=\"Foto: Truls Alnes Antonsen \/ Truls Alnes Antonsen \/ NRK\"\/><\/p>\n<p class=\"\">Her, p\u00e5 Ikea Furuset \u00f8st i Oslo, mener politiet at en 31-\u00e5ring leverte fra seg granater. Mannen nekter straffskyld.<\/p>\n<p>Foto: Truls Alnes Antonsen \/ Truls Alnes Antonsen \/ NRK<\/p>\n<p><strong>Politiet knytter den samme mannen til eksplosjonen i Pilestredet. De mener det var han som <a href=\"https:\/\/www.nrk.no\/norge\/mener-granatene-til-pilestredet-angrepet-ble-overlevert-pa-arvoll-pa-oslo-ost-1.17592319\" ec-id=\"pp:article:1.17592319\" ec-name=\"overleverte liknende h\u00e5ndgranater\" rel=\"nofollow noopener\" target=\"_blank\">overleverte liknende h\u00e5ndgranater<\/a> til 13-\u00e5ringene.<\/strong><\/p>\n<p>\u2013 Sakens dokumenter er klausulert, s\u00e5 jeg er forhindret fra \u00e5 kommentere innholdet i de opplysningene, sier mannens forsvarer, Bj\u00f8rn Aksel Henriksen, til NRK.<\/p>\n<p>Henriksen sier klienten ikke har v\u00e6rt i avh\u00f8r, og at han nekter straffskyld.<\/p>\n<p>Fordi politiet sikret seg h\u00e5ndgranatene, ble et mulig angrep i Sarpsborg avverget \u2013 inntil videre. For en uke senere <a href=\"https:\/\/www.nrk.no\/ostfold\/nrk-erfarer_-tre-gutter-innbrakt-etter-hendelse-i-sarpsborg-_-kobles-til-granatsaken-i-oslo-1.17593133\" ec-id=\"pp:article:1.17593133\" ec-name=\"ble det likevel skutt mot en bolig\" rel=\"nofollow noopener\" target=\"_blank\">ble det likevel skutt mot en bolig<\/a> i et rolig nabolag i samme by.<\/p>\n<p>Overv\u00e5ker oppdrag<\/p>\n<p>Politiet var tidlig ute og knyttet granatangrepet i Pilestredet <a href=\"https:\/\/www.nrk.no\/stor-oslo\/granatangrepet-i-pilestredet-kobles-til-kidnappingssak-1.17584017\" ec-id=\"pp:article:1.17584017\" ec-name=\"til det svenske, kriminelle Foxtrot-nettverket\" rel=\"nofollow noopener\" target=\"_blank\">til det svenske, kriminelle Foxtrot-nettverket<\/a>.<\/p>\n<p>En teori er at den beryktede gjengen har operert som mellommenn og rekrutterere av unge, norske voldsut\u00f8vere.<\/p>\n<p>I Sverige har nettverket god erfaring med slike oppdrag. De annonseres fortl\u00f8pende p\u00e5 sosiale medier, og barn og unge lokkes med raske penger for \u00e5 gjennomf\u00f8re voldsjobbene.<\/p>\n<p><img decoding=\"async\"   src=\"data:image\/gif;base64,R0lGODlhAQABAIAAAAAAAP\/\/\/yH5BAEAAAAALAAAAAABAAEAAAIBRAA7\" loading=\"eager\" alt=\"en gruppe mennesker som sitter ved skrivebord med datamaskiner\" title=\"Foto: Tom Balgaard \/ NRK\"\/><\/p>\n<p class=\"\">I et rom i politihuset p\u00e5 Gr\u00f8nland i Oslo sitter digitale spanere og overv\u00e5ker voldsoppdrag p\u00e5 nett.<\/p>\n<p>Foto: Tom Balgaard \/ NRK<\/p>\n<p><strong>I et eget rom p\u00e5 Gr\u00f8nland politistasjon sitter det n\u00e5 digitale spanere og overv\u00e5ker oppdragene som legges ut. De publiseres p\u00e5 sosiale medier som Instagram, TikTok og Snapchat. <\/strong><strong>Kripos har et tilsvarende rom med digitale spanere.<\/strong><\/p>\n<p>Kripos har siden h\u00f8sten 2024 jobbet systematisk med \u00e5 identifisere voldsoppdrag som blir lagt ut p\u00e5 digitale plattformer. Oppf\u00f8lging av de konkrete oppdragene gj\u00f8res i tett samarbeid med politidistriktene, med m\u00e5l om \u00e5 stanse dem.<\/p>\n<p>\u2013 Denne typen kriminalitetsbekjempelse er veldig prioritert, og vi samarbeider tett med Kripos, sier Larsen.<\/p>\n<p>Slik ser reelle annonseringer for voldsoppdrag ut, if\u00f8lge politiet:<\/p>\n<p>    <img alt=\"Et skjermbilde fra sosiale medier som viser annonsering av voldsoppdrag.\"  loading=\"lazy\"\/><img alt=\"Skjermbilde av en melding i sosiale medier som annonserer for voldsoppdrag\"  loading=\"lazy\"\/><\/p>\n<p>Disse meldingene skal v\u00e6re sendt etter Pilestredet-eksplosjonen.<\/p>\n<p>Foto: Politiet<\/p>\n<p>M\u00e5let er \u00e5 \u00abtre inn\u00bb i oppdrag, som politiet kaller det:<\/p>\n<p>Den digitale spaneren utgir seg for \u00e5 v\u00e6re en person som er villige til \u00e5 utf\u00f8re alvorlig kriminalitet.<\/p>\n<p><strong>N\u00e5r et oppdrag kommer, m\u00e5 de kaste seg rundt. Det kan g\u00e5 fort fra et oppdrag legges ut til det skal gjennomf\u00f8res, if\u00f8lge politiet. Frykten er at et barn tar p\u00e5 seg oppdraget f\u00f8r politiet.<\/strong><\/p>\n<p><img decoding=\"async\"   src=\"data:image\/gif;base64,R0lGODlhAQABAIAAAAAAAP\/\/\/yH5BAEAAAAALAAAAAABAAEAAAIBRAA7\" loading=\"eager\" alt=\"et uskarpt n\u00e6rbilde av en persons arm\" title=\"Foto: Tom Balgaard \/ NRK\"\/><\/p>\n<p class=\"\">De digitale spanerne utgir seg for \u00e5 v\u00e6re unge mennesker som vil ta p\u00e5 seg voldsoppdrag, for \u00e5 pr\u00f8ve \u00e5 avverge.<\/p>\n<p>Foto: Tom Balgaard \/ NRK<\/p>\n<p>Da fortsetter planleggingen i lukkede og krypterte chattegrupper som politiet ikke har tilgang til.<\/p>\n<p>\u2013 Det gj\u00f8r det ekstremt krevende for oss \u00e5 avdekke og stoppe den type oppdrag, sier Larsen.<\/p>\n<p>Som NRK tidligere har fortalt, har svensk politi brukt samme metode for \u00e5 forhindre drap i Norge:<\/p>\n<p>Forventet eksplosjoner<\/p>\n<p>Politiet \u00f8nsker ikke \u00e5 tallfeste hvor mange voldsoppdrag de har forhindret det siste \u00e5ret, men sier det er snakk om flere.<\/p>\n<p>Et angrep de ikke klarte \u00e5 avverge, var alts\u00e5 granatkastingen i Pilestredet. Overfor NRK bekrefter n\u00e5 politiet at de visste at et angrep kunne skje.<\/p>\n<p><strong>\u2013 Vi hadde f\u00e5tt noe informasjon om at det l\u00e5 et voldsoppdrag ute p\u00e5 digitale flater, som vi jobbet med. Men vi visste ikke hvor og hvem som skulle gjennomf\u00f8re det, sier Larsen.<\/strong><\/p>\n<p><img decoding=\"async\"   src=\"data:image\/gif;base64,R0lGODlhAQABAIAAAAAAAP\/\/\/yH5BAEAAAAALAAAAAABAAEAAAIBRAA7\" loading=\"eager\" alt=\"Bilde av en granat som ligger p\u00e5 et fotgjengerfelt. \" title=\"Foto: J\u00f8rgen Nerheim \/ NRK-tipser\"\/><\/p>\n<p class=\"\">Denne granaten ble liggende igjen udetonert i Pilestredet. Det skal ha v\u00e6rt lignende granater som ble overlevert ved Ikea.<\/p>\n<p>Foto: J\u00f8rgen Nerheim \/ NRK-tipser<\/p>\n<p>Oppdraget gikk til noen andre enn politiet. H\u00e5ndgranatene skal ha blitt overlevert til ten\u00e5ringene p\u00e5 <a href=\"https:\/\/www.nrk.no\/norge\/mener-granatene-til-pilestredet-angrepet-ble-overlevert-pa-arvoll-pa-oslo-ost-1.17592319\" ec-id=\"pp:article:1.17592319\" ec-name=\"en parkeringsplass p\u00e5 \u00c5rvoll\" rel=\"nofollow noopener\" target=\"_blank\">en parkeringsplass p\u00e5 \u00c5rvoll<\/a>, og dagen etter ble de kastet i Pilestredet.<\/p>\n<p>\u2013 Er politiet i Norge\u202fbakp\u00e5\u202fmed tanke p\u00e5 den digitale jobbingen?<\/p>\n<p><strong>\u2013 Vi er nok noe\u202fbakp\u00e5. Men vi kommer seint, men godt, tror jeg, sier Larsen.<\/strong><\/p>\n<p>Totalt er over 20 personer siktet i de ulike sakene med voldsoppdrag fra i h\u00f8st. Politiet mener motivet ligger i <a href=\"https:\/\/www.nrk.no\/norge\/polititeori_-foxtrot-truer-familie-med-drap_-granater-og-krav-pa-17-millioner-1.17601931\" ec-id=\"pp:article:1.17601931\" ec-name=\"en konflikt mellom kriminelle milj\u00f8er i Oslo\" rel=\"nofollow noopener\" target=\"_blank\">en konflikt mellom kriminelle milj\u00f8er i Oslo<\/a>, men har forgreninger til utlandet.<\/p>\n<p>For \u00e5 forhindre nye angrep, m\u00e5 bakmennene tas, mener Larsen.<\/p>\n<p>\u2013 Klarer vi\u202fikke \u00e5 ta bakmennene, vil disse oppdragene ligge der ute, sier han.<\/p>\n<p>Publisert<\/p>\n<p>15.11.2025, kl. 18.59<\/p>\n<p>Oppdatert<\/p>\n<p>15.11.2025, kl. 19.14<\/p>\n","protected":false},"excerpt":{"rendered":"Det er ettermiddag fredag 26. september. P\u00e5 parkeringsplassen utenfor Ikea Furuset, \u00f8st i Oslo, venter en sivil politibetjent.&hellip;\n","protected":false},"author":2,"featured_media":88089,"comment_status":"","ping_status":"","sticky":false,"template":"","format":"standard","meta":{"footnotes":""},"categories":[12],"tags":[20,21,24,25,15,22,23,13,30,28,29,14,16,26,27,42,43,44,45],"class_list":{"0":"post-88088","1":"post","2":"type-post","3":"status-publish","4":"format-standard","5":"has-post-thumbnail","7":"category-verden","8":"tag-breaking-news","9":"tag-breakingnews","10":"tag-featured-news","11":"tag-featurednews","12":"tag-headlines","13":"tag-latest-news","14":"tag-latestnews","15":"tag-news","16":"tag-no","17":"tag-norge","18":"tag-norway","19":"tag-nyheter","20":"tag-overskrifter","21":"tag-top-stories","22":"tag-topstories","23":"tag-verden","24":"tag-world","25":"tag-world-news","26":"tag-worldnews"},"share_on_mastodon":{"url":"https:\/\/pubeurope.com\/@no\/115555137178932584","error":""},"_links":{"self":[{"href":"https:\/\/www.europesays.com\/no\/wp-json\/wp\/v2\/posts\/88088","targetHints":{"allow":["GET"]}}],"collection":[{"href":"https:\/\/www.europesays.com\/no\/wp-json\/wp\/v2\/posts"}],"about":[{"href":"https:\/\/www.europesays.com\/no\/wp-json\/wp\/v2\/types\/post"}],"author":[{"embeddable":true,"href":"https:\/\/www.europesays.com\/no\/wp-json\/wp\/v2\/users\/2"}],"replies":[{"embeddable":true,"href":"https:\/\/www.europesays.com\/no\/wp-json\/wp\/v2\/comments?post=88088"}],"version-history":[{"count":0,"href":"https:\/\/www.europesays.com\/no\/wp-json\/wp\/v2\/posts\/88088\/revisions"}],"wp:featuredmedia":[{"embeddable":true,"href":"https:\/\/www.europesays.com\/no\/wp-json\/wp\/v2\/media\/88089"}],"wp:attachment":[{"href":"https:\/\/www.europesays.com\/no\/wp-json\/wp\/v2\/media?parent=88088"}],"wp:term":[{"taxonomy":"category","embeddable":true,"href":"https:\/\/www.europesays.com\/no\/wp-json\/wp\/v2\/categories?post=88088"},{"taxonomy":"post_tag","embeddable":true,"href":"https:\/\/www.europesays.com\/no\/wp-json\/wp\/v2\/tags?post=88088"}],"curies":[{"name":"wp","href":"https:\/\/api.w.org\/{rel}","templated":true}]}}