{"id":88119,"date":"2025-11-15T19:26:08","date_gmt":"2025-11-15T19:26:08","guid":{"rendered":"https:\/\/www.europesays.com\/no\/88119\/"},"modified":"2025-11-15T19:26:08","modified_gmt":"2025-11-15T19:26:08","slug":"med-pa-spektakulaer-flytting-stas-a-vaere-med-pa-fvn-no","status":"publish","type":"post","link":"https:\/\/www.europesays.com\/no\/88119\/","title":{"rendered":"(+) Med p\u00e5 spek\u00adtaku\u00adl\u00e6r flyt\u00adting: \u2013 Stas \u00e5 v\u00e6re med p\u00e5 &#8211; fvn.no"},"content":{"rendered":"<ol>\n<li><a href=\"https:\/\/news.google.com\/rss\/articles\/CBMioAFBVV95cUxQTEJOb0lJWlg3eHFHQTgyMU9WZnhvT09qMGVXSUZvWmdmcDZiUVVYOVVBUlR1WjdjZjYyWV9xV2Vub1dab0RuNWJ0S1k3UE1wcUUxZy13RUpjSU5rTjdtQ2dZZG5ZaUliNWxxRU10RHcyOERXRzQyVUUzVkpfRzN1VzhsLXZSeDMzMERxWjFLTEZRZWNNV1ctaDJqX1pBdEZ5?oc=5\" target=\"_blank\" rel=\"nofollow noopener\">(+) Med p\u00e5 spek\u00adtaku\u00adl\u00e6r flyt\u00adting: \u2013 Stas \u00e5 v\u00e6re med p\u00e5<\/a>&nbsp;&nbsp;fvn.no<\/li>\n<li><a href=\"https:\/\/news.google.com\/rss\/articles\/CBMimAFBVV95cUxOcXBzQmpma0dEeVVnN1lORlhNSDUwZHY3eGN2d2FJbG8yMGFnX1dyRTljWE9PcUpnTHJ4OS1xOWk4Wm5WdFNXUDA5aTJvU2NnWnZidnhJMVBfVDZoWWx5NXZKTUpSUWxJS2E3Mk5YeWNIRVMyZVNnSk5POXFrUDA4aElWRHFpY1ZOQl9wdEpBcktLcDR0T0xOYg?oc=5\" target=\"_blank\" rel=\"nofollow noopener\">Her kommer ambulansene fra S\u00f8rlandet<\/a>&nbsp;&nbsp;Stavanger Aftenblad<\/li>\n<li><a href=\"https:\/\/news.google.com\/rss\/articles\/CBMitwFBVV95cUxNNFZ1czdtUEV3S3VycXY0RXZic3kxVUNfR2U2QUh6OTJJbWF3NUFHS2VzS3pkVGZKclJQU2ptZDJTS01OX0dkMy1OeFBPWm56YndvNU1WcDlnVVdSTTNuODBQQWlLbFp2OXR6WXVhZ3lSWmZQNXJHMFlGb1Qwc2w3YlhxNE1XbW1McTJSTGZyeXJzLTgtc3BjUDkwc1Jndnh1cHdBRlpnOU1YeXBOU3l0Tnl5dWZhMVk?oc=5\" target=\"_blank\" rel=\"nofollow noopener\">Stavanger universitetssjukehus blir delt i to i \u00e5revis \u2013 tillitsvalde bekymra<\/a>&nbsp;&nbsp;NRK<\/li>\n<li><a href=\"https:\/\/news.google.com\/rss\/articles\/CBMilAFBVV95cUxQVlZZeGp2T09ETUlkcXpyMjVPTFJSNnhwQ1h3Xzk1WFlJZ2dLUXlfOUstanBRYzU5WGNxZW9rSXY4b2w5RmFPWDJ3UkZVa0hWYTV3YzJxTmliX3hEbmVJeWlkQTI4UU5rZjI1eElWaFZyangzRWhHWGNaS2ZhMFUyekRmUjhEaHladURRSHo0VnNVWV9J?oc=5\" target=\"_blank\" rel=\"nofollow noopener\">Sandnes, Nyheter | I natt skjer det \u2013 her er alt du trenger \u00e5 vite<\/a>&nbsp;&nbsp;Sandnesposten<\/li>\n<li><a href=\"https:\/\/news.google.com\/rss\/articles\/CBMicEFVX3lxTE1oeVZGLXpNdjNveWZWZWhQYXNtd29KT2VnZU54M3dtSUI4RmU4WmZXbzN0aFJGNTJrMHRHUHkzVjRCcmdwRFd1TEJFV0hjZE4tWGJvOGVxSWVZLVk2cGVvQ19NS2V1dTMxN3I4amI4Tko?oc=5\" target=\"_blank\" rel=\"nofollow noopener\">S\u00e5nn kjem du deg til nye SUS<\/a>&nbsp;&nbsp;J\u00e6rbladet<\/li>\n<\/ol>\n","protected":false},"excerpt":{"rendered":"(+) Med p\u00e5 spek\u00adtaku\u00adl\u00e6r flyt\u00adting: \u2013 Stas \u00e5 v\u00e6re med p\u00e5&nbsp;&nbsp;fvn.no Her kommer ambulansene fra S\u00f8rlandet&nbsp;&nbsp;Stavanger Aftenblad Stavanger&hellip;\n","protected":false},"author":2,"featured_media":88120,"comment_status":"","ping_status":"","sticky":false,"template":"","format":"standard","meta":{"footnotes":""},"categories":[10],"tags":[1586,20,21,24,25,15,22,23,13,30,28,29,14,16,5457,1306,26,27],"class_list":{"0":"post-88119","1":"post","2":"type-post","3":"status-publish","4":"format-standard","5":"has-post-thumbnail","7":"category-norge","8":"tag-ambulanse","9":"tag-breaking-news","10":"tag-breakingnews","11":"tag-featured-news","12":"tag-featurednews","13":"tag-headlines","14":"tag-latest-news","15":"tag-latestnews","16":"tag-news","17":"tag-no","18":"tag-norge","19":"tag-norway","20":"tag-nyheter","21":"tag-overskrifter","22":"tag-sorlandet-sykehus","23":"tag-stavanger","24":"tag-top-stories","25":"tag-topstories"},"share_on_mastodon":{"url":"https:\/\/pubeurope.com\/@no\/115555361356287250","error":""},"_links":{"self":[{"href":"https:\/\/www.europesays.com\/no\/wp-json\/wp\/v2\/posts\/88119","targetHints":{"allow":["GET"]}}],"collection":[{"href":"https:\/\/www.europesays.com\/no\/wp-json\/wp\/v2\/posts"}],"about":[{"href":"https:\/\/www.europesays.com\/no\/wp-json\/wp\/v2\/types\/post"}],"author":[{"embeddable":true,"href":"https:\/\/www.europesays.com\/no\/wp-json\/wp\/v2\/users\/2"}],"replies":[{"embeddable":true,"href":"https:\/\/www.europesays.com\/no\/wp-json\/wp\/v2\/comments?post=88119"}],"version-history":[{"count":0,"href":"https:\/\/www.europesays.com\/no\/wp-json\/wp\/v2\/posts\/88119\/revisions"}],"wp:featuredmedia":[{"embeddable":true,"href":"https:\/\/www.europesays.com\/no\/wp-json\/wp\/v2\/media\/88120"}],"wp:attachment":[{"href":"https:\/\/www.europesays.com\/no\/wp-json\/wp\/v2\/media?parent=88119"}],"wp:term":[{"taxonomy":"category","embeddable":true,"href":"https:\/\/www.europesays.com\/no\/wp-json\/wp\/v2\/categories?post=88119"},{"taxonomy":"post_tag","embeddable":true,"href":"https:\/\/www.europesays.com\/no\/wp-json\/wp\/v2\/tags?post=88119"}],"curies":[{"name":"wp","href":"https:\/\/api.w.org\/{rel}","templated":true}]}}