{"id":88123,"date":"2025-11-15T19:28:43","date_gmt":"2025-11-15T19:28:43","guid":{"rendered":"https:\/\/www.europesays.com\/no\/88123\/"},"modified":"2025-11-15T19:28:43","modified_gmt":"2025-11-15T19:28:43","slug":"hadde-blitt-sidesatt","status":"publish","type":"post","link":"https:\/\/www.europesays.com\/no\/88123\/","title":{"rendered":"&#8211; Hadde blitt sidesatt"},"content":{"rendered":"<p class=\"kicker \" style=\"\">\u00c5ge Hareide<\/p>\n<p>  Landslagssjef St\u00e5le Solbakken (57) sendte en hilsen til \u00c5ge Hareide (72). &#8211; Jeg \u00f8nsker ham all mulig hell og lykke.<\/p>\n<p>\n    MELDING: &#8211; Han kjemper en hard kamp, sier St\u00e5le Solbakken om \u00c5ge Hareide. Foto: Hans Arne Vedlog\/Dagbladet\n  <\/p>\n<p>MILANO\/OSLO (Dagbladet):\u00a0\u00a0&#8211; Jeg sender en hilsen til \u00c5ge Hareide som kjemper sin kamp. Han skulle egentlig ha sittet med dere i dag, det vet de i NRK. Han kjemper en hard kamp. Han er en av de st\u00f8rste spillerne og har hatt en stor trenerkarriere, sa St\u00e5le Solbakken p\u00e5 l\u00f8rdagens pressekonferanse i Milano.<\/p>\n<p>&#8211; Han har, som en av f\u00e5 nordmenn, VM-erfaring som trener og vet hva dette dreier seg om. Han er her i dag i Milano og skal se kampen. Kanskje f\u00e5r vi se ham inni garderoben f\u00f8r kampen. Jeg \u00f8nsker \u00c5ge all mulig hell og lykke, la han til.<\/p>\n<p>Dagbladet er kjent med at \u00c5ge Hareide er alvorlig syk. Dagbladet f\u00e5r bekreftet at Solbakken hadde avklart med Hareide at han skulle g\u00e5 ut med en hilsen. <\/p>\n<p>&#8211; Vi har v\u00e6rt kjent med at \u00c5ge har v\u00e6rt sykmeldt over lengre tid. Hele NRK Sport heier p\u00e5 ham og vi er veldig glad for at han er til stede i Milano. Aller helst skulle vi \u00f8nske at han var p\u00e5 jobb sammen med oss, sier NRKs sportsredakt\u00f8r Espen Olsen Langfeldt til <a href=\"https:\/\/www.nrk.no\/sport\/solbakken-hyller-hareide-1.17654567\" rel=\"nofollow noopener\" target=\"_blank\">kanalen<\/a>.<\/p>\n<p> Dagbladet har fors\u00f8kt \u00e5 komme i kontakt med Hareide og familien, forel\u00f8pig uten hell. <\/p>\n<p>        St\u00e5le Solbakken benyttet anledningen p\u00e5 pressekonferansen f\u00f8r Italia-kampen til \u00e5 sende en hilsen til \u00c5ge Hareide. <\/p>\n<p>P\u00e5 pressekonferansen uttalte Solbakken at Hareides tilstedev\u00e6relse i Milano gir kampen et ekstra perspektiv.<\/p>\n<p class=\"font-weight-bold m-font-weight-bold\" data-lab-font_weight=\"font-weight-bold\">&#8211; Det er et nytt godt argument for \u00e5 prestere.<\/p>\n<p>Hareide har v\u00e6rt trener for Helsingborg (to perioder), Br\u00f8ndby, Rosenborg (to perioder), Norge, \u00d6rgryte, Viking, Island og Danmark. Sistnevnte tok han til \u00e5ttedelsfinale i VM i 2018. <\/p>\n<p>    Fakta<\/p>\n<p>* Alder: 72 \u00e5r (23. september 1953)<\/p>\n<p>* F\u00f8dested: Hareid, Norge<\/p>\n<p>* Klubber som spiller: H\u00f8dd, Molde, Manchester City, Norwich<\/p>\n<p>* A-landskamper\/m\u00e5l: 50\/5<\/p>\n<p>Klubber\/nasjoner som trener:<\/p>\n<p>* 1987-91: Molde<\/p>\n<p>* 1993-97: Molde<\/p>\n<p>* 1998-99: Helsingborg<\/p>\n<p>* 2000-02: Br\u00f8ndby<\/p>\n<p>* 2003: Rosenborg<\/p>\n<p>* 2003-08: Norge<\/p>\n<p>* 2009: \u00d6rgryte<\/p>\n<p>* 2010-12: Viking<\/p>\n<p>* 2012: Helsingborg<\/p>\n<p>* 2014-15: Malm\u00f6<\/p>\n<p>* 2016-20 Danmark<\/p>\n<p>* 2020-2021: Rosenborg<\/p>\n<p>*2022: Malm\u00f6<\/p>\n<p>*2023: Island<\/p>\n<p>Seriegull som trener:<\/p>\n<p>* 1999: Helsingborg<\/p>\n<p>* 2002: Br\u00f8ndby<\/p>\n<p>* 2003: Rosenborg<\/p>\n<p>* 2014: Malm\u00f6.<\/p>\n<p>(NTB)<\/p>\n<p>      Vis mer<br \/>\n      Vis mindre<\/p>\n","protected":false},"excerpt":{"rendered":"\u00c5ge Hareide Landslagssjef St\u00e5le Solbakken (57) sendte en hilsen til \u00c5ge Hareide (72). &#8211; Jeg \u00f8nsker ham all&hellip;\n","protected":false},"author":2,"featured_media":88124,"comment_status":"","ping_status":"","sticky":false,"template":"","format":"standard","meta":{"footnotes":""},"categories":[59],"tags":[92,4145,30,28,29,83,82,1387],"class_list":{"0":"post-88123","1":"post","2":"type-post","3":"status-publish","4":"format-standard","5":"has-post-thumbnail","7":"category-sport","8":"tag-fotball","9":"tag-herrelandslaget","10":"tag-no","11":"tag-norge","12":"tag-norway","13":"tag-sport","14":"tag-sports","15":"tag-stale-solbakken"},"share_on_mastodon":{"url":"https:\/\/pubeurope.com\/@no\/115555369200914509","error":""},"_links":{"self":[{"href":"https:\/\/www.europesays.com\/no\/wp-json\/wp\/v2\/posts\/88123","targetHints":{"allow":["GET"]}}],"collection":[{"href":"https:\/\/www.europesays.com\/no\/wp-json\/wp\/v2\/posts"}],"about":[{"href":"https:\/\/www.europesays.com\/no\/wp-json\/wp\/v2\/types\/post"}],"author":[{"embeddable":true,"href":"https:\/\/www.europesays.com\/no\/wp-json\/wp\/v2\/users\/2"}],"replies":[{"embeddable":true,"href":"https:\/\/www.europesays.com\/no\/wp-json\/wp\/v2\/comments?post=88123"}],"version-history":[{"count":0,"href":"https:\/\/www.europesays.com\/no\/wp-json\/wp\/v2\/posts\/88123\/revisions"}],"wp:featuredmedia":[{"embeddable":true,"href":"https:\/\/www.europesays.com\/no\/wp-json\/wp\/v2\/media\/88124"}],"wp:attachment":[{"href":"https:\/\/www.europesays.com\/no\/wp-json\/wp\/v2\/media?parent=88123"}],"wp:term":[{"taxonomy":"category","embeddable":true,"href":"https:\/\/www.europesays.com\/no\/wp-json\/wp\/v2\/categories?post=88123"},{"taxonomy":"post_tag","embeddable":true,"href":"https:\/\/www.europesays.com\/no\/wp-json\/wp\/v2\/tags?post=88123"}],"curies":[{"name":"wp","href":"https:\/\/api.w.org\/{rel}","templated":true}]}}