{"id":88125,"date":"2025-11-15T19:33:08","date_gmt":"2025-11-15T19:33:08","guid":{"rendered":"https:\/\/www.europesays.com\/no\/88125\/"},"modified":"2025-11-15T19:33:08","modified_gmt":"2025-11-15T19:33:08","slug":"la-ned-sin-egen-naerskole-det-blir-ikke-verre-fvn-no","status":"publish","type":"post","link":"https:\/\/www.europesays.com\/no\/88125\/","title":{"rendered":"(+) La ned sin egen n\u00e6rskole: \u2013 Det blir ikke verre &#8211; fvn.no"},"content":{"rendered":"<ol>\n<li><a href=\"https:\/\/news.google.com\/rss\/articles\/CBMijAFBVV95cUxNM2ktNDRDS1V5LWx0dGVGbFZTMlJHWlZZT05VeTM5eldjM1laSk9oUXZER2t3bmJFeFljaGFpanlQZF90a0hFTlFTN2w2LWh1emlJS29yYlItTjZ6R2lLZzltTmFYaTBnZXBPZjBWZTF0MkE3QzROMGZhQUVQQUdlbE9RN29LTGxpRTR1VQ?oc=5\" target=\"_blank\" rel=\"nofollow noopener\">(+) La ned sin egen n\u00e6rskole: \u2013 Det blir ikke verre<\/a>&nbsp;&nbsp;fvn.no<\/li>\n<li><a href=\"https:\/\/news.google.com\/rss\/articles\/CBMijgFBVV95cUxPVmxuOEo3a0dWbzRqYXIweWhDd2FhbkdnbWZhRUI0bXlTbTdieUhaSnJtRDJBcTZxTkMtZkRuWUhERGZkRkJmOTdiRzFfWUEwclhsbThkQUNacU92LXY3RHFqd1hSYWZDcGJBTjZzS3hiRjF0Y3JxWC1JYkpMNGd5M3VsQTFoOEUtRUFGNWpR?oc=5\" target=\"_blank\" rel=\"nofollow noopener\">Knakk sammen etter m\u00f8tet. S\u00e5 la hun ut dette p\u00e5 Facebook<\/a>&nbsp;&nbsp;agderposten.no<\/li>\n<li><a href=\"https:\/\/news.google.com\/rss\/articles\/CBMimwFBVV95cUxPSnVpWHRWRTBwMno1MWx3WDlUUVdMVTh5dHFpRzl4TEEzS2lmeWw5ZUZBV2tQeHQ0ajBWbzJsYjN0VEJoOG9IeXRPV1M3N2dlZzR3X3JIVUU2ZjhOcmdsS2pMd3h0M0lqUVVZZjVGY2VfR2Q5MWg3c3dZU0NodW5fdzJ6MU0xcnVTdFNMR25pTENiUVc5TmpTUmtCTQ?oc=5\" target=\"_blank\" rel=\"nofollow noopener\">Varaordf\u00f8rar ut mot regjeringa: \u2013 Heilt ubegripeleg<\/a>&nbsp;&nbsp;TV2.no<\/li>\n<li><a href=\"https:\/\/news.google.com\/rss\/articles\/CBMidEFVX3lxTE5zUVlJLXRhbEJPTEFEbGNzVVI0cmZ6dWl5dVVXRWhZeFpqcVhqY1htRi15RGl0b0t3aHZLTmtXTEVCaUJPUlZ2S3pUVVJ5bmtON0JTMXBDeDRJOHFEMEVfZ1FjVU9sR05KMmNtUlE0TGNJa1lV?oc=5\" target=\"_blank\" rel=\"nofollow noopener\">(+) Det er ingen saker som f\u00f8rer til s\u00e5 mye oppr\u00f8r, frustrasjon og fortvilelse<\/a>&nbsp;&nbsp;fvn.no<\/li>\n<li><a href=\"https:\/\/news.google.com\/rss\/articles\/CBMiggFBVV95cUxNSi0xbWdLSjhlMkliMnlnWUdtVXpFOFYtb3RIcTYxSFQ5akpvSWROdy1ZLVhSM1FuMmpUNFh2ZHlhR0VrQ2N2aElLZi1aU1ZKZHkwUDBESDZMQldpSFVZZlRfQzNSMFI4RnBOOHl1Ni1yQ0hSV1J5Zk16SlEzYnU0X3dR?oc=5\" target=\"_blank\" rel=\"nofollow noopener\">\u2013 Staten har forlatt oss for lengst<\/a>&nbsp;&nbsp;Dagsavisen<\/li>\n<\/ol>\n","protected":false},"excerpt":{"rendered":"(+) La ned sin egen n\u00e6rskole: \u2013 Det blir ikke verre&nbsp;&nbsp;fvn.no Knakk sammen etter m\u00f8tet. S\u00e5 la hun&hellip;\n","protected":false},"author":2,"featured_media":88126,"comment_status":"","ping_status":"","sticky":false,"template":"","format":"standard","meta":{"footnotes":""},"categories":[10],"tags":[1253,11653,20,21,24,25,15,22,23,2621,13,30,28,29,14,16,10963,26,27],"class_list":{"0":"post-88125","1":"post","2":"type-post","3":"status-publish","4":"format-standard","5":"has-post-thumbnail","7":"category-norge","8":"tag-arendal","9":"tag-arendal-bystyre","10":"tag-breaking-news","11":"tag-breakingnews","12":"tag-featured-news","13":"tag-featurednews","14":"tag-headlines","15":"tag-latest-news","16":"tag-latestnews","17":"tag-naeringsareal","18":"tag-news","19":"tag-no","20":"tag-norge","21":"tag-norway","22":"tag-nyheter","23":"tag-overskrifter","24":"tag-skole2025","25":"tag-top-stories","26":"tag-topstories"},"share_on_mastodon":{"url":"https:\/\/pubeurope.com\/@no\/115555388957198544","error":""},"_links":{"self":[{"href":"https:\/\/www.europesays.com\/no\/wp-json\/wp\/v2\/posts\/88125","targetHints":{"allow":["GET"]}}],"collection":[{"href":"https:\/\/www.europesays.com\/no\/wp-json\/wp\/v2\/posts"}],"about":[{"href":"https:\/\/www.europesays.com\/no\/wp-json\/wp\/v2\/types\/post"}],"author":[{"embeddable":true,"href":"https:\/\/www.europesays.com\/no\/wp-json\/wp\/v2\/users\/2"}],"replies":[{"embeddable":true,"href":"https:\/\/www.europesays.com\/no\/wp-json\/wp\/v2\/comments?post=88125"}],"version-history":[{"count":0,"href":"https:\/\/www.europesays.com\/no\/wp-json\/wp\/v2\/posts\/88125\/revisions"}],"wp:featuredmedia":[{"embeddable":true,"href":"https:\/\/www.europesays.com\/no\/wp-json\/wp\/v2\/media\/88126"}],"wp:attachment":[{"href":"https:\/\/www.europesays.com\/no\/wp-json\/wp\/v2\/media?parent=88125"}],"wp:term":[{"taxonomy":"category","embeddable":true,"href":"https:\/\/www.europesays.com\/no\/wp-json\/wp\/v2\/categories?post=88125"},{"taxonomy":"post_tag","embeddable":true,"href":"https:\/\/www.europesays.com\/no\/wp-json\/wp\/v2\/tags?post=88125"}],"curies":[{"name":"wp","href":"https:\/\/api.w.org\/{rel}","templated":true}]}}