{"id":88131,"date":"2025-11-15T19:36:17","date_gmt":"2025-11-15T19:36:17","guid":{"rendered":"https:\/\/www.europesays.com\/no\/88131\/"},"modified":"2025-11-15T19:36:17","modified_gmt":"2025-11-15T19:36:17","slug":"vi-anmelder-lat-for-lat","status":"publish","type":"post","link":"https:\/\/www.europesays.com\/no\/88131\/","title":{"rendered":"Vi anmelder l\u00e5t for l\u00e5t"},"content":{"rendered":"<p class=\"kicker \" style=\"\">Anmeldelse:\u00a0\u00abMaskorama\u00bb 2025<\/p>\n<p>  Hvem skal ut i kveld?<\/p>\n<p>\n    R\u00d8YK UT: Kulturminister Lubna Jaffery som Hybelkaninen r\u00f8yk ut s\u00e5 det sang forrige l\u00f8rdag, etter en tvilsom versjon av Queens \u00abI Want to Break Free\u00bb. Hvem m\u00e5 kaste maska i kveld? Foto: Espen Solli \/ Monster \/ NRK\n  <\/p>\n<p>Det er klart for andre runde i \u00e5rets\u00a0\u00abMaskorama\u00bb, og seks deltakere st\u00e5r igjen, etter at <a href=\"https:\/\/www.dagbladet.no\/kjendis\/vi-anmeldte-lat-for-lat\/83827143\" target=\"_blank\" rel=\"nofollow noopener\">kulturminister Lubna Jaffery ble avsl\u00f8rt som Hybelkaninen<\/a> forrige l\u00f8rdag &#8211; etter en s\u00e6rdeles tvilsom versjon av Queens\u00a0\u00abI Want to Break Free\u00bb.<\/p>\n<p>I kveld vil de gjenv\u00e6rende deltakerne bli utsatt for ei lang rekke spekulasjoner fra detektivpanelet, i tillegg til \u00e5 synge hvert sitt bidrag, som spenner over et vidt spekter sjangrer. Til slutt st\u00e5r fem igjen.<\/p>\n<p>I denne artikkelen kommer sist framf\u00f8rte bidrag \u00f8verst.<\/p>\n<p class=\"font-weight-bold m-font-weight-bold\" data-lab-font_weight=\"font-weight-bold\">4. Marionetten:\u00a0\u00abWhat&#8217;s in It for Me\u00bb (Amy Diamond)<\/p>\n<p>          <img loading=\"lazy\" decoding=\"async\" src=\"https:\/\/www.europesays.com\/no\/wp-content\/uploads\/2025\/11\/83857399.webp\" width=\"980\" height=\"559\" title=\"Espen Solli \/ Monster \/ NRK\" alt=\"\" class=\"\" style=\"--aspect-ratio-image: 1.75; \"\/><\/p>\n<p>\n          Espen Solli \/ Monster \/ NRK\n      <\/p>\n<p>Marionetten klarer imponerende nok nesten \u00e5 matche sm\u00e5jentestemmen til Amy Diamond (som var 13 \u00e5r da l\u00e5ta kom ut), men hun er fremdeles sterkere p\u00e5 rap &#8211; som hun beviste sist &#8211; enn sang. Hun h\u00f8res ikke helt komfortabel ut, og opererer p\u00e5 grensen av \u00e5 synge falskt gjennom hele l\u00e5ta.<\/p>\n<p>Dette havner dessverre i lavere halvdel s\u00e5 langt. Hun m\u00e5 skjerpe seg hvis hun vil bli v\u00e6rende i heatet.<\/p>\n<p>B\u00e5de Tete og Tone tror dette kan v\u00e6re danser Mona Berntsen, mens Robert g\u00e5r for Ulrikke Falch, ut fra tallet 96 i hintvideoen, som han kobler til f\u00f8dsels\u00e5ret. Gode innspill, men jeg tror fremdeles det kan v\u00e6re Mira Craig, ut fra rappingevnene.<\/p>\n<p class=\"font-weight-bold m-font-weight-bold\" data-lab-font_weight=\"font-weight-bold\">3. Badeanda:\u00a0\u00abUprising\u00bb (Muse)<\/p>\n<p>Nei, nei, nei. Til forskjell fra sist klarer Badeanda i det minste \u00e5 f\u00f8lge med i l\u00e5ta, men h\u00f8res helt hjelpel\u00f8s ut der han st\u00e5r og gauler ei l\u00e5t som i utgangspunktet krever masse personlighet og finesse. Han slipper ogs\u00e5 kraftig opp for damp i det nedre registeret (som i synger falskt), og har en veldig ukledelig norsk aksent. Tenk Thorbj\u00f8rn Jagland.<\/p>\n<p>          <img loading=\"lazy\" decoding=\"async\" src=\"https:\/\/www.europesays.com\/no\/wp-content\/uploads\/2025\/11\/83857383.webp\" width=\"980\" height=\"559\" title=\"Foto: Espen Solli \/ Monster \/ NRK\" alt=\"\" class=\"\" style=\"--aspect-ratio-image: 1.75; \"\/><\/p>\n<p>\n          Foto: Espen Solli \/ Monster \/ NRK\n      <\/p>\n<p>Badeanda burde r\u00f8ket forrige l\u00f8rdag. Ny sjanse i kveld!<\/p>\n<p>Etter at sp\u00f8rsm\u00e5lene blant annet avsl\u00f8rer at anda b\u00e5de driver med ski og har mistet lappen, gjetter Tone p\u00e5 Petter Northug, og det er slett ikke helt usannsynlig.<\/p>\n<p class=\"font-weight-bold m-font-weight-bold\" data-lab-font_weight=\"font-weight-bold\">2. Orken:\u00a0\u00abBeautiful\u00bb (Christina Aguilera)<\/p>\n<p>Til forskjell fra Brokkolien har Orken valgt seg ei teknisk krevende l\u00e5t. Orken synger reint, men virker som hun opererer i ytterkanten av ferdighetsspekteret sitt &#8211; hun klarer ikke \u00e5 tilf\u00f8re l\u00e5ta personligheten som Christina Aguilera gj\u00f8r.<\/p>\n<p>          <img loading=\"lazy\" decoding=\"async\" src=\"https:\/\/www.europesays.com\/no\/wp-content\/uploads\/2025\/11\/83857386.webp\" width=\"980\" height=\"559\" title=\"Foto: Espen Solli \/ Monster \/ NRK\" alt=\"\" class=\"\" style=\"--aspect-ratio-image: 1.75; \"\/><\/p>\n<p>\n          Foto: Espen Solli \/ Monster \/ NRK\n      <\/p>\n<p>Pluss for \u00e5 st\u00e5 midt i salen, men dette blir generelt litt for flatt.<\/p>\n<p>Forrige l\u00f8rdag gikk spekulasjonene h\u00f8yt om det kunne v\u00e6re Sophie Elise, og Robert g\u00e5r for dette ogs\u00e5 i kveld, ettersom hun oppfyller flere av sp\u00f8ersm\u00e5lene. Jeg er ikke helt uenig.<\/p>\n<p class=\"font-weight-bold m-font-weight-bold\" data-lab-font_weight=\"font-weight-bold\">1. Brokkolien:\u00a0\u00abThe One and Only\u00bb (Chesney Hawkes)<\/p>\n<p>Brokkolien &#8211; som kom rimelig godt fra det forrige l\u00f8rdag &#8211; har valgt ei passende l\u00e5t, som heller ikke er altfor krevende (fordi Chesney Hawkes knapt var verdens sterkeste sanger).<\/p>\n<p>          <img loading=\"lazy\" decoding=\"async\" src=\"https:\/\/www.europesays.com\/no\/wp-content\/uploads\/2025\/11\/83857307.webp\" width=\"980\" height=\"559\" title=\"Foto: Espen Solli \/ Monster \/ NRK\" alt=\"\" class=\"\" style=\"--aspect-ratio-image: 1.75; \"\/><\/p>\n<p>\n          Foto: Espen Solli \/ Monster \/ NRK\n      <\/p>\n<p>I kveld l\u00e5ter han enda mer profesjonell enn forrige gang &#8211; men kanskje for proff? Med masse vibrato i stemmen tar han\u00a0\u00abThe One and Only\u00bb ut av det kledelig amat\u00f8rmessige, boy-next-door-preget originalen har. Det blir i overkant glatt. Men bevares, en fin innsats.<\/p>\n<p>I hintvideoen framstiller brokkolien seg som en helse- og treningsfrik. Forrige l\u00f8rdag spekulerte detektivene p\u00e5 om det kunne v\u00e6re Atle Pettersen bak maska. Ligger det kanskje en pekepinn i\u00a0\u00abbit for bit\u00bb-uttalelsen hans?<\/p>\n","protected":false},"excerpt":{"rendered":"Anmeldelse:\u00a0\u00abMaskorama\u00bb 2025 Hvem skal ut i kveld? R\u00d8YK UT: Kulturminister Lubna Jaffery som Hybelkaninen r\u00f8yk ut s\u00e5 det&hellip;\n","protected":false},"author":2,"featured_media":88132,"comment_status":"","ping_status":"","sticky":false,"template":"","format":"standard","meta":{"footnotes":""},"categories":[58],"tags":[71,479,2693,221,9705,9706,30,28,29,787,207,72],"class_list":{"0":"post-88131","1":"post","2":"type-post","3":"status-publish","4":"format-standard","5":"has-post-thumbnail","7":"category-underholdning","8":"tag-entertainment","9":"tag-kjendis","10":"tag-maskorama","11":"tag-musikk","12":"tag-musikkanmeldelse","13":"tag-musikkanmeldelser","14":"tag-no","15":"tag-norge","16":"tag-norway","17":"tag-nrk","18":"tag-tv","19":"tag-underholdning"},"share_on_mastodon":{"url":"https:\/\/pubeurope.com\/@no\/115555400733843784","error":""},"_links":{"self":[{"href":"https:\/\/www.europesays.com\/no\/wp-json\/wp\/v2\/posts\/88131","targetHints":{"allow":["GET"]}}],"collection":[{"href":"https:\/\/www.europesays.com\/no\/wp-json\/wp\/v2\/posts"}],"about":[{"href":"https:\/\/www.europesays.com\/no\/wp-json\/wp\/v2\/types\/post"}],"author":[{"embeddable":true,"href":"https:\/\/www.europesays.com\/no\/wp-json\/wp\/v2\/users\/2"}],"replies":[{"embeddable":true,"href":"https:\/\/www.europesays.com\/no\/wp-json\/wp\/v2\/comments?post=88131"}],"version-history":[{"count":0,"href":"https:\/\/www.europesays.com\/no\/wp-json\/wp\/v2\/posts\/88131\/revisions"}],"wp:featuredmedia":[{"embeddable":true,"href":"https:\/\/www.europesays.com\/no\/wp-json\/wp\/v2\/media\/88132"}],"wp:attachment":[{"href":"https:\/\/www.europesays.com\/no\/wp-json\/wp\/v2\/media?parent=88131"}],"wp:term":[{"taxonomy":"category","embeddable":true,"href":"https:\/\/www.europesays.com\/no\/wp-json\/wp\/v2\/categories?post=88131"},{"taxonomy":"post_tag","embeddable":true,"href":"https:\/\/www.europesays.com\/no\/wp-json\/wp\/v2\/tags?post=88131"}],"curies":[{"name":"wp","href":"https:\/\/api.w.org\/{rel}","templated":true}]}}