{"id":88135,"date":"2025-11-15T19:41:12","date_gmt":"2025-11-15T19:41:12","guid":{"rendered":"https:\/\/www.europesays.com\/no\/88135\/"},"modified":"2025-11-15T19:41:12","modified_gmt":"2025-11-15T19:41:12","slug":"marjorie-taylor-greene-donald-trump-2","status":"publish","type":"post","link":"https:\/\/www.europesays.com\/no\/88135\/","title":{"rendered":"Marjorie Taylor Greene, Donald Trump"},"content":{"rendered":"\n<p>USAs president Donald Trump har trukket tilbake sin st\u00f8tte til Marjorie Taylor Greene, ei av de mest lojale og h\u00f8ylytte medlemmene av hans egen MAGA-fl\u00f8y.<\/p>\n<p>Det <a href=\"https:\/\/www.nettavisen.no\/nyheter\/trump-trekker-stotten-til-marjorie-taylor-greene-hun-bare-klager\/s\/5-95-2729198\" rel=\"Follow nofollow noopener\" target=\"_blank\">eksplosive bruddet<\/a> kom fredag kveld, da Trump gikk til sin sosiale medieplattform Truth Social for \u00e5 angripe Greene direkte, og anklaget henne for \u00e5 bare \u00abKLAGE, KLAGE, KLAGE!\u00bb og for \u00e5 v\u00e6re \u00abspr\u00f8\u00bb.<\/p>\n<p>Den republikanske kongressrepresentanten fra Georgia forteller n\u00e5 at presidentens angrep har f\u00f8rt til et \u00f8kende trusselniv\u00e5 mot henne.<\/p>\n<p>\u2013 Jeg blir n\u00e5 kontaktet av private sikkerhetsselskaper med advarsler om min sikkerhet. En rekke trusler mot meg blir egget opp av verdens mektigste mann. Mannen jeg st\u00f8ttet og hjalp med \u00e5 bli valgt, skriver Greene p\u00e5 <a href=\"https:\/\/x.com\/RepMTG\/status\/1989735360524345421\" rel=\"Follow nofollow\">X<\/a>.<\/p>\n<p>Greene hevder at lignende angrep har f\u00e5tt konsekvenser f\u00f8r.<\/p>\n<p>\u2013 Aggressiv retorikk rettet mot meg har historisk f\u00f8rt til d\u00f8dstrusler og flere domfellelser av menn som ble radikalisert av samme type retorikk som n\u00e5 blir brukt mot meg. Denne gangen av USAs president, skriver hun.<\/p>\n<p>Hun sier at hun som kvinne tar trusler fra menn p\u00e5 alvor.<\/p>\n<p>    Vil du se neste video?<\/p>\n<p>    <a href=\"https:\/\/www.nettavisen.no\/nyheter\/hellstrom-slik-steker-du-biff\/v\/5-95-2715973\" class=\"recommend-poster\" data-adp-clicklabel=\"video-recommend\" data-adp-clickvalue=\"poster\" rel=\"nofollow noopener\" target=\"_blank\"><br \/>\n      <img decoding=\"async\" width=\"200\" height=\"200\" loading=\"lazy\" src=\"https:\/\/www.europesays.com\/no\/wp-content\/uploads\/2025\/11\/1763235671_478_Hellstr\u00f8m splitt.jpg\" alt=\"\" class=\"brick-c-cFOWSL\" style=\"--brick-image-ratio: 200 \/ 200;\"\/><\/p>\n<p>Hellstr\u00f8m om biffsteking: \u2013 Den st\u00f8rste feilen1:38<\/p>\n<p>    <\/a><\/p>\n<p><b>Les ogs\u00e5: <a class=\"simple-relation related-teaser article--c-eRUmMG article--c-eRUmMG-fZoQSp-design-nettavisen article--c-eRUmMG-gwthdJ-cv\" href=\"https:\/\/www.nettavisen.no\/trump-trekker-stotten-til-marjorie-taylor-greene-hun-bare-klager\/s\/5-95-2729198\" rel=\"nofollow noopener\" target=\"_blank\">Trump trekker st\u00f8tten til Marjorie Taylor Greene: \u2013 Hun bare klager<\/a><\/b><\/p>\n<p>Konflikt knyttet til Epstein-dokumenter<\/p>\n<p>Bruddet mellom de to n\u00e6re partifellene oppsto etter at Greene presset p\u00e5 for at de siste dokumentene i Epstein-saken skulle offentliggj\u00f8res. Tidligere samme dag publiserte hun tekstmeldinger hun sier hun sendte til Trump og hans r\u00e5dgiver Natalie Harp, der hun ber om nettopp dette.<\/p>\n<p>I svaret hun fikk tilbake, sto det: \u00abTHE JEFFREY EPSTEIN HOAX\u00bb (Jeffrey Epstein-bl\u00f8ffen, red.anm.) Trump har de siste dagene omtalt Epstein-saken som \u00aben bl\u00f8ff\u00bb p\u00e5 Truth Social.<\/p>\n<p>Greene mener presidentens angrep mot henne er et fors\u00f8k p\u00e5 \u00e5 skremme andre republikanere i forkant av en kommende avstemning om \u00e5 offentliggj\u00f8re Justisdepartementets dokumenter.<\/p>\n<p>   <img decoding=\"async\" width=\"3952\" height=\"2635\" fetchpriority=\"low\"  loading=\"lazy\"  src=\"https:\/\/www.europesays.com\/no\/wp-content\/uploads\/2025\/11\/NTB_5NEuE7H8qew.jpg\" alt=\"(FILES) US Representative Marjorie Taylor Greene (R) speaks alongside former US President and 2024 presidential hopeful Donald Trump at a campaign event in Rome, Georgia, on March 9, 2024. US President Donald Trump said on November 14, 2025 that he was pulling his endorsement for key ally Marjorie Taylor Greene after a string of disagreements, calling the hard-right lawmaker a \" ranting=\"\" lunatic.=\"\" am=\"\" withdrawing=\"\" my=\"\" support=\"\" and=\"\" endorsement=\"\" of=\"\" marjorie=\"\" taylor=\"\" greene=\"\" trump=\"\" said=\"\" on=\"\" truth=\"\" social.=\"\" i=\"\" see=\"\" do=\"\" is=\"\" complain=\"\" by=\"\" elijah=\"\" nouvelage=\"\" afp=\"\" class=\"brick-c-cFOWSL\" style=\"--brick-image-ratio: 3952 \/ 2635;\"\/><\/p>\n<p>      IKKE POPUL\u00c6RT: Marjorie Taylor Greene har ved flere anledninger krevd offentliggj\u00f8ring av Epstein-dokumentene. Dette er ikke popul\u00e6rt hos Donald Trump.<br \/>\n      Foto: ELIJAH NOUVELAGE \/ AFP \/ NTB\n    <\/p>\n<p><b>Les ogs\u00e5: <a class=\"simple-relation related-teaser article--c-eRUmMG article--c-eRUmMG-fZoQSp-design-nettavisen article--c-eRUmMG-gwthdJ-cv\" href=\"https:\/\/www.nettavisen.no\/trump-med-epstein-melding-han-er-demokratenes-problem\/s\/5-95-2728726\" rel=\"nofollow noopener\" target=\"_blank\">Trump med Epstein-melding: \u2013 Han er demokratenes problem<\/a><\/b><\/p>\n<p>Trump langer ut<\/p>\n<p>L\u00f8rdag ettermiddag norsk tid kom nok et kraftig angrep fra presidenten.<\/p>\n<p>Klokken 18.13 publiserte Trump en ny melding p\u00e5 <a href=\"https:\/\/truthsocial.com\/@realDonaldTrump\" rel=\"Follow nofollow noopener\" target=\"_blank\">Truth Social<\/a> denne gangen med enda skarpere ordbruk.<\/p>\n<p>\u2013 Lettvekts-kongressmedlemmet Marjorie Taylor Brown (gress blir brunt n\u00e5r det begynner \u00e5 r\u00e5tne!) forr\u00e5dte hele Det republikanske partiet da hun gikk mot venstre, gjorde det d\u00e5rlig p\u00e5 det patetiske talkshowet \u00abThe View\u00bb og ble den RINO-en (Republican In Name Only) vi alle vet at hun alltid har v\u00e6rt.<\/p>\n<p>Trump kalte henne ogs\u00e5 en \u00abforr\u00e6der\u00bb og en \u00abskam\u00bb for partiet.<\/p>\n<p><b>Les ogs\u00e5: <a class=\"simple-relation related-teaser article--c-eRUmMG article--c-eRUmMG-fZoQSp-design-nettavisen article--c-eRUmMG-gwthdJ-cv\" href=\"https:\/\/www.nettavisen.no\/norges-rolle-nar-det-gjelder-midtosten-er-lik-null-na\/s\/5-95-2728163\" rel=\"nofollow noopener\" target=\"_blank\">\u2013 Norges rolle n\u00e5r det gjelder Midt\u00f8sten er lik null n\u00e5<\/a><\/b><\/p>\n<p>\u2013 Pisker opp nettroll<\/p>\n<p>Greene hevder at Trumps nye utfall gj\u00f8r situasjonen farligere for henne.<\/p>\n<p>\u2013 Hans aggresjon mot meg, som ogs\u00e5 mater den giftige naturen til hans radikale nettroll (mange av dem betalte), er sjokkerende for alle, skriver hun.<\/p>\n<p>Hun sier samtidig at hun mottar massiv st\u00f8tte.<\/p>\n<p>Greene avslutter innlegget sitt med en kritikk av det hun kaller den \u00abgiftige, voldelige\u00bb amerikanske politiske kulturen.<\/p>\n<p>\u2013 Landet v\u00e5rt er verdt \u00e5 redde, og det kan bare skje hvis vi st\u00e5r sammen og redder oss selv, skriver hun.<\/p>\n","protected":false},"excerpt":{"rendered":"USAs president Donald Trump har trukket tilbake sin st\u00f8tte til Marjorie Taylor Greene, ei av de mest lojale&hellip;\n","protected":false},"author":2,"featured_media":88136,"comment_status":"","ping_status":"","sticky":false,"template":"","format":"standard","meta":{"footnotes":""},"categories":[5],"tags":[20,21,24,25,15,19,22,23,17,18,13,30,28,29,14,16,26,27],"class_list":{"0":"post-88135","1":"post","2":"type-post","3":"status-publish","4":"format-standard","5":"has-post-thumbnail","7":"category-overskrifter","8":"tag-breaking-news","9":"tag-breakingnews","10":"tag-featured-news","11":"tag-featurednews","12":"tag-headlines","13":"tag-hovedoppslag","14":"tag-latest-news","15":"tag-latestnews","16":"tag-main-news","17":"tag-mainnews","18":"tag-news","19":"tag-no","20":"tag-norge","21":"tag-norway","22":"tag-nyheter","23":"tag-overskrifter","24":"tag-top-stories","25":"tag-topstories"},"share_on_mastodon":{"url":"https:\/\/pubeurope.com\/@no\/115555420487307853","error":""},"_links":{"self":[{"href":"https:\/\/www.europesays.com\/no\/wp-json\/wp\/v2\/posts\/88135","targetHints":{"allow":["GET"]}}],"collection":[{"href":"https:\/\/www.europesays.com\/no\/wp-json\/wp\/v2\/posts"}],"about":[{"href":"https:\/\/www.europesays.com\/no\/wp-json\/wp\/v2\/types\/post"}],"author":[{"embeddable":true,"href":"https:\/\/www.europesays.com\/no\/wp-json\/wp\/v2\/users\/2"}],"replies":[{"embeddable":true,"href":"https:\/\/www.europesays.com\/no\/wp-json\/wp\/v2\/comments?post=88135"}],"version-history":[{"count":0,"href":"https:\/\/www.europesays.com\/no\/wp-json\/wp\/v2\/posts\/88135\/revisions"}],"wp:featuredmedia":[{"embeddable":true,"href":"https:\/\/www.europesays.com\/no\/wp-json\/wp\/v2\/media\/88136"}],"wp:attachment":[{"href":"https:\/\/www.europesays.com\/no\/wp-json\/wp\/v2\/media?parent=88135"}],"wp:term":[{"taxonomy":"category","embeddable":true,"href":"https:\/\/www.europesays.com\/no\/wp-json\/wp\/v2\/categories?post=88135"},{"taxonomy":"post_tag","embeddable":true,"href":"https:\/\/www.europesays.com\/no\/wp-json\/wp\/v2\/tags?post=88135"}],"curies":[{"name":"wp","href":"https:\/\/api.w.org\/{rel}","templated":true}]}}