{"id":88156,"date":"2025-11-15T20:03:10","date_gmt":"2025-11-15T20:03:10","guid":{"rendered":"https:\/\/www.europesays.com\/no\/88156\/"},"modified":"2025-11-15T20:03:10","modified_gmt":"2025-11-15T20:03:10","slug":"glatte-veier-flere-steder-i-landet","status":"publish","type":"post","link":"https:\/\/www.europesays.com\/no\/88156\/","title":{"rendered":"Glatte veier flere steder i landet"},"content":{"rendered":"<p>  En rekke trafikkulykker mange steder p\u00e5 grunn av d\u00e5rlig v\u00e6r.<\/p>\n<p>\n    D\u00c5RLIG KJ\u00d8REFORHOLD: Det er meldt om d\u00e5rlige kj\u00f8reforhold flere steder i landet som her, p\u00e5 E8 Tverrforbindelsen vest, retning Gi\u00e6verbukta. Webkamera: Statens vegvesen\n  <\/p>\n<p><a href=\"https:\/\/www.dagbladet.no\/nyheter\/kraftig-snofokk-flere-steder-i-landet\/83855061\" target=\"_blank\" rel=\"nofollow noopener\">Flere steder i landet har l\u00f8rdag hatt krevende kj\u00f8reforhold.<\/a> Kraftig sn\u00f8fokk, nullf\u00f8re og islagte veier har f\u00f8rt til en rekke trafikkuhell gjennom dagen. Politiet melder om ulykker fra s\u00f8r til nord, og i Nordland, Troms og Finnmark er situasjonen s\u00e6rlig utfordrende.<\/p>\n<p>    <a itemprop=\"url\" href=\"https:\/\/www.dagbladet.no\/nyheter\/kraftig-snofokk-flere-steder-i-landet\/83855061\" rel=\"nofollow noopener\" target=\"_blank\"><\/p>\n<p>      <img loading=\"lazy\" decoding=\"async\" src=\"https:\/\/www.europesays.com\/no\/wp-content\/uploads\/2025\/11\/83855066.webp\" width=\"980\" height=\"441\" title=\"Kraftig sn\u00f8fokk flere steder i landet\" alt=\"\" class=\"lazyload\" style=\"--aspect-ratio-image: 2.22; \"\/><\/p>\n<p>        Kraftig sn\u00f8fokk flere steder i landet <\/p>\n<p>    <\/a><\/p>\n<p>Klokka 12.48 meldte politiet om et sammenst\u00f8t mellom tre biler. En bil skal ha kj\u00f8rt av veien, og da to andre biler stanset for \u00e5 bist\u00e5, skled en fjerde bil inn i de stillest\u00e5ende kj\u00f8ret\u00f8yene.<br \/>\nDet er ikke meldt om personskader.<\/p>\n<p>Noen timer senere kom melding om at en bil hadde kj\u00f8rt av veien p\u00e5 Senja. Politiet opplyser at f\u00f8rer og passasjer ble ivaretatt av helsepersonell p\u00e5 stedet.<\/p>\n<p>Odd-Helge Vekve i Bydrift i Troms\u00f8 kommune sier til <a href=\"https:\/\/www.nordlys.no\/bydrift-det-mest-utfordrende-foret-vi-har\/s\/5-34-2246595\" target=\"_blank\" rel=\"nofollow noopener\">Nordslys<\/a> at:\u00a0<\/p>\n<p>&#8211; Dette er noe av det mest utfordrende f\u00f8ret vi har, vi har alt av mannskaper ute og i br\u00f8yting.<\/p>\n<p>          <img loading=\"lazy\" decoding=\"async\" src=\"https:\/\/www.europesays.com\/no\/wp-content\/uploads\/2025\/11\/83857387.webp\" width=\"980\" height=\"559\" title=\"E6 Alta vest, retning K\u00e5fjord. Webkamera: Statens vegvesen\" alt=\"\" class=\"\" style=\"--aspect-ratio-image: 1.75; \"\/><\/p>\n<p>\n          E6 Alta vest, retning K\u00e5fjord. Webkamera: Statens vegvesen\n      <\/p>\n<p> Politiet melder ogs\u00e5 om en hendelse der to biler kolliderte, f\u00f8r en tredje bil kort tid etter kj\u00f8rte inn i de allerede involverte kj\u00f8ret\u00f8yene. Det er ikke meldt om personskader. Hendelsen skal ha skjedd i Troms\u00f8 sentrum.<\/p>\n<p>\u00a0&#8211; Det har v\u00e6rt en krevende dag p\u00e5 veiene, s\u00e6rlig i Nordland og Troms. Mannskaper har v\u00e6rt ute hele dagen i krevende v\u00e6r, der regn i lavlandet og sn\u00f8 i h\u00f8yden har skapt mye s\u00f8rpe, sludd og slaps, sier Siv S\u00f8rdal ved Vegtrafikksentralen nord til Dagbladet.<\/p>\n<p>        VOLDSOM KRASJ: Linda Heggen var p\u00e5 vei til jobb mellom V\u00e5ler og Moss i \u00d8stfold torsdag 13. november da hun fikk et sv\u00e6r ublidt m\u00f8te med elg. Reporter: Jostein Sletten \/ Dagbladet<\/p>\n<p> Klokka 17.21 meldte politiet i Finnmark om at en bil med to personer hadde kj\u00f8rt av veien i Nesseby. Bilen havnet helt ned i sj\u00f8en, og fikk store materielle skader. Begge de involverte kom seg ut og blir tatt h\u00e5nd om av helsepersonell. <\/p>\n<p>&#8211; Kj\u00f8r forsiktig og etter forholdene, og bruk god tid, sier S\u00f8rdal.<\/p>\n<p>Hun ber bilister vise hensyn til br\u00f8ytemannskap og minner om at man kan ringe p\u00e5 tlf.175 ved trafikale utfordringer.<\/p>\n<p>    <a itemprop=\"url\" href=\"https:\/\/www.dagbladet.no\/kjendis\/vi-anmelder-lat-for-lat\/83857098\" rel=\"nofollow noopener\" target=\"_blank\"><\/p>\n<p>      <img loading=\"lazy\" decoding=\"async\" src=\"https:\/\/www.europesays.com\/no\/wp-content\/uploads\/2025\/11\/83857125.webp\" width=\"980\" height=\"441\" title=\"Vi anmelder l\u00e5t for l\u00e5t\" alt=\"\" class=\"lazyload\" style=\"--aspect-ratio-image: 2.22; \"\/><\/p>\n<p>        Vi anmelder l\u00e5t for l\u00e5t<\/p>\n<p>    <\/a><\/p>\n<p>I Troms\u00f8 har en buss kj\u00f8rt av veien. Ingen personer skal v\u00e6re skadd, opplyser politiet.<\/p>\n<p>I Ramfjord er to biler og en trailer involvert i en trafikkulykke. En person er sendt til legevakten for unders\u00f8kelse. Totalt fem perosner skal ha v\u00e6rt involvert i kj\u00f8ret\u00f8yene.\u00a0<\/p>\n<p> \u00c5rsaken til ulykken er at en bil kj\u00f8rte inn i en trailer. Like etter kom en ny bil og gjorde det samme. <\/p>\n<p>Klokka 20.23 melder politiet om enda en trafikk ulykke i Troms\u00f8. To biler har kollidert i en rundkj\u00f8ring. Ett barn blir sendt til legevakt med ambulanse.<\/p>\n","protected":false},"excerpt":{"rendered":"En rekke trafikkulykker mange steder p\u00e5 grunn av d\u00e5rlig v\u00e6r. D\u00c5RLIG KJ\u00d8REFORHOLD: Det er meldt om d\u00e5rlige kj\u00f8reforhold&hellip;\n","protected":false},"author":2,"featured_media":88157,"comment_status":"","ping_status":"","sticky":false,"template":"","format":"standard","meta":{"footnotes":""},"categories":[5],"tags":[20,21,24,25,15,19,2539,22,23,17,18,13,30,28,29,14,16,26,27],"class_list":{"0":"post-88156","1":"post","2":"type-post","3":"status-publish","4":"format-standard","5":"has-post-thumbnail","7":"category-overskrifter","8":"tag-breaking-news","9":"tag-breakingnews","10":"tag-featured-news","11":"tag-featurednews","12":"tag-headlines","13":"tag-hovedoppslag","14":"tag-innenriks","15":"tag-latest-news","16":"tag-latestnews","17":"tag-main-news","18":"tag-mainnews","19":"tag-news","20":"tag-no","21":"tag-norge","22":"tag-norway","23":"tag-nyheter","24":"tag-overskrifter","25":"tag-top-stories","26":"tag-topstories"},"share_on_mastodon":{"url":"https:\/\/pubeurope.com\/@no\/115555506925325789","error":""},"_links":{"self":[{"href":"https:\/\/www.europesays.com\/no\/wp-json\/wp\/v2\/posts\/88156","targetHints":{"allow":["GET"]}}],"collection":[{"href":"https:\/\/www.europesays.com\/no\/wp-json\/wp\/v2\/posts"}],"about":[{"href":"https:\/\/www.europesays.com\/no\/wp-json\/wp\/v2\/types\/post"}],"author":[{"embeddable":true,"href":"https:\/\/www.europesays.com\/no\/wp-json\/wp\/v2\/users\/2"}],"replies":[{"embeddable":true,"href":"https:\/\/www.europesays.com\/no\/wp-json\/wp\/v2\/comments?post=88156"}],"version-history":[{"count":0,"href":"https:\/\/www.europesays.com\/no\/wp-json\/wp\/v2\/posts\/88156\/revisions"}],"wp:featuredmedia":[{"embeddable":true,"href":"https:\/\/www.europesays.com\/no\/wp-json\/wp\/v2\/media\/88157"}],"wp:attachment":[{"href":"https:\/\/www.europesays.com\/no\/wp-json\/wp\/v2\/media?parent=88156"}],"wp:term":[{"taxonomy":"category","embeddable":true,"href":"https:\/\/www.europesays.com\/no\/wp-json\/wp\/v2\/categories?post=88156"},{"taxonomy":"post_tag","embeddable":true,"href":"https:\/\/www.europesays.com\/no\/wp-json\/wp\/v2\/tags?post=88156"}],"curies":[{"name":"wp","href":"https:\/\/api.w.org\/{rel}","templated":true}]}}